{"id":17949,"date":"2026-05-01T23:25:51","date_gmt":"2026-05-02T02:25:51","guid":{"rendered":"https:\/\/oasisfm935.com.ar\/site\/?p=17949"},"modified":"2026-05-01T23:25:51","modified_gmt":"2026-05-02T02:25:51","slug":"ingeniero-luiggi-incendio-en-un-camion-sobre-ruta-2-y-9","status":"publish","type":"post","link":"https:\/\/oasisfm935.com.ar\/site\/ingeniero-luiggi-incendio-en-un-camion-sobre-ruta-2-y-9\/","title":{"rendered":"INGENIERO LUIGGI: INCENDIO EN UN CAMI\u00d3N SOBRE RUTA 2 Y 9"},"content":{"rendered":"<p>&nbsp;<\/p>\n<p>Este viernes alrededor de las 20:00 horas, se recibi\u00f3 el llamado de un vecino alertando sobre un principio de incendio en un cami\u00f3n en la intersecci\u00f3n de las rutas 2 y 9.<\/p>\n<p>Seg\u00fan la informaci\u00f3n, el foco \u00edgneo se habr\u00eda originado en una de las masas traseras del acoplado, que comenz\u00f3 a prenderse fuego.<\/p>\n<p>Gracias a la r\u00e1pida intervenci\u00f3n de un vecino, quien aport\u00f3 un extintor, se logr\u00f3 controlar las llamas en una primera instancia. Posteriormente, personal de Bomberos Voluntarios acudi\u00f3 al lugar, realizando tareas de enfriamiento y asegurando la escena para evitar que el fuego se reavivara.<\/p>\n<p>Afortunadamente, la situaci\u00f3n fue controlada sin que se registraran mayores da\u00f1os.<\/p>\n<div class=\"oasis-despues-del-contenido\" id=\"oasis-1530624099\"><img loading=\"lazy\" decoding=\"async\" src=\"https:\/\/oasisfm935.com.ar\/site\/wp-content\/uploads\/2020\/08\/47806202-8741-49f2-a5c9-d2f930e5baa1.jpg\" alt=\"\"  srcset=\"https:\/\/oasisfm935.com.ar\/site\/wp-content\/uploads\/2020\/08\/47806202-8741-49f2-a5c9-d2f930e5baa1.jpg 1080w, https:\/\/oasisfm935.com.ar\/site\/wp-content\/uploads\/2020\/08\/47806202-8741-49f2-a5c9-d2f930e5baa1-300x300.jpg 300w, https:\/\/oasisfm935.com.ar\/site\/wp-content\/uploads\/2020\/08\/47806202-8741-49f2-a5c9-d2f930e5baa1-1024x1024.jpg 1024w, https:\/\/oasisfm935.com.ar\/site\/wp-content\/uploads\/2020\/08\/47806202-8741-49f2-a5c9-d2f930e5baa1-150x150.jpg 150w, https:\/\/oasisfm935.com.ar\/site\/wp-content\/uploads\/2020\/08\/47806202-8741-49f2-a5c9-d2f930e5baa1-768x768.jpg 768w\" sizes=\"(max-width: 1080px) 100vw, 1080px\" class=\"no-lazyload\" width=\"1080\" height=\"1080\"  style=\"display: inline-block;\" \/><\/div>","protected":false},"excerpt":{"rendered":"<p>&nbsp; Este viernes alrededor de las 20:00 horas, se recibi\u00f3 el llamado de un vecino alertando sobre un principio de incendio en<\/p>\n","protected":false},"author":4,"featured_media":17950,"comment_status":"closed","ping_status":"open","sticky":false,"template":"","format":"standard","meta":{"colormag_page_layout":"default_layout","footnotes":""},"categories":[2],"tags":[],"class_list":["post-17949","post","type-post","status-publish","format-standard","has-post-thumbnail","hentry","category-noticias"],"_links":{"self":[{"href":"https:\/\/oasisfm935.com.ar\/site\/wp-json\/wp\/v2\/posts\/17949","targetHints":{"allow":["GET"]}}],"collection":[{"href":"https:\/\/oasisfm935.com.ar\/site\/wp-json\/wp\/v2\/posts"}],"about":[{"href":"https:\/\/oasisfm935.com.ar\/site\/wp-json\/wp\/v2\/types\/post"}],"author":[{"embeddable":true,"href":"https:\/\/oasisfm935.com.ar\/site\/wp-json\/wp\/v2\/users\/4"}],"replies":[{"embeddable":true,"href":"https:\/\/oasisfm935.com.ar\/site\/wp-json\/wp\/v2\/comments?post=17949"}],"version-history":[{"count":1,"href":"https:\/\/oasisfm935.com.ar\/site\/wp-json\/wp\/v2\/posts\/17949\/revisions"}],"predecessor-version":[{"id":17951,"href":"https:\/\/oasisfm935.com.ar\/site\/wp-json\/wp\/v2\/posts\/17949\/revisions\/17951"}],"wp:featuredmedia":[{"embeddable":true,"href":"https:\/\/oasisfm935.com.ar\/site\/wp-json\/wp\/v2\/media\/17950"}],"wp:attachment":[{"href":"https:\/\/oasisfm935.com.ar\/site\/wp-json\/wp\/v2\/media?parent=17949"}],"wp:term":[{"taxonomy":"category","embeddable":true,"href":"https:\/\/oasisfm935.com.ar\/site\/wp-json\/wp\/v2\/categories?post=17949"},{"taxonomy":"post_tag","embeddable":true,"href":"https:\/\/oasisfm935.com.ar\/site\/wp-json\/wp\/v2\/tags?post=17949"}],"curies":[{"name":"wp","href":"https:\/\/api.w.org\/{rel}","templated":true}]}}