{"id":1804,"date":"2019-05-16T09:31:01","date_gmt":"2019-05-16T12:31:01","guid":{"rendered":"http:\/\/oasisfm935.com\/site\/?p=1804"},"modified":"2019-05-16T09:31:01","modified_gmt":"2019-05-16T12:31:01","slug":"kroneberger-lucharemos-contra-la-droga-en-la-pampa","status":"publish","type":"post","link":"https:\/\/oasisfm935.com.ar\/site\/kroneberger-lucharemos-contra-la-droga-en-la-pampa\/","title":{"rendered":"Kroneberger: \u201cLucharemos contra la droga en La Pampa\u201d"},"content":{"rendered":"<p>El candidato a gobernador por Cambiemos,\u00a0Daniel Kroneberger, sostuvo que \u201cluchar\u00e1 contra las drogas\u201d en La Pampa porque \u201cno hay pueblo donde no est\u00e9 instalada\u201d esta problem\u00e1tica social.<\/p>\n<p>\u201cComo pol\u00edtica de Estado<strong>\u00a0debemos trabajar fuertemente en combatir el consumo de sustancias fundamentalmente en nuestros j\u00f3venes<\/strong>, teniendo en cuenta que adem\u00e1s de las consecuencias que acarrea para la salud tal problem\u00e1tica potencia la comisi\u00f3n de otros il\u00edcitos penales\u201d, consider\u00f3.<\/p>\n<p>Dijo que \u201cno hay pueblo\u201d donde este flagelo no este instalado y propuso adherir a la Ley\u00a0 Nacional N.\u00ba 26052 conocida como Narcomenudeo.<\/p>\n<p>Plante\u00f3 que para que la adhesi\u00f3n a la ley tenga \u00e9xito deber\u00e1 adoptarse las siguientes medidas en una primera etapa:<\/p>\n<p>\u2013\u00a0 Creaci\u00f3n en el \u00e1mbito del Ministerio Publico Fiscal las correspondientes Fiscal\u00edas Tem\u00e1ticas con sus correspondientes Fiscales, adjuntos, secretario y administrativos.<\/p>\n<p>\u2013 Creaci\u00f3n en la Polic\u00eda Cient\u00edfica de un \u00e1mbito tem\u00e1tico especifico con personal Policial y t\u00e9cnico adecuadamente formado.<\/p>\n<p>\u2013 Capacitaciones en la materia para el personal judicial y policial.<\/p>\n<p>\u2013 Asignaci\u00f3n espec\u00edfica del\u00a0 organismo encargado de la destrucci\u00f3n de drogas, dem\u00e1s elementos e instrumentos secuestrados.<\/p>\n<p><b>Prevenci\u00f3n<\/b><strong>\u00a0contra las adicciones<\/strong><\/p>\n<p>\u2013 Capacitaci\u00f3n en materia de adicciones al personal de los establecimientos de salud, fuerzas de seguridad\u00a0 y todos aquellos organismos provinciales que atiendan situaciones de emergencia, que permita al personal detectar la adicci\u00f3n y adoptar aquellas medidas necesarias para la atenci\u00f3n del adicto. Se deber\u00e1 trabajar en forma mancomunada con los distintos organismos, que permita verificar las medidas llevadas a cabo y los resultados de los tratamientos.<\/p>\n<p>-Trabajar en estrategias de prevenci\u00f3n en las escuelas , en donde se incluya no solo a los alumnos, sino tambi\u00e9n a los diferentes agentes que conforman el sistema educativo (directivos, padres y docentes). Sostenemos que la prevenci\u00f3n debe estar fundada sobre la formaci\u00f3n de valores y en la importancia de adquirir herramientas y recursos personales que favorezcan el desarrollo de una personalidad madura. Es necesario y resulta de mayor eficacia implementar el programa en las escuelas secundarias, ya que en esta etapa evolutiva, los j\u00f3venes transitan un per\u00edodo de reidentificaci\u00f3n y reestructuraci\u00f3n de su personalidad. A los padres o adultos responsables del menor tambi\u00e9n hay que educarlos contemplando los cambios significativos de los j\u00f3venes y la b\u00fasqueda de modelos de identificaci\u00f3n. Es necesario entender a la adicci\u00f3n como una problem\u00e1tica que surge dentro de un sistema disfuncional, con canales de comunicaci\u00f3n alterados, roles poco claros y l\u00edmites indefinidos.<\/p>\n<p>&nbsp;<\/p>\n<p><b>Recuperaci\u00f3n<\/b><strong>\u00a0y\u00a0<\/strong><b>rehabilitaci\u00f3n<\/b><\/p>\n<p>\u2013 Proponemos\u00a0 trabajar\u00a0 desde la etapa inicial del tratamiento con el adicto y su familia, tal inclusi\u00f3n de su red primaria es requisito fundamental del encuadre.<\/p>\n<div class=\"oasis-despues-del-contenido\" id=\"oasis-3221174713\"><img loading=\"lazy\" decoding=\"async\" src=\"https:\/\/oasisfm935.com.ar\/site\/wp-content\/uploads\/2020\/08\/47806202-8741-49f2-a5c9-d2f930e5baa1.jpg\" alt=\"\"  srcset=\"https:\/\/oasisfm935.com.ar\/site\/wp-content\/uploads\/2020\/08\/47806202-8741-49f2-a5c9-d2f930e5baa1.jpg 1080w, https:\/\/oasisfm935.com.ar\/site\/wp-content\/uploads\/2020\/08\/47806202-8741-49f2-a5c9-d2f930e5baa1-300x300.jpg 300w, https:\/\/oasisfm935.com.ar\/site\/wp-content\/uploads\/2020\/08\/47806202-8741-49f2-a5c9-d2f930e5baa1-1024x1024.jpg 1024w, https:\/\/oasisfm935.com.ar\/site\/wp-content\/uploads\/2020\/08\/47806202-8741-49f2-a5c9-d2f930e5baa1-150x150.jpg 150w, https:\/\/oasisfm935.com.ar\/site\/wp-content\/uploads\/2020\/08\/47806202-8741-49f2-a5c9-d2f930e5baa1-768x768.jpg 768w\" sizes=\"(max-width: 1080px) 100vw, 1080px\" class=\"no-lazyload\" width=\"1080\" height=\"1080\"  style=\"display: inline-block;\" \/><\/div>","protected":false},"excerpt":{"rendered":"<p>El candidato a gobernador por Cambiemos,\u00a0Daniel Kroneberger, sostuvo que \u201cluchar\u00e1 contra las drogas\u201d en La Pampa porque \u201cno hay pueblo donde no<\/p>\n","protected":false},"author":4,"featured_media":1805,"comment_status":"closed","ping_status":"open","sticky":false,"template":"","format":"standard","meta":{"colormag_page_layout":"default_layout","footnotes":""},"categories":[2],"tags":[],"class_list":["post-1804","post","type-post","status-publish","format-standard","has-post-thumbnail","hentry","category-noticias"],"_links":{"self":[{"href":"https:\/\/oasisfm935.com.ar\/site\/wp-json\/wp\/v2\/posts\/1804","targetHints":{"allow":["GET"]}}],"collection":[{"href":"https:\/\/oasisfm935.com.ar\/site\/wp-json\/wp\/v2\/posts"}],"about":[{"href":"https:\/\/oasisfm935.com.ar\/site\/wp-json\/wp\/v2\/types\/post"}],"author":[{"embeddable":true,"href":"https:\/\/oasisfm935.com.ar\/site\/wp-json\/wp\/v2\/users\/4"}],"replies":[{"embeddable":true,"href":"https:\/\/oasisfm935.com.ar\/site\/wp-json\/wp\/v2\/comments?post=1804"}],"version-history":[{"count":1,"href":"https:\/\/oasisfm935.com.ar\/site\/wp-json\/wp\/v2\/posts\/1804\/revisions"}],"predecessor-version":[{"id":1806,"href":"https:\/\/oasisfm935.com.ar\/site\/wp-json\/wp\/v2\/posts\/1804\/revisions\/1806"}],"wp:featuredmedia":[{"embeddable":true,"href":"https:\/\/oasisfm935.com.ar\/site\/wp-json\/wp\/v2\/media\/1805"}],"wp:attachment":[{"href":"https:\/\/oasisfm935.com.ar\/site\/wp-json\/wp\/v2\/media?parent=1804"}],"wp:term":[{"taxonomy":"category","embeddable":true,"href":"https:\/\/oasisfm935.com.ar\/site\/wp-json\/wp\/v2\/categories?post=1804"},{"taxonomy":"post_tag","embeddable":true,"href":"https:\/\/oasisfm935.com.ar\/site\/wp-json\/wp\/v2\/tags?post=1804"}],"curies":[{"name":"wp","href":"https:\/\/api.w.org\/{rel}","templated":true}]}}