{"id":1807,"date":"2019-05-16T16:13:17","date_gmt":"2019-05-16T19:13:17","guid":{"rendered":"http:\/\/oasisfm935.com\/site\/?p=1807"},"modified":"2019-05-16T16:14:43","modified_gmt":"2019-05-16T19:14:43","slug":"ziliotto-cristina-mide-arriba-de-los-50-puntos-en-la-pampa","status":"publish","type":"post","link":"https:\/\/oasisfm935.com.ar\/site\/ziliotto-cristina-mide-arriba-de-los-50-puntos-en-la-pampa\/","title":{"rendered":"Ziliotto: Cristina \u201cmide arriba de los 50 puntos\u201d en La Pampa"},"content":{"rendered":"<p>El candidato a gobernador por el Frente Justicialista Pampeano,<strong>\u00a0Sergio Ziliotto<\/strong>, dijo que la expresidenta<strong>\u00a0Cristina Fern\u00e1ndez<\/strong>\u00a0mide \u201carriba de los 50 puntos\u201d en La Pampa.<\/p>\n<p><strong>\u201cCristina mide m\u00e1s de 50 puntos en La Pampa: no fue magia, Macri lo hizo\u201d<\/strong>, sostuvo.<strong>\u00bfCu\u00e1nto mide Mauricio Macri? No lo dijo, pero Diario Textual pudo saber que las encuestas que maneja el partido del Gobierno no supera los 15 puntos.<\/strong><\/p>\n<p>&nbsp;<\/p>\n<p>\u201cMacri ha tenido pol\u00edticas nefastas y ha provocado que en La Pampa muchos est\u00e9n en situaci\u00f3n de pobreza\u201d, dijo en declaraciones al programa<strong>\u00a0\u201cNavarro 2019\u201d por El Destape Radio<\/strong>.\u00a0\u201cLa gente cuando est\u00e1 mal lo primero que hace es mirar para atr\u00e1s a cuando estaba bien\u201d, profundiz\u00f3.<\/p>\n<p>&nbsp;<\/p>\n<p>Tambi\u00e9n dijo que el peronismo derrotar\u00e1 a Leandro Altolaguirre en la intendencia capitalina. \u201cDesde el justicialismo necesitamos dar esperanza\u201d, dijo. \u201cVamos a recuperar la ciudad de Santa Rosa\u201d.<\/p>\n<p>Este domingo se realizar\u00e1n las elecciones generales en La Pampa, en donde Ziliotto enfrentar\u00e1 al candidato de Cambiemos, el radical Daniel Kronenberger, que derrot\u00f3 en marzo a Carlos Mac Allister, candidato de la Casa Rosada, en la interna.<\/p>\n<div class=\"oasis-despues-del-contenido\" id=\"oasis-3117321595\"><img loading=\"lazy\" decoding=\"async\" src=\"https:\/\/oasisfm935.com.ar\/site\/wp-content\/uploads\/2020\/08\/47806202-8741-49f2-a5c9-d2f930e5baa1.jpg\" alt=\"\"  srcset=\"https:\/\/oasisfm935.com.ar\/site\/wp-content\/uploads\/2020\/08\/47806202-8741-49f2-a5c9-d2f930e5baa1.jpg 1080w, https:\/\/oasisfm935.com.ar\/site\/wp-content\/uploads\/2020\/08\/47806202-8741-49f2-a5c9-d2f930e5baa1-300x300.jpg 300w, https:\/\/oasisfm935.com.ar\/site\/wp-content\/uploads\/2020\/08\/47806202-8741-49f2-a5c9-d2f930e5baa1-1024x1024.jpg 1024w, https:\/\/oasisfm935.com.ar\/site\/wp-content\/uploads\/2020\/08\/47806202-8741-49f2-a5c9-d2f930e5baa1-150x150.jpg 150w, https:\/\/oasisfm935.com.ar\/site\/wp-content\/uploads\/2020\/08\/47806202-8741-49f2-a5c9-d2f930e5baa1-768x768.jpg 768w\" sizes=\"(max-width: 1080px) 100vw, 1080px\" class=\"no-lazyload\" width=\"1080\" height=\"1080\"  style=\"display: inline-block;\" \/><\/div>","protected":false},"excerpt":{"rendered":"<p>El candidato a gobernador por el Frente Justicialista Pampeano,\u00a0Sergio Ziliotto, dijo que la expresidenta\u00a0Cristina Fern\u00e1ndez\u00a0mide \u201carriba de los 50 puntos\u201d en La<\/p>\n","protected":false},"author":4,"featured_media":1743,"comment_status":"closed","ping_status":"open","sticky":false,"template":"","format":"standard","meta":{"colormag_page_layout":"default_layout","footnotes":""},"categories":[2],"tags":[],"class_list":["post-1807","post","type-post","status-publish","format-standard","has-post-thumbnail","hentry","category-noticias"],"_links":{"self":[{"href":"https:\/\/oasisfm935.com.ar\/site\/wp-json\/wp\/v2\/posts\/1807","targetHints":{"allow":["GET"]}}],"collection":[{"href":"https:\/\/oasisfm935.com.ar\/site\/wp-json\/wp\/v2\/posts"}],"about":[{"href":"https:\/\/oasisfm935.com.ar\/site\/wp-json\/wp\/v2\/types\/post"}],"author":[{"embeddable":true,"href":"https:\/\/oasisfm935.com.ar\/site\/wp-json\/wp\/v2\/users\/4"}],"replies":[{"embeddable":true,"href":"https:\/\/oasisfm935.com.ar\/site\/wp-json\/wp\/v2\/comments?post=1807"}],"version-history":[{"count":1,"href":"https:\/\/oasisfm935.com.ar\/site\/wp-json\/wp\/v2\/posts\/1807\/revisions"}],"predecessor-version":[{"id":1808,"href":"https:\/\/oasisfm935.com.ar\/site\/wp-json\/wp\/v2\/posts\/1807\/revisions\/1808"}],"wp:featuredmedia":[{"embeddable":true,"href":"https:\/\/oasisfm935.com.ar\/site\/wp-json\/wp\/v2\/media\/1743"}],"wp:attachment":[{"href":"https:\/\/oasisfm935.com.ar\/site\/wp-json\/wp\/v2\/media?parent=1807"}],"wp:term":[{"taxonomy":"category","embeddable":true,"href":"https:\/\/oasisfm935.com.ar\/site\/wp-json\/wp\/v2\/categories?post=1807"},{"taxonomy":"post_tag","embeddable":true,"href":"https:\/\/oasisfm935.com.ar\/site\/wp-json\/wp\/v2\/tags?post=1807"}],"curies":[{"name":"wp","href":"https:\/\/api.w.org\/{rel}","templated":true}]}}