{"id":1809,"date":"2019-05-16T16:43:23","date_gmt":"2019-05-16T19:43:23","guid":{"rendered":"http:\/\/oasisfm935.com\/site\/?p=1809"},"modified":"2019-05-16T16:43:23","modified_gmt":"2019-05-16T19:43:23","slug":"frigerio-dejo-abierta-la-posibilidad-de-que-macri-vaya-a-una-paso","status":"publish","type":"post","link":"https:\/\/oasisfm935.com.ar\/site\/frigerio-dejo-abierta-la-posibilidad-de-que-macri-vaya-a-una-paso\/","title":{"rendered":"Frigerio dej\u00f3 abierta la posibilidad de que Macri vaya a una PASO"},"content":{"rendered":"<p>El ministro del Interior se refiri\u00f3 a los dichos de Alfredo Cornejo sobre la posibilidad de que el Presidente no compita en las elecciones.<\/p>\n<p>Rogelio Frigerio destac\u00f3 la necesidad de que Cambiemos ampl\u00ede su base pol\u00edtica y dej\u00f3 abierta la posibilidad de que Mauricio Macri vaya a una PASO. \u00abEl presidente va a hacer lo mejor para la Argentina, va a analizar el escenario con los socios de Cambiemos y no va a poner los personalismos por encima de las decisiones\u00bb, dijo el ministro del Interior.<\/p>\n<p>Al referirse al pedido del radical Alfredo Cornejo de ampliar el poder pol\u00edtico de la coalici\u00f3n gubernamental, Frigerio asegur\u00f3: \u00abHoy tuvimos una reuni\u00f3n habitual, con (Marcos) Pe\u00f1a y los gobernadores. Este tema se discuti\u00f3. Creo que hay que ampliar la base de sustentaci\u00f3n pol\u00edtica de un espacio sin mucha fuerza en el Parlamento ni entre los gobernadores. Para gobernar mejor se necesita m\u00e1s volumen\u00bb.<\/p>\n<p>\u00abNo es usual que dentro de un espacio le hagan una interna al Presidente. Pero lo que planteamos es que est\u00e1n abiertas todas las posiblidades, sobre todo tambi\u00e9n la ampliaci\u00f3n de nuestro espacio. A m\u00ed hasta me parece necesario el trabajo de ampliaci\u00f3n de la base de sustentaci\u00f3n pol\u00edtica de Cambiemos. Veremos c\u00f3mo se resuelve eso desde el punto de vista operativo, si con unas PASO, si sumando dirigentes a Cambiemos o ampliando Cambiemos. Todav\u00eda no est\u00e1 claro eso, a\u00fan hay tiempo\u00bb, coment\u00f3.<\/p>\n<p><strong>&#8211; \u00bfMacri ir\u00eda a unas PASO?, pregunt\u00f3 Viviana Canosa, la conductora de \u00abNada Personal\u00bb (Canal Nueve).<\/strong><br \/>\n&#8211; Macri va a hacer lo mejor para la Argentina, y eso incluye cualquier cosa. Va a hacer lo m\u00e1s inteligente para no volver al pasado.<\/p>\n<p><strong>&#8211; \u00bfMacri puede dar un paso al costado y decir \u00abvaya otro, no yo\u00bb?<\/strong><br \/>\n&#8211; Si Macri, y el espacio, entiende que hay alguien mejor para el electorado, que asegura que el esfuerzo por el pa\u00eds tiene un candidato mejor, seguramente \u00e9l lo analice \u2014respondi\u00f3 Frigerio\u2014, \u00bfpor qu\u00e9 no?<\/p>\n<p><strong>&#8211; \u00bfMacri tendr\u00eda el gesto de grandeza&#8230;?<\/strong><br \/>\n&#8211; Pero por supuesto. \u00bfVos te pens\u00e1s que Macri est\u00e1 en la pol\u00edtica porque no tiene nada mejor que hacer? \u00c9l est\u00e1 en la pol\u00edtica porque, en 2015, piensa que la Argentina necesita otra cosa. Por supuesto que hay consolidarlo.<\/p>\n<p>\u00abImpedimos que Argentina se transformara en Venezuela, le dijimos al populismo que no tiene m\u00e1s cabida en el pa\u00eds\u00bb, expres\u00f3 Frigerio, que reconoci\u00f3 tambi\u00e9n \u00abalgunos errores\u00bb.<\/p>\n<p>\u00abPor ejemplo, subestimamos algunos problemas, como la inflaci\u00f3n. Cre\u00edamos que pod\u00edamos resolver r\u00e1pido ese problema, que lleva setenta a\u00f1os en la Argentina. No son problemas nuevos&#8230; Cada tanto tenemos recesi\u00f3n, el problema del d\u00f3lar no son de ahora\u00bb, describi\u00f3.<\/p>\n<p>Y concluy\u00f3: \u00abPor primera vez estamos aplicando recetas distintas a las de los \u00faltimos 70 a\u00f1os. Estamos intentando de cambiar de problemas. Son caminos dolorosos, complejos y duros, pero creemos que van a resolver los problemas estructurales de la Argentina\u00bb.<\/p>\n<div class=\"oasis-despues-del-contenido\" id=\"oasis-3960116018\"><img loading=\"lazy\" decoding=\"async\" src=\"https:\/\/oasisfm935.com.ar\/site\/wp-content\/uploads\/2020\/08\/47806202-8741-49f2-a5c9-d2f930e5baa1.jpg\" alt=\"\"  srcset=\"https:\/\/oasisfm935.com.ar\/site\/wp-content\/uploads\/2020\/08\/47806202-8741-49f2-a5c9-d2f930e5baa1.jpg 1080w, https:\/\/oasisfm935.com.ar\/site\/wp-content\/uploads\/2020\/08\/47806202-8741-49f2-a5c9-d2f930e5baa1-300x300.jpg 300w, https:\/\/oasisfm935.com.ar\/site\/wp-content\/uploads\/2020\/08\/47806202-8741-49f2-a5c9-d2f930e5baa1-1024x1024.jpg 1024w, https:\/\/oasisfm935.com.ar\/site\/wp-content\/uploads\/2020\/08\/47806202-8741-49f2-a5c9-d2f930e5baa1-150x150.jpg 150w, https:\/\/oasisfm935.com.ar\/site\/wp-content\/uploads\/2020\/08\/47806202-8741-49f2-a5c9-d2f930e5baa1-768x768.jpg 768w\" sizes=\"(max-width: 1080px) 100vw, 1080px\" class=\"no-lazyload\" width=\"1080\" height=\"1080\"  style=\"display: inline-block;\" \/><\/div>","protected":false},"excerpt":{"rendered":"<p>El ministro del Interior se refiri\u00f3 a los dichos de Alfredo Cornejo sobre la posibilidad de que el Presidente no compita en<\/p>\n","protected":false},"author":4,"featured_media":1810,"comment_status":"closed","ping_status":"open","sticky":false,"template":"","format":"standard","meta":{"colormag_page_layout":"default_layout","footnotes":""},"categories":[2],"tags":[],"class_list":["post-1809","post","type-post","status-publish","format-standard","has-post-thumbnail","hentry","category-noticias"],"_links":{"self":[{"href":"https:\/\/oasisfm935.com.ar\/site\/wp-json\/wp\/v2\/posts\/1809","targetHints":{"allow":["GET"]}}],"collection":[{"href":"https:\/\/oasisfm935.com.ar\/site\/wp-json\/wp\/v2\/posts"}],"about":[{"href":"https:\/\/oasisfm935.com.ar\/site\/wp-json\/wp\/v2\/types\/post"}],"author":[{"embeddable":true,"href":"https:\/\/oasisfm935.com.ar\/site\/wp-json\/wp\/v2\/users\/4"}],"replies":[{"embeddable":true,"href":"https:\/\/oasisfm935.com.ar\/site\/wp-json\/wp\/v2\/comments?post=1809"}],"version-history":[{"count":1,"href":"https:\/\/oasisfm935.com.ar\/site\/wp-json\/wp\/v2\/posts\/1809\/revisions"}],"predecessor-version":[{"id":1811,"href":"https:\/\/oasisfm935.com.ar\/site\/wp-json\/wp\/v2\/posts\/1809\/revisions\/1811"}],"wp:featuredmedia":[{"embeddable":true,"href":"https:\/\/oasisfm935.com.ar\/site\/wp-json\/wp\/v2\/media\/1810"}],"wp:attachment":[{"href":"https:\/\/oasisfm935.com.ar\/site\/wp-json\/wp\/v2\/media?parent=1809"}],"wp:term":[{"taxonomy":"category","embeddable":true,"href":"https:\/\/oasisfm935.com.ar\/site\/wp-json\/wp\/v2\/categories?post=1809"},{"taxonomy":"post_tag","embeddable":true,"href":"https:\/\/oasisfm935.com.ar\/site\/wp-json\/wp\/v2\/tags?post=1809"}],"curies":[{"name":"wp","href":"https:\/\/api.w.org\/{rel}","templated":true}]}}