{"id":1813,"date":"2019-05-17T12:29:54","date_gmt":"2019-05-17T15:29:54","guid":{"rendered":"http:\/\/oasisfm935.com\/site\/?p=1813"},"modified":"2019-05-17T12:29:54","modified_gmt":"2019-05-17T15:29:54","slug":"el-intendente-resio-fue-acusado-de-sacar-un-arma-y-disparar-fue-detenido","status":"publish","type":"post","link":"https:\/\/oasisfm935.com.ar\/site\/el-intendente-resio-fue-acusado-de-sacar-un-arma-y-disparar-fue-detenido\/","title":{"rendered":"El intendente Resio fue acusado de sacar un arma y disparar: fue detenido"},"content":{"rendered":"<p>El presidente de la comisi\u00f3n de fomento de Quetrequ\u00e9n,<strong>\u00a0Juan Pablo Resio<\/strong>, fue\u00a0<strong>detenido en la ma\u00f1ana de este viernes<\/strong>\u00a0en la ciudad de R\u00edo Cuarto, C\u00f3rdoba.\u00a0<strong>\u00bfLas razones? Seg\u00fan ha trascendido, habr\u00eda intentado evitar un robo, sac\u00f3 un arma y dispar\u00f3. Ahora podr\u00eda ser acusado de intento de homicidio.<\/strong><\/p>\n<p><a href=\"http:\/\/oasisfm935.com\/site\/wp-content\/uploads\/2019\/05\/quetrequendetenidoresio566-1.jpg\"><img loading=\"lazy\" decoding=\"async\" class=\"alignnone size-full wp-image-1815\" src=\"http:\/\/oasisfm935.com\/site\/wp-content\/uploads\/2019\/05\/quetrequendetenidoresio566-1.jpg\" alt=\"\" width=\"765\" height=\"412\" srcset=\"https:\/\/oasisfm935.com.ar\/site\/wp-content\/uploads\/2019\/05\/quetrequendetenidoresio566-1.jpg 765w, https:\/\/oasisfm935.com.ar\/site\/wp-content\/uploads\/2019\/05\/quetrequendetenidoresio566-1-300x162.jpg 300w\" sizes=\"auto, (max-width: 765px) 100vw, 765px\" \/><\/a><\/p>\n<p>&nbsp;<\/p>\n<p>&nbsp;<\/p>\n<p>El hecho sucedi\u00f3 cerca de las 6 de la ma\u00f1ana en el boulevard Roca de R\u00edo Cuarto. En ese momento, una mujer -que estar\u00eda en situaci\u00f3n de prostituci\u00f3n- se baj\u00f3 de la camioneta Renault Oroch, de la comisi\u00f3n de fomento, e intent\u00f3 tomar un taxi. Llevaba dinero, presuntamente robado de la camioneta.<\/p>\n<p>Una de las dos personas de la pickup -uno de ellos Resio-\u00a0 comenz\u00f3 a disparar con un arma de fuego contra el asfalto. De ese modo intent\u00f3 la devoluci\u00f3n del dinero, seg\u00fan public\u00f3 la radio cordobesa LV 6.<\/p>\n<p>El taxista sufri\u00f3 la amenaza de estos hombres: lo habr\u00edan violentaron con el arma de fuego. El conductor del taxi fue el que alert\u00f3 a los uniformados.<\/p>\n<p>La Polic\u00eda se present\u00f3 r\u00e1pidamente en el lugar, donde detuvo a Resio, el actual jefe comunal que va por la reelecci\u00f3n este domingo.<\/p>\n<p>En el lugar fue secuestrado una pistola Bersa calibre 22 largo y el Renault Oroch\u00a0identificado con el escudo de la Comisi\u00f3n de Fomento de Quetrequ\u00e9n.<\/p>\n<p>No es la primera vez que el jefe comunal de Quetrequ\u00e9n se ve involucrado en un incidente. En el a\u00f1o 2007,\u00a0 oportunidad en la que\u00a0<strong>Resio se hallaba acomodando mercader\u00eda en la puerta trasera, del lado del conductor de su veh\u00edculo, fue embestido por otro veh\u00edculo que era conducido por Ra\u00fal Fernando G\u00f3mez.<\/strong><\/p>\n<p>Como consecuencia del impacto, la camioneta se desplaz\u00f3 y subi\u00f3 a la vereda. \u201cCuando Resio intent\u00f3 reponerse, fue abordado por G\u00f3mez, que descendi\u00f3 de su rodado y al advertir que aqu\u00e9l se pon\u00eda de pie,\u00a0<strong>regres\u00f3 nuevamente al Logan, tom\u00f3 un cuchillo que se hallaba en la puerta delantera y regres\u00f3 con el fin de agredir a la v\u00edctima<\/strong>. Luego de un forcejeo, logr\u00f3 asestarle una pu\u00f1alada en el cuerpo \u2013a la altura del pecho\u2013, haciendo que perdiera la estabilidad y cayera al piso\u201d, dijo el juez Carlos Pellegrino durante la audiencia donde se conden\u00f3 a G\u00f3mez como autor material y penalmente responsable del delito de \u201chomicidio simple en grado de tentativa\u201d, a la\u00a0<strong>pena de 5 a\u00f1os y 6 meses de prisi\u00f3n<\/strong>.<\/p>\n<p>&nbsp;<\/p>\n<p>Diario textual<\/p>\n<p>&nbsp;<\/p>\n<div class=\"oasis-despues-del-contenido\" id=\"oasis-4153737366\"><img loading=\"lazy\" decoding=\"async\" src=\"https:\/\/oasisfm935.com.ar\/site\/wp-content\/uploads\/2020\/08\/47806202-8741-49f2-a5c9-d2f930e5baa1.jpg\" alt=\"\"  srcset=\"https:\/\/oasisfm935.com.ar\/site\/wp-content\/uploads\/2020\/08\/47806202-8741-49f2-a5c9-d2f930e5baa1.jpg 1080w, https:\/\/oasisfm935.com.ar\/site\/wp-content\/uploads\/2020\/08\/47806202-8741-49f2-a5c9-d2f930e5baa1-300x300.jpg 300w, https:\/\/oasisfm935.com.ar\/site\/wp-content\/uploads\/2020\/08\/47806202-8741-49f2-a5c9-d2f930e5baa1-1024x1024.jpg 1024w, https:\/\/oasisfm935.com.ar\/site\/wp-content\/uploads\/2020\/08\/47806202-8741-49f2-a5c9-d2f930e5baa1-150x150.jpg 150w, https:\/\/oasisfm935.com.ar\/site\/wp-content\/uploads\/2020\/08\/47806202-8741-49f2-a5c9-d2f930e5baa1-768x768.jpg 768w\" sizes=\"(max-width: 1080px) 100vw, 1080px\" class=\"no-lazyload\" width=\"1080\" height=\"1080\"  style=\"display: inline-block;\" \/><\/div>","protected":false},"excerpt":{"rendered":"<p>El presidente de la comisi\u00f3n de fomento de Quetrequ\u00e9n,\u00a0Juan Pablo Resio, fue\u00a0detenido en la ma\u00f1ana de este viernes\u00a0en la ciudad de R\u00edo<\/p>\n","protected":false},"author":4,"featured_media":1814,"comment_status":"closed","ping_status":"open","sticky":false,"template":"","format":"standard","meta":{"colormag_page_layout":"default_layout","footnotes":""},"categories":[2],"tags":[],"class_list":["post-1813","post","type-post","status-publish","format-standard","has-post-thumbnail","hentry","category-noticias"],"_links":{"self":[{"href":"https:\/\/oasisfm935.com.ar\/site\/wp-json\/wp\/v2\/posts\/1813","targetHints":{"allow":["GET"]}}],"collection":[{"href":"https:\/\/oasisfm935.com.ar\/site\/wp-json\/wp\/v2\/posts"}],"about":[{"href":"https:\/\/oasisfm935.com.ar\/site\/wp-json\/wp\/v2\/types\/post"}],"author":[{"embeddable":true,"href":"https:\/\/oasisfm935.com.ar\/site\/wp-json\/wp\/v2\/users\/4"}],"replies":[{"embeddable":true,"href":"https:\/\/oasisfm935.com.ar\/site\/wp-json\/wp\/v2\/comments?post=1813"}],"version-history":[{"count":1,"href":"https:\/\/oasisfm935.com.ar\/site\/wp-json\/wp\/v2\/posts\/1813\/revisions"}],"predecessor-version":[{"id":1816,"href":"https:\/\/oasisfm935.com.ar\/site\/wp-json\/wp\/v2\/posts\/1813\/revisions\/1816"}],"wp:featuredmedia":[{"embeddable":true,"href":"https:\/\/oasisfm935.com.ar\/site\/wp-json\/wp\/v2\/media\/1814"}],"wp:attachment":[{"href":"https:\/\/oasisfm935.com.ar\/site\/wp-json\/wp\/v2\/media?parent=1813"}],"wp:term":[{"taxonomy":"category","embeddable":true,"href":"https:\/\/oasisfm935.com.ar\/site\/wp-json\/wp\/v2\/categories?post=1813"},{"taxonomy":"post_tag","embeddable":true,"href":"https:\/\/oasisfm935.com.ar\/site\/wp-json\/wp\/v2\/tags?post=1813"}],"curies":[{"name":"wp","href":"https:\/\/api.w.org\/{rel}","templated":true}]}}