{"id":1818,"date":"2019-05-18T09:41:20","date_gmt":"2019-05-18T12:41:20","guid":{"rendered":"http:\/\/oasisfm935.com\/site\/?p=1818"},"modified":"2019-05-18T10:12:29","modified_gmt":"2019-05-18T13:12:29","slug":"cristina-le-he-pedido-a-alberto-fernandez-que-encabece-la-formula","status":"publish","type":"post","link":"https:\/\/oasisfm935.com.ar\/site\/cristina-le-he-pedido-a-alberto-fernandez-que-encabece-la-formula\/","title":{"rendered":"Cristina: \u201cLe he pedido a Alberto Fern\u00e1ndez que encabece la f\u00f3rmula\u201d"},"content":{"rendered":"<p>Se revel\u00f3 el misterio dentro del Partido Justicialista en miras a las elecciones presidenciales de octubre 2019. Finalmente,\u00a0<strong>Cristina Fern\u00e1ndez de Kirchner<\/strong>\u00a0anunci\u00f3, por medio de un video publicado en su cuenta de Twitter, que\u00a0<strong>Alberto Fern\u00e1ndez ser\u00e1 precandidato a la Presidencia<\/strong>\u00a0y que<strong>\u00a0ella lo acompa\u00f1ar\u00e1 como postulante a la vicepresidencia<\/strong>.<\/p>\n<p>&nbsp;<\/p>\n<p><iframe loading=\"lazy\" title=\"En la Semana de Mayo, reflexiones y decisiones.\" width=\"800\" height=\"450\" src=\"https:\/\/www.youtube.com\/embed\/QmwCCksE-VE?feature=oembed\" frameborder=\"0\" allow=\"accelerometer; autoplay; encrypted-media; gyroscope; picture-in-picture\" allowfullscreen><\/iframe><\/p>\n<p>&nbsp;<\/p>\n<p>\u201cLe he pedido a Alberto Fern\u00e1ndez que encabece la f\u00f3rmula que integraremos juntos. \u00c9l como candidato a presidente y yo como candidata a vice, para participar en las pr\u00f3xima elecciones primarias, abiertas, simult\u00e1neas y obligatorias\u201d, dijo Cristina,\u00a0<strong>en una jugada sorpresiva que nadie hab\u00eda mencionado ni siquiera como especulaci\u00f3n<\/strong>.<\/p>\n<p>\u201cAlberto, a quien conozco hace m\u00e1s de 20 a\u00f1os, con quien\u00a0<strong>tuvimos tambi\u00e9n diferencias<\/strong>. Es cierto, tan cierto como que fue jefe de Gabinete de N\u00e9stor durante toda su presidencia, y lo vi junto a \u00e9l decidir, organizar, acordar y buscar siempre la mayor amplitud posible del gobierno\u201d, argument\u00f3 la expresidenta.<\/p>\n<p><strong>Cristina le comunic\u00f3 la decisi\u00f3n a su exjefe de Gabinete el mi\u00e9rcoles a la tarde, en su departamento de Recoleta.<\/strong>\u00a0Alberto Fern\u00e1ndez partir\u00e1 este domingo rumbo a la provincia de Santa Cruz para participar el lunes de una actividad de campa\u00f1a junto con la gobernadora Alicia Kirchner. El martes acompa\u00f1ar\u00e1 a Cristina a Tribunales, en el inicio del primer juicio oral contra la expresidenta.<\/p>\n<div class=\"oasis-despues-del-contenido\" id=\"oasis-810973056\"><img loading=\"lazy\" decoding=\"async\" src=\"https:\/\/oasisfm935.com.ar\/site\/wp-content\/uploads\/2020\/08\/47806202-8741-49f2-a5c9-d2f930e5baa1.jpg\" alt=\"\"  srcset=\"https:\/\/oasisfm935.com.ar\/site\/wp-content\/uploads\/2020\/08\/47806202-8741-49f2-a5c9-d2f930e5baa1.jpg 1080w, https:\/\/oasisfm935.com.ar\/site\/wp-content\/uploads\/2020\/08\/47806202-8741-49f2-a5c9-d2f930e5baa1-300x300.jpg 300w, https:\/\/oasisfm935.com.ar\/site\/wp-content\/uploads\/2020\/08\/47806202-8741-49f2-a5c9-d2f930e5baa1-1024x1024.jpg 1024w, https:\/\/oasisfm935.com.ar\/site\/wp-content\/uploads\/2020\/08\/47806202-8741-49f2-a5c9-d2f930e5baa1-150x150.jpg 150w, https:\/\/oasisfm935.com.ar\/site\/wp-content\/uploads\/2020\/08\/47806202-8741-49f2-a5c9-d2f930e5baa1-768x768.jpg 768w\" sizes=\"(max-width: 1080px) 100vw, 1080px\" class=\"no-lazyload\" width=\"1080\" height=\"1080\"  style=\"display: inline-block;\" \/><\/div>","protected":false},"excerpt":{"rendered":"<p>Se revel\u00f3 el misterio dentro del Partido Justicialista en miras a las elecciones presidenciales de octubre 2019. Finalmente,\u00a0Cristina Fern\u00e1ndez de Kirchner\u00a0anunci\u00f3, por<\/p>\n","protected":false},"author":4,"featured_media":1819,"comment_status":"closed","ping_status":"open","sticky":false,"template":"","format":"standard","meta":{"colormag_page_layout":"default_layout","footnotes":""},"categories":[2],"tags":[],"class_list":["post-1818","post","type-post","status-publish","format-standard","has-post-thumbnail","hentry","category-noticias"],"_links":{"self":[{"href":"https:\/\/oasisfm935.com.ar\/site\/wp-json\/wp\/v2\/posts\/1818","targetHints":{"allow":["GET"]}}],"collection":[{"href":"https:\/\/oasisfm935.com.ar\/site\/wp-json\/wp\/v2\/posts"}],"about":[{"href":"https:\/\/oasisfm935.com.ar\/site\/wp-json\/wp\/v2\/types\/post"}],"author":[{"embeddable":true,"href":"https:\/\/oasisfm935.com.ar\/site\/wp-json\/wp\/v2\/users\/4"}],"replies":[{"embeddable":true,"href":"https:\/\/oasisfm935.com.ar\/site\/wp-json\/wp\/v2\/comments?post=1818"}],"version-history":[{"count":2,"href":"https:\/\/oasisfm935.com.ar\/site\/wp-json\/wp\/v2\/posts\/1818\/revisions"}],"predecessor-version":[{"id":1821,"href":"https:\/\/oasisfm935.com.ar\/site\/wp-json\/wp\/v2\/posts\/1818\/revisions\/1821"}],"wp:featuredmedia":[{"embeddable":true,"href":"https:\/\/oasisfm935.com.ar\/site\/wp-json\/wp\/v2\/media\/1819"}],"wp:attachment":[{"href":"https:\/\/oasisfm935.com.ar\/site\/wp-json\/wp\/v2\/media?parent=1818"}],"wp:term":[{"taxonomy":"category","embeddable":true,"href":"https:\/\/oasisfm935.com.ar\/site\/wp-json\/wp\/v2\/categories?post=1818"},{"taxonomy":"post_tag","embeddable":true,"href":"https:\/\/oasisfm935.com.ar\/site\/wp-json\/wp\/v2\/tags?post=1818"}],"curies":[{"name":"wp","href":"https:\/\/api.w.org\/{rel}","templated":true}]}}