{"id":1822,"date":"2019-05-18T10:26:44","date_gmt":"2019-05-18T13:26:44","guid":{"rendered":"http:\/\/oasisfm935.com\/site\/?p=1822"},"modified":"2019-05-18T10:27:23","modified_gmt":"2019-05-18T13:27:23","slug":"ruben-marin-y-la-formula-alberto-fernandez-cfk-la-sorpresa-es-de-todos","status":"publish","type":"post","link":"https:\/\/oasisfm935.com.ar\/site\/ruben-marin-y-la-formula-alberto-fernandez-cfk-la-sorpresa-es-de-todos\/","title":{"rendered":"Rub\u00e9n Mar\u00edn y la f\u00f3rmula Alberto Fern\u00e1ndez \u2013 CFK: \u201cLa sorpresa es de todos\u201d"},"content":{"rendered":"<p><strong>Rub\u00e9n Mar\u00edn<\/strong>, cuatro veces gobernador de La Pampa, presidente del PJ pampeano e integrante de la Mesa de Acci\u00f3n Pol\u00edtica del PJ Nacional, dijo estar\u00a0<strong>sorprendido<\/strong>\u00a0por el anuncio de la f\u00f3rmula presidencia Alberto Fern\u00e1ndez \u2013 Cristina Fern\u00e1ndez de Kirchner.<\/p>\n<p><strong>\u201cLa sorpresa supongo que es para todos: pocos supon\u00edan que Alberto fuera candidato a presidente\u201d, dijo en Radio Textual (FM Sonar).<\/strong><\/p>\n<p>&nbsp;<\/p>\n<p>\u201cCompetitiva seguro que es la f\u00f3rmula. Qui\u00e9n puede discutir el aval que tiene Cristina en el \u00e1mbito electoral. De ah\u00ed c\u00f3mo lo toma la sociedad, no lo s\u00e9\u201d, manifest\u00f3 a los periodistas Luis D\u00edaz, Luis Lardone y Luis Talone.<\/p>\n<p>\u201cEn buena hora que ya sali\u00f3 una f\u00f3rmula, porque los plazos ya se van acortando\u201d, manifest\u00f3.<\/p>\n<div class=\"g g-1\"><\/div>\n<div>\n<p>\u201cEs un tipo inteligente, r\u00e1pido. Formado jur\u00eddicamente y pol\u00edticamente. No te olvid\u00e9s que fue el primer vocero de (N\u00e9stor) Kirchner. Creo que fue el primer capitalino (NdeR: por la ciudad de Buenos Aires) que se acerc\u00f3 a N\u00e9stor\u201d, manifest\u00f3. \u201cAlberto est\u00e1 informado de detalles de todo.<strong>\u00a0Es una persona bien formada y conoce los factores y entretelones del poder. A mi no me resulta desagradable, honestamente<\/strong>. Si va Cristina de vicepresidenta, le va a facilitar la inserci\u00f3n en la sociedad\u201d, cont\u00f3.<\/p>\n<p>Dijo que espera que el resto de los dirigentes del peronismo participen de la PASO para no hacerle el juego al macrismo.\u00a0\u201cLa sociedad argentina, en mi concepto, no ver\u00eda con buenos ojos que se abran\u201d, dijo.\u00a0<strong>\u201cSer\u00eda un ego\u00edsmo y un s\u00edntoma de debilidad. Que se presenten en las PASO y el que tiene m\u00e1s voto gana. Lo otro es un artilugio para buscar una excusa para jugar otro partido. El PJ no les niega la posibilidad de participar\u201d<\/strong>, dijo.<\/p>\n<\/div>\n<p>Diario Textual<\/p>\n<div><\/div>\n<div class=\"oasis-despues-del-contenido\" id=\"oasis-306394269\"><img loading=\"lazy\" decoding=\"async\" src=\"https:\/\/oasisfm935.com.ar\/site\/wp-content\/uploads\/2020\/08\/47806202-8741-49f2-a5c9-d2f930e5baa1.jpg\" alt=\"\"  srcset=\"https:\/\/oasisfm935.com.ar\/site\/wp-content\/uploads\/2020\/08\/47806202-8741-49f2-a5c9-d2f930e5baa1.jpg 1080w, https:\/\/oasisfm935.com.ar\/site\/wp-content\/uploads\/2020\/08\/47806202-8741-49f2-a5c9-d2f930e5baa1-300x300.jpg 300w, https:\/\/oasisfm935.com.ar\/site\/wp-content\/uploads\/2020\/08\/47806202-8741-49f2-a5c9-d2f930e5baa1-1024x1024.jpg 1024w, https:\/\/oasisfm935.com.ar\/site\/wp-content\/uploads\/2020\/08\/47806202-8741-49f2-a5c9-d2f930e5baa1-150x150.jpg 150w, https:\/\/oasisfm935.com.ar\/site\/wp-content\/uploads\/2020\/08\/47806202-8741-49f2-a5c9-d2f930e5baa1-768x768.jpg 768w\" sizes=\"(max-width: 1080px) 100vw, 1080px\" class=\"no-lazyload\" width=\"1080\" height=\"1080\"  style=\"display: inline-block;\" \/><\/div>","protected":false},"excerpt":{"rendered":"<p>Rub\u00e9n Mar\u00edn, cuatro veces gobernador de La Pampa, presidente del PJ pampeano e integrante de la Mesa de Acci\u00f3n Pol\u00edtica del PJ<\/p>\n","protected":false},"author":4,"featured_media":1823,"comment_status":"closed","ping_status":"open","sticky":false,"template":"","format":"standard","meta":{"colormag_page_layout":"default_layout","footnotes":""},"categories":[2],"tags":[],"class_list":["post-1822","post","type-post","status-publish","format-standard","has-post-thumbnail","hentry","category-noticias"],"_links":{"self":[{"href":"https:\/\/oasisfm935.com.ar\/site\/wp-json\/wp\/v2\/posts\/1822","targetHints":{"allow":["GET"]}}],"collection":[{"href":"https:\/\/oasisfm935.com.ar\/site\/wp-json\/wp\/v2\/posts"}],"about":[{"href":"https:\/\/oasisfm935.com.ar\/site\/wp-json\/wp\/v2\/types\/post"}],"author":[{"embeddable":true,"href":"https:\/\/oasisfm935.com.ar\/site\/wp-json\/wp\/v2\/users\/4"}],"replies":[{"embeddable":true,"href":"https:\/\/oasisfm935.com.ar\/site\/wp-json\/wp\/v2\/comments?post=1822"}],"version-history":[{"count":2,"href":"https:\/\/oasisfm935.com.ar\/site\/wp-json\/wp\/v2\/posts\/1822\/revisions"}],"predecessor-version":[{"id":1825,"href":"https:\/\/oasisfm935.com.ar\/site\/wp-json\/wp\/v2\/posts\/1822\/revisions\/1825"}],"wp:featuredmedia":[{"embeddable":true,"href":"https:\/\/oasisfm935.com.ar\/site\/wp-json\/wp\/v2\/media\/1823"}],"wp:attachment":[{"href":"https:\/\/oasisfm935.com.ar\/site\/wp-json\/wp\/v2\/media?parent=1822"}],"wp:term":[{"taxonomy":"category","embeddable":true,"href":"https:\/\/oasisfm935.com.ar\/site\/wp-json\/wp\/v2\/categories?post=1822"},{"taxonomy":"post_tag","embeddable":true,"href":"https:\/\/oasisfm935.com.ar\/site\/wp-json\/wp\/v2\/tags?post=1822"}],"curies":[{"name":"wp","href":"https:\/\/api.w.org\/{rel}","templated":true}]}}