{"id":1827,"date":"2019-05-18T10:36:06","date_gmt":"2019-05-18T13:36:06","guid":{"rendered":"http:\/\/oasisfm935.com\/site\/?p=1827"},"modified":"2019-05-18T10:36:06","modified_gmt":"2019-05-18T13:36:06","slug":"pechin-cristina-quiere-garantizar-su-inmunidad","status":"publish","type":"post","link":"https:\/\/oasisfm935.com.ar\/site\/pechin-cristina-quiere-garantizar-su-inmunidad\/","title":{"rendered":"Pech\u00edn: \u201cCristina quiere garantizar su inmunidad\u201d"},"content":{"rendered":"<p><strong>Julio \u201cTito\u201d Pech\u00edn<\/strong>, presidente de la UCR pampeana, dijo que\u00a0<strong>Cristina Fern\u00e1ndez intenta garantizarse la \u201cinmunidad\u201d con su candidatura a la vicepresidencia<\/strong>, acompa\u00f1ando a Alberto Fern\u00e1ndez.<\/p>\n<p>\u201cSe cumpli\u00f3 con algo de lo que se hablaba. Que ella tal vez no encabezara la f\u00f3rmula.<strong>\u00a0Yo me preguntaba c\u00f3mo pod\u00eda asegurarse su inmunidad frente a los juicios que se avecinan; evidentemente la encontr\u00f3 siendo vicepresidenta.<\/strong>\u00a0Para algunos podr\u00e1 ser impunidad. No lo s\u00e9. Al menos es inmunidad\u201d, dijo en Radio Textual (FM Sonar).<\/p>\n<p>\u201cEsta f\u00f3rmula -agreg\u00f3- me recuerda a \u2018C\u00e1mpora al gobierno y Per\u00f3n al poder\u2019.\u00a0<strong>En caso de que triunfe esta f\u00f3rmula, tal vez el poder real va a ser de la vicepresidenta. O tal vez haya alguna jugada de renuncia al medio. En fin, se puede dar todo.<\/strong>\u00a0Ser\u00e1 responsabilidad de las otras fuerzas pol\u00edticas de presentar algo que sirva para ganarle a esta f\u00f3rmula y no volver al pasado\u201d, dijo el dirigente radical.<\/p>\n<p>Diario Textual<\/p>\n<div class=\"oasis-despues-del-contenido\" id=\"oasis-1655565251\"><img loading=\"lazy\" decoding=\"async\" src=\"https:\/\/oasisfm935.com.ar\/site\/wp-content\/uploads\/2020\/08\/47806202-8741-49f2-a5c9-d2f930e5baa1.jpg\" alt=\"\"  srcset=\"https:\/\/oasisfm935.com.ar\/site\/wp-content\/uploads\/2020\/08\/47806202-8741-49f2-a5c9-d2f930e5baa1.jpg 1080w, https:\/\/oasisfm935.com.ar\/site\/wp-content\/uploads\/2020\/08\/47806202-8741-49f2-a5c9-d2f930e5baa1-300x300.jpg 300w, https:\/\/oasisfm935.com.ar\/site\/wp-content\/uploads\/2020\/08\/47806202-8741-49f2-a5c9-d2f930e5baa1-1024x1024.jpg 1024w, https:\/\/oasisfm935.com.ar\/site\/wp-content\/uploads\/2020\/08\/47806202-8741-49f2-a5c9-d2f930e5baa1-150x150.jpg 150w, https:\/\/oasisfm935.com.ar\/site\/wp-content\/uploads\/2020\/08\/47806202-8741-49f2-a5c9-d2f930e5baa1-768x768.jpg 768w\" sizes=\"(max-width: 1080px) 100vw, 1080px\" class=\"no-lazyload\" width=\"1080\" height=\"1080\"  style=\"display: inline-block;\" \/><\/div>","protected":false},"excerpt":{"rendered":"<p>Julio \u201cTito\u201d Pech\u00edn, presidente de la UCR pampeana, dijo que\u00a0Cristina Fern\u00e1ndez intenta garantizarse la \u201cinmunidad\u201d con su candidatura a la vicepresidencia, acompa\u00f1ando<\/p>\n","protected":false},"author":4,"featured_media":1828,"comment_status":"closed","ping_status":"open","sticky":false,"template":"","format":"standard","meta":{"colormag_page_layout":"default_layout","footnotes":""},"categories":[2],"tags":[],"class_list":["post-1827","post","type-post","status-publish","format-standard","has-post-thumbnail","hentry","category-noticias"],"_links":{"self":[{"href":"https:\/\/oasisfm935.com.ar\/site\/wp-json\/wp\/v2\/posts\/1827","targetHints":{"allow":["GET"]}}],"collection":[{"href":"https:\/\/oasisfm935.com.ar\/site\/wp-json\/wp\/v2\/posts"}],"about":[{"href":"https:\/\/oasisfm935.com.ar\/site\/wp-json\/wp\/v2\/types\/post"}],"author":[{"embeddable":true,"href":"https:\/\/oasisfm935.com.ar\/site\/wp-json\/wp\/v2\/users\/4"}],"replies":[{"embeddable":true,"href":"https:\/\/oasisfm935.com.ar\/site\/wp-json\/wp\/v2\/comments?post=1827"}],"version-history":[{"count":1,"href":"https:\/\/oasisfm935.com.ar\/site\/wp-json\/wp\/v2\/posts\/1827\/revisions"}],"predecessor-version":[{"id":1829,"href":"https:\/\/oasisfm935.com.ar\/site\/wp-json\/wp\/v2\/posts\/1827\/revisions\/1829"}],"wp:featuredmedia":[{"embeddable":true,"href":"https:\/\/oasisfm935.com.ar\/site\/wp-json\/wp\/v2\/media\/1828"}],"wp:attachment":[{"href":"https:\/\/oasisfm935.com.ar\/site\/wp-json\/wp\/v2\/media?parent=1827"}],"wp:term":[{"taxonomy":"category","embeddable":true,"href":"https:\/\/oasisfm935.com.ar\/site\/wp-json\/wp\/v2\/categories?post=1827"},{"taxonomy":"post_tag","embeddable":true,"href":"https:\/\/oasisfm935.com.ar\/site\/wp-json\/wp\/v2\/tags?post=1827"}],"curies":[{"name":"wp","href":"https:\/\/api.w.org\/{rel}","templated":true}]}}