{"id":1831,"date":"2019-05-18T11:32:37","date_gmt":"2019-05-18T14:32:37","guid":{"rendered":"http:\/\/oasisfm935.com\/site\/?p=1831"},"modified":"2019-05-18T11:32:37","modified_gmt":"2019-05-18T14:32:37","slug":"retuvieron-en-ruta-188-maquinaria-agricola-proveniente-de-ingeniero-luiggi","status":"publish","type":"post","link":"https:\/\/oasisfm935.com.ar\/site\/retuvieron-en-ruta-188-maquinaria-agricola-proveniente-de-ingeniero-luiggi\/","title":{"rendered":"RETUVIERON EN RUTA 188 MAQUINARIA AGR\u00cdCOLA PROVENIENTE DE INGENIERO LUIGGI"},"content":{"rendered":"<p>La retenci\u00f3n se efectu\u00f3 por falta de documentaci\u00f3n habilitante para transitar por la v\u00eda p\u00fablica tanto de la maquinaria como del conductor.<\/p>\n<p>El procedimiento fue realizado sobre ruta nacional 188 y las intersecciones con las provinciales 9 y 25 por personal del destacamento policial de Quetrequ\u00e9n, dependiente de la comisar\u00eda de Parera.<\/p>\n<p>El convoy de maquinarias fue demorado por falta de seguro, documentaci\u00f3n que acredite propiedad, permiso vial y licencia del conductor. A ra\u00edz de \u00e9sto\u00a0se le labraron las actas de constataci\u00f3n y retenci\u00f3n acorde lo prev\u00e9 la ley 1843 de la DPV de La Pampa y Ley de Tr\u00e1nsito Provincial 1713.<\/p>\n<p>Las herramientas agr\u00edcolas hab\u00edan partido desde Ingeniero Luiggi y llevaban como destino un predio rural en la zona de Quetrequ\u00e9n.-<\/p>\n<p>fuente :<\/p>\n<h2 class=\"nombre\"><a href=\"http:\/\/infotecrealico.com.ar\/usuario\/2\/infotec-40\">InfoTec 4.0<\/a><\/h2>\n<div class=\"oasis-despues-del-contenido\" id=\"oasis-623748751\"><img loading=\"lazy\" decoding=\"async\" src=\"https:\/\/oasisfm935.com.ar\/site\/wp-content\/uploads\/2020\/08\/47806202-8741-49f2-a5c9-d2f930e5baa1.jpg\" alt=\"\"  srcset=\"https:\/\/oasisfm935.com.ar\/site\/wp-content\/uploads\/2020\/08\/47806202-8741-49f2-a5c9-d2f930e5baa1.jpg 1080w, https:\/\/oasisfm935.com.ar\/site\/wp-content\/uploads\/2020\/08\/47806202-8741-49f2-a5c9-d2f930e5baa1-300x300.jpg 300w, https:\/\/oasisfm935.com.ar\/site\/wp-content\/uploads\/2020\/08\/47806202-8741-49f2-a5c9-d2f930e5baa1-1024x1024.jpg 1024w, https:\/\/oasisfm935.com.ar\/site\/wp-content\/uploads\/2020\/08\/47806202-8741-49f2-a5c9-d2f930e5baa1-150x150.jpg 150w, https:\/\/oasisfm935.com.ar\/site\/wp-content\/uploads\/2020\/08\/47806202-8741-49f2-a5c9-d2f930e5baa1-768x768.jpg 768w\" sizes=\"(max-width: 1080px) 100vw, 1080px\" class=\"no-lazyload\" width=\"1080\" height=\"1080\"  style=\"display: inline-block;\" \/><\/div>","protected":false},"excerpt":{"rendered":"<p>La retenci\u00f3n se efectu\u00f3 por falta de documentaci\u00f3n habilitante para transitar por la v\u00eda p\u00fablica tanto de la maquinaria como del conductor.<\/p>\n","protected":false},"author":4,"featured_media":1832,"comment_status":"closed","ping_status":"open","sticky":false,"template":"","format":"standard","meta":{"colormag_page_layout":"default_layout","footnotes":""},"categories":[2],"tags":[],"class_list":["post-1831","post","type-post","status-publish","format-standard","has-post-thumbnail","hentry","category-noticias"],"_links":{"self":[{"href":"https:\/\/oasisfm935.com.ar\/site\/wp-json\/wp\/v2\/posts\/1831","targetHints":{"allow":["GET"]}}],"collection":[{"href":"https:\/\/oasisfm935.com.ar\/site\/wp-json\/wp\/v2\/posts"}],"about":[{"href":"https:\/\/oasisfm935.com.ar\/site\/wp-json\/wp\/v2\/types\/post"}],"author":[{"embeddable":true,"href":"https:\/\/oasisfm935.com.ar\/site\/wp-json\/wp\/v2\/users\/4"}],"replies":[{"embeddable":true,"href":"https:\/\/oasisfm935.com.ar\/site\/wp-json\/wp\/v2\/comments?post=1831"}],"version-history":[{"count":1,"href":"https:\/\/oasisfm935.com.ar\/site\/wp-json\/wp\/v2\/posts\/1831\/revisions"}],"predecessor-version":[{"id":1833,"href":"https:\/\/oasisfm935.com.ar\/site\/wp-json\/wp\/v2\/posts\/1831\/revisions\/1833"}],"wp:featuredmedia":[{"embeddable":true,"href":"https:\/\/oasisfm935.com.ar\/site\/wp-json\/wp\/v2\/media\/1832"}],"wp:attachment":[{"href":"https:\/\/oasisfm935.com.ar\/site\/wp-json\/wp\/v2\/media?parent=1831"}],"wp:term":[{"taxonomy":"category","embeddable":true,"href":"https:\/\/oasisfm935.com.ar\/site\/wp-json\/wp\/v2\/categories?post=1831"},{"taxonomy":"post_tag","embeddable":true,"href":"https:\/\/oasisfm935.com.ar\/site\/wp-json\/wp\/v2\/tags?post=1831"}],"curies":[{"name":"wp","href":"https:\/\/api.w.org\/{rel}","templated":true}]}}