{"id":18522,"date":"2026-09-02T21:41:12","date_gmt":"2026-09-03T00:41:12","guid":{"rendered":"https:\/\/oasisfm935.com.ar\/site\/?p=18522"},"modified":"2026-09-02T21:43:48","modified_gmt":"2026-09-03T00:43:48","slug":"%f0%9f%8f%a0-la-pampa-sostiene-su-politica-habitacional-pese-al-freno-de-la-nacion","status":"publish","type":"post","link":"https:\/\/oasisfm935.com.ar\/site\/%f0%9f%8f%a0-la-pampa-sostiene-su-politica-habitacional-pese-al-freno-de-la-nacion\/","title":{"rendered":"&#x1f3e0; La Pampa sostiene su pol\u00edtica habitacional pese al freno de la Naci\u00f3n"},"content":{"rendered":"<p>&nbsp;<\/p>\n<p>La presidenta del Instituto Provincial Aut\u00e1rquico de Vivienda (IPAV), Erica Riboyra, afirm\u00f3 que el Gobierno de La Pampa contin\u00faa trabajando para dar respuesta a las familias que necesitan acceder a una vivienda, pese a la paralizaci\u00f3n de la pol\u00edtica habitacional por parte del Gobierno nacional.<\/p>\n<p>\u201cS\u00e9 que detr\u00e1s de cada familia que se acerca al IPAV hay una historia, una necesidad y muchas veces a\u00f1os de espera. S\u00e9 lo que significa pagar un alquiler, sostener una familia y vivir con la incertidumbre de no saber cu\u00e1ndo llegar\u00e1 la posibilidad de tener una casa propia\u201d, expres\u00f3.<\/p>\n<p>Riboyra remarc\u00f3 que el organismo escucha y analiza cada reclamo, aunque destac\u00f3 que la asignaci\u00f3n de viviendas debe garantizar igualdad y transparencia.<\/p>\n<p>\u201cEn el IPAV tenemos a la fecha m\u00e1s de 2.500 familias inscriptas y en condiciones de participar del sorteo, solo en Santa Rosa. Cada una tiene su historia y sus necesidades. Y justamente por eso, el acceso a una vivienda no puede depender de qui\u00e9n reclama m\u00e1s fuerte, de qui\u00e9n dice ser representante o de qui\u00e9n logra mayor visibilidad\u201d, sostuvo.<\/p>\n<p>En ese sentido, destac\u00f3 que el sistema de adjudicaci\u00f3n de viviendas es p\u00fablico y transparente, lo que permite evitar posibles arbitrariedades o injusticias en la entrega de las unidades habitacionales.<\/p>\n<p>\u201cDamos las respuestas posibles, no las que quisi\u00e9ramos\u201d<\/p>\n<p>La titular del IPAV tambi\u00e9n cuestion\u00f3 el impacto de las pol\u00edticas del Gobierno de Javier Milei en materia habitacional.<\/p>\n<p>\u201cLos pampeanos soportamos una decisi\u00f3n injusta y cruel del Gobierno de Milei, que elimin\u00f3 la construcci\u00f3n de viviendas y paraliz\u00f3 programas habitacionales fundamentales para miles de familias\u201d, afirm\u00f3.<\/p>\n<p>\u201cEscuchamos a todos los pampeanos. Y en materia de viviendas damos las respuestas posibles, no las que quisi\u00e9ramos. Sabemos que hay una demanda enorme y que detr\u00e1s de cada inscripci\u00f3n hay una familia que espera\u201d, agreg\u00f3.<\/p>\n<p>Frente a este escenario, Riboyra destac\u00f3 la decisi\u00f3n de la Provincia de sostener su pol\u00edtica habitacional: \u201cLa Pampa decidi\u00f3 no quedarse de brazos cruzados. Seguimos construyendo, seguimos gestionando y seguimos buscando alternativas\u201d.<\/p>\n<p style=\"text-align: left\">Finalmente, reafirm\u00f3 que \u201cla vivienda no es un privilegio, es un derecho\u201d y asegur\u00f3 que garantizar ese derecho requiere decisi\u00f3n pol\u00edtica, recursos, planificaci\u00f3n y un Estado que d\u00e9 respuestas a las familias pampeanas.<\/p>\n<div id=\"oasis-1790972746\" class=\"oasis-despues-del-contenido oasis-entity-placement\"><img loading=\"lazy\" decoding=\"async\" src=\"https:\/\/oasisfm935.com.ar\/site\/wp-content\/uploads\/2020\/08\/47806202-8741-49f2-a5c9-d2f930e5baa1.jpg\" alt=\"\"  srcset=\"https:\/\/oasisfm935.com.ar\/site\/wp-content\/uploads\/2020\/08\/47806202-8741-49f2-a5c9-d2f930e5baa1.jpg 1080w, https:\/\/oasisfm935.com.ar\/site\/wp-content\/uploads\/2020\/08\/47806202-8741-49f2-a5c9-d2f930e5baa1-300x300.jpg 300w, https:\/\/oasisfm935.com.ar\/site\/wp-content\/uploads\/2020\/08\/47806202-8741-49f2-a5c9-d2f930e5baa1-1024x1024.jpg 1024w, https:\/\/oasisfm935.com.ar\/site\/wp-content\/uploads\/2020\/08\/47806202-8741-49f2-a5c9-d2f930e5baa1-150x150.jpg 150w, https:\/\/oasisfm935.com.ar\/site\/wp-content\/uploads\/2020\/08\/47806202-8741-49f2-a5c9-d2f930e5baa1-768x768.jpg 768w\" sizes=\"(max-width: 1080px) 100vw, 1080px\" class=\"no-lazyload\" width=\"1080\" height=\"1080\"  style=\"display: inline-block;\" \/><\/div>","protected":false},"excerpt":{"rendered":"<p>&nbsp; La presidenta del Instituto Provincial Aut\u00e1rquico de Vivienda (IPAV), Erica Riboyra, afirm\u00f3 que el Gobierno de La Pampa contin\u00faa trabajando para<\/p>\n","protected":false},"author":4,"featured_media":18524,"comment_status":"closed","ping_status":"open","sticky":false,"template":"","format":"standard","meta":{"colormag_page_layout":"default_layout","footnotes":""},"categories":[2],"tags":[],"class_list":["post-18522","post","type-post","status-publish","format-standard","has-post-thumbnail","hentry","category-noticias"],"_links":{"self":[{"href":"https:\/\/oasisfm935.com.ar\/site\/wp-json\/wp\/v2\/posts\/18522","targetHints":{"allow":["GET"]}}],"collection":[{"href":"https:\/\/oasisfm935.com.ar\/site\/wp-json\/wp\/v2\/posts"}],"about":[{"href":"https:\/\/oasisfm935.com.ar\/site\/wp-json\/wp\/v2\/types\/post"}],"author":[{"embeddable":true,"href":"https:\/\/oasisfm935.com.ar\/site\/wp-json\/wp\/v2\/users\/4"}],"replies":[{"embeddable":true,"href":"https:\/\/oasisfm935.com.ar\/site\/wp-json\/wp\/v2\/comments?post=18522"}],"version-history":[{"count":1,"href":"https:\/\/oasisfm935.com.ar\/site\/wp-json\/wp\/v2\/posts\/18522\/revisions"}],"predecessor-version":[{"id":18523,"href":"https:\/\/oasisfm935.com.ar\/site\/wp-json\/wp\/v2\/posts\/18522\/revisions\/18523"}],"wp:featuredmedia":[{"embeddable":true,"href":"https:\/\/oasisfm935.com.ar\/site\/wp-json\/wp\/v2\/media\/18524"}],"wp:attachment":[{"href":"https:\/\/oasisfm935.com.ar\/site\/wp-json\/wp\/v2\/media?parent=18522"}],"wp:term":[{"taxonomy":"category","embeddable":true,"href":"https:\/\/oasisfm935.com.ar\/site\/wp-json\/wp\/v2\/categories?post=18522"},{"taxonomy":"post_tag","embeddable":true,"href":"https:\/\/oasisfm935.com.ar\/site\/wp-json\/wp\/v2\/tags?post=18522"}],"curies":[{"name":"wp","href":"https:\/\/api.w.org\/{rel}","templated":true}]}}