{"id":18525,"date":"2026-09-05T11:56:57","date_gmt":"2026-09-05T14:56:57","guid":{"rendered":"https:\/\/oasisfm935.com.ar\/site\/?p=18525"},"modified":"2026-09-05T11:56:57","modified_gmt":"2026-09-05T14:56:57","slug":"jorge-rojas-inicia-una-nueva-etapa-con-piano-voz-junto-al-pampeano-roman-ramonda","status":"publish","type":"post","link":"https:\/\/oasisfm935.com.ar\/site\/jorge-rojas-inicia-una-nueva-etapa-con-piano-voz-junto-al-pampeano-roman-ramonda\/","title":{"rendered":"Jorge Rojas inicia una nueva etapa con \u201cPiano &amp; Voz\u201d junto al pampeano Rom\u00e1n Ramonda."},"content":{"rendered":"<p>&nbsp;<\/p>\n<p>Despu\u00e9s de recorrer el pa\u00eds con su exitosa Gira 20 A\u00f1os, Jorge Rojas abre una nueva etapa en su camino art\u00edstico con \u201cPiano &amp; Voz\u201d, una propuesta que apuesta a la cercan\u00eda, la emoci\u00f3n y al protagonismo de las canciones.<\/p>\n<p>En este nuevo desaf\u00edo, Rom\u00e1n Ramonda aporta su talento, experiencia y sensibilidad musical, asumiendo un rol fundamental en el piano y en los arreglos especialmente creados para este espect\u00e1culo.<\/p>\n<p>La propuesta se aleja de los grandes despliegues para poner el foco en la voz, el piano y las historias detr\u00e1s de cada canci\u00f3n. Se trata de un formato despojado, en el que cada melod\u00eda adquiere una nueva dimensi\u00f3n y donde la conexi\u00f3n entre los artistas y el p\u00fablico ocupa un lugar central.<\/p>\n<p>La noticia fue dada a conocer esta semana y r\u00e1pidamente comenz\u00f3 a tener repercusi\u00f3n en medios nacionales. TN destac\u00f3 el nuevo proyecto de Jorge Rojas, poniendo especialmente en valor el car\u00e1cter \u00edntimo y emocional de esta propuesta, que tendr\u00e1 a Rom\u00e1n Ramonda como protagonista junto al reconocido cantante.<\/p>\n<p>Para el m\u00fasico pampeano, este nuevo proyecto representa un importante cap\u00edtulo dentro de una trayectoria marcada por la b\u00fasqueda art\u00edstica constante y el trabajo junto a destacados referentes de la escena nacional.<\/p>\n<p>\u201cPiano &amp; Voz\u201d no ser\u00e1 solamente un recorrido por las canciones m\u00e1s representativas de Jorge Rojas, sino tambi\u00e9n una oportunidad para redescubrirlas desde una mirada diferente, m\u00e1s \u00edntima y sensible.<\/p>\n<p>La gira ya cuenta con fechas confirmadas en distintas ciudades del pa\u00eds y continuar\u00e1 sumando presentaciones durante los pr\u00f3ximos meses.<\/p>\n<p>De esta manera, Rom\u00e1n Ramonda suma una nueva experiencia de relevancia nacional a su trayectoria art\u00edstica, llevando una vez m\u00e1s el nombre de La Pampa a grandes escenarios y formando parte de una propuesta que re\u00fane a dos artistas con una profunda conexi\u00f3n con la m\u00fasica popular argentina.<\/p>\n<p>Un nuevo desaf\u00edo, una nueva etapa y una nueva oportunidad para que el talento pampeano contin\u00fae trascendiendo fronteras.<\/p>\n<div id=\"oasis-2975293166\" class=\"oasis-despues-del-contenido oasis-entity-placement\"><img loading=\"lazy\" decoding=\"async\" src=\"https:\/\/oasisfm935.com.ar\/site\/wp-content\/uploads\/2020\/08\/47806202-8741-49f2-a5c9-d2f930e5baa1.jpg\" alt=\"\"  srcset=\"https:\/\/oasisfm935.com.ar\/site\/wp-content\/uploads\/2020\/08\/47806202-8741-49f2-a5c9-d2f930e5baa1.jpg 1080w, https:\/\/oasisfm935.com.ar\/site\/wp-content\/uploads\/2020\/08\/47806202-8741-49f2-a5c9-d2f930e5baa1-300x300.jpg 300w, https:\/\/oasisfm935.com.ar\/site\/wp-content\/uploads\/2020\/08\/47806202-8741-49f2-a5c9-d2f930e5baa1-1024x1024.jpg 1024w, https:\/\/oasisfm935.com.ar\/site\/wp-content\/uploads\/2020\/08\/47806202-8741-49f2-a5c9-d2f930e5baa1-150x150.jpg 150w, https:\/\/oasisfm935.com.ar\/site\/wp-content\/uploads\/2020\/08\/47806202-8741-49f2-a5c9-d2f930e5baa1-768x768.jpg 768w\" sizes=\"(max-width: 1080px) 100vw, 1080px\" class=\"no-lazyload\" width=\"1080\" height=\"1080\"  style=\"display: inline-block;\" \/><\/div>","protected":false},"excerpt":{"rendered":"<p>&nbsp; Despu\u00e9s de recorrer el pa\u00eds con su exitosa Gira 20 A\u00f1os, Jorge Rojas abre una nueva etapa en su camino art\u00edstico<\/p>\n","protected":false},"author":4,"featured_media":18526,"comment_status":"closed","ping_status":"open","sticky":false,"template":"","format":"standard","meta":{"colormag_page_layout":"default_layout","footnotes":""},"categories":[2],"tags":[],"class_list":["post-18525","post","type-post","status-publish","format-standard","has-post-thumbnail","hentry","category-noticias"],"_links":{"self":[{"href":"https:\/\/oasisfm935.com.ar\/site\/wp-json\/wp\/v2\/posts\/18525","targetHints":{"allow":["GET"]}}],"collection":[{"href":"https:\/\/oasisfm935.com.ar\/site\/wp-json\/wp\/v2\/posts"}],"about":[{"href":"https:\/\/oasisfm935.com.ar\/site\/wp-json\/wp\/v2\/types\/post"}],"author":[{"embeddable":true,"href":"https:\/\/oasisfm935.com.ar\/site\/wp-json\/wp\/v2\/users\/4"}],"replies":[{"embeddable":true,"href":"https:\/\/oasisfm935.com.ar\/site\/wp-json\/wp\/v2\/comments?post=18525"}],"version-history":[{"count":1,"href":"https:\/\/oasisfm935.com.ar\/site\/wp-json\/wp\/v2\/posts\/18525\/revisions"}],"predecessor-version":[{"id":18527,"href":"https:\/\/oasisfm935.com.ar\/site\/wp-json\/wp\/v2\/posts\/18525\/revisions\/18527"}],"wp:featuredmedia":[{"embeddable":true,"href":"https:\/\/oasisfm935.com.ar\/site\/wp-json\/wp\/v2\/media\/18526"}],"wp:attachment":[{"href":"https:\/\/oasisfm935.com.ar\/site\/wp-json\/wp\/v2\/media?parent=18525"}],"wp:term":[{"taxonomy":"category","embeddable":true,"href":"https:\/\/oasisfm935.com.ar\/site\/wp-json\/wp\/v2\/categories?post=18525"},{"taxonomy":"post_tag","embeddable":true,"href":"https:\/\/oasisfm935.com.ar\/site\/wp-json\/wp\/v2\/tags?post=18525"}],"curies":[{"name":"wp","href":"https:\/\/api.w.org\/{rel}","templated":true}]}}