{"id":1861,"date":"2019-05-19T22:39:08","date_gmt":"2019-05-20T01:39:08","guid":{"rendered":"http:\/\/oasisfm935.com\/site\/?p=1861"},"modified":"2019-05-19T22:39:08","modified_gmt":"2019-05-20T01:39:08","slug":"cristina-llamo-a-verna-y-felicito-a-la-pampa-por-la-victoria-del-peronismo","status":"publish","type":"post","link":"https:\/\/oasisfm935.com.ar\/site\/cristina-llamo-a-verna-y-felicito-a-la-pampa-por-la-victoria-del-peronismo\/","title":{"rendered":"Cristina llam\u00f3 a Verna y felicit\u00f3 a La Pampa por la victoria del peronismo"},"content":{"rendered":"<div class=\"container container-single penci_sidebar right-sidebar penci-enable-lightbox\">\n<div id=\"main\">\n<div class=\"theiaStickySidebar\">\n<article id=\"post-49213\" class=\"post-49213 post type-post status-publish format-standard has-post-thumbnail hentry category-destacadas category-politica\">\n<div class=\"post-entry blockquote-style-1\">\n<div class=\"inner-post-entry\">\n<div id=\"ssba-modern-2\" class=\"ssba ssbp-wrap left ssbp--theme-10\">\n<div>\n<p>&nbsp;<\/p>\n<\/div>\n<\/div>\n<p><strong>Cristina Fern\u00e1ndez<\/strong>\u00a0llam\u00f3 por tel\u00e9fono a\u00a0<strong>Carlos Verna<\/strong>\u00a0y lo felicit\u00f3 por el triunfo del peronismo sobre Cambiemos en La Pampa. \u201cMe llam\u00f3 Cristina y me felicit\u00f3 y felicit\u00f3 al pueblo\u201d, cont\u00f3 el mandatario, en conferencia de prensa.<\/p>\n<p>CFK no fue la \u00fanica: hubo numerosos dirigentes nacionales del PJ que felicitaron al peronismo pampeano. Uno de ellos fue el presidente del PJ nacional,\u00a0\u00a0<strong>Jos\u00e9 Luis Gioja<\/strong>, quien salud\u00f3 en radio Sonar a Sergio Ziliotto por el \u201ctriunfo arrasador\u201d sobre Cambiemos. \u201cEs la octava provincia, donde el peronismo unido, pr\u00e1cticamente arrasa en los votos. Porque incluso el oficialismo se esconde y lleva otros colores y otros nombres. Pero no tienen ning\u00fan n\u00famero econ\u00f3mico favorable. Por suerte las artima\u00f1as ya no se las come nadie\u201d, dijo. El dirigente, adem\u00e1s, abog\u00f3 por imitar a La Pampa para que el peronismo vaya unido para enfrentar, en octubre, a Cambiemos.<\/p>\n<p><strong>Segio U\u00f1ac<\/strong>, gobernador de San Juan, tambi\u00e9n se sum\u00f3. \u201cEste contundente triunfo -dijo- es la confirmaci\u00f3n de un modelo de gobierno justicialista enfocado en brindar calidad de vida a cada uno de los pampeanos\u201d.<\/p>\n<\/div>\n<\/div>\n<\/article>\n<\/div>\n<\/div>\n<\/div>\n<div class=\"oasis-despues-del-contenido\" id=\"oasis-1980705651\"><img loading=\"lazy\" decoding=\"async\" src=\"https:\/\/oasisfm935.com.ar\/site\/wp-content\/uploads\/2020\/08\/47806202-8741-49f2-a5c9-d2f930e5baa1.jpg\" alt=\"\"  srcset=\"https:\/\/oasisfm935.com.ar\/site\/wp-content\/uploads\/2020\/08\/47806202-8741-49f2-a5c9-d2f930e5baa1.jpg 1080w, https:\/\/oasisfm935.com.ar\/site\/wp-content\/uploads\/2020\/08\/47806202-8741-49f2-a5c9-d2f930e5baa1-300x300.jpg 300w, https:\/\/oasisfm935.com.ar\/site\/wp-content\/uploads\/2020\/08\/47806202-8741-49f2-a5c9-d2f930e5baa1-1024x1024.jpg 1024w, https:\/\/oasisfm935.com.ar\/site\/wp-content\/uploads\/2020\/08\/47806202-8741-49f2-a5c9-d2f930e5baa1-150x150.jpg 150w, https:\/\/oasisfm935.com.ar\/site\/wp-content\/uploads\/2020\/08\/47806202-8741-49f2-a5c9-d2f930e5baa1-768x768.jpg 768w\" sizes=\"(max-width: 1080px) 100vw, 1080px\" class=\"no-lazyload\" width=\"1080\" height=\"1080\"  style=\"display: inline-block;\" \/><\/div>","protected":false},"excerpt":{"rendered":"<p>&nbsp; Cristina Fern\u00e1ndez\u00a0llam\u00f3 por tel\u00e9fono a\u00a0Carlos Verna\u00a0y lo felicit\u00f3 por el triunfo del peronismo sobre Cambiemos en La Pampa. \u201cMe llam\u00f3 Cristina<\/p>\n","protected":false},"author":4,"featured_media":1862,"comment_status":"closed","ping_status":"open","sticky":false,"template":"","format":"standard","meta":{"colormag_page_layout":"default_layout","footnotes":""},"categories":[2],"tags":[],"class_list":["post-1861","post","type-post","status-publish","format-standard","has-post-thumbnail","hentry","category-noticias"],"_links":{"self":[{"href":"https:\/\/oasisfm935.com.ar\/site\/wp-json\/wp\/v2\/posts\/1861","targetHints":{"allow":["GET"]}}],"collection":[{"href":"https:\/\/oasisfm935.com.ar\/site\/wp-json\/wp\/v2\/posts"}],"about":[{"href":"https:\/\/oasisfm935.com.ar\/site\/wp-json\/wp\/v2\/types\/post"}],"author":[{"embeddable":true,"href":"https:\/\/oasisfm935.com.ar\/site\/wp-json\/wp\/v2\/users\/4"}],"replies":[{"embeddable":true,"href":"https:\/\/oasisfm935.com.ar\/site\/wp-json\/wp\/v2\/comments?post=1861"}],"version-history":[{"count":1,"href":"https:\/\/oasisfm935.com.ar\/site\/wp-json\/wp\/v2\/posts\/1861\/revisions"}],"predecessor-version":[{"id":1863,"href":"https:\/\/oasisfm935.com.ar\/site\/wp-json\/wp\/v2\/posts\/1861\/revisions\/1863"}],"wp:featuredmedia":[{"embeddable":true,"href":"https:\/\/oasisfm935.com.ar\/site\/wp-json\/wp\/v2\/media\/1862"}],"wp:attachment":[{"href":"https:\/\/oasisfm935.com.ar\/site\/wp-json\/wp\/v2\/media?parent=1861"}],"wp:term":[{"taxonomy":"category","embeddable":true,"href":"https:\/\/oasisfm935.com.ar\/site\/wp-json\/wp\/v2\/categories?post=1861"},{"taxonomy":"post_tag","embeddable":true,"href":"https:\/\/oasisfm935.com.ar\/site\/wp-json\/wp\/v2\/tags?post=1861"}],"curies":[{"name":"wp","href":"https:\/\/api.w.org\/{rel}","templated":true}]}}