{"id":1864,"date":"2019-05-20T08:31:13","date_gmt":"2019-05-20T11:31:13","guid":{"rendered":"http:\/\/oasisfm935.com\/site\/?p=1864"},"modified":"2019-05-20T08:33:16","modified_gmt":"2019-05-20T11:33:16","slug":"lavin-sera-la-primera-intendente-mujer-en-luiggi","status":"publish","type":"post","link":"https:\/\/oasisfm935.com.ar\/site\/lavin-sera-la-primera-intendente-mujer-en-luiggi\/","title":{"rendered":"Lavin ser\u00e1 la primera intendente mujer en Luiggi"},"content":{"rendered":"<p>Mar\u00eda Patricia Lav\u00edn del FreJuPa se impuso por m\u00e1s de 600 votos ante Soledad Mir del Frente Cambiemos \u2013 UCR.<\/p>\n<p>En Luiggi vot\u00f3 un poco m\u00e1s del 70 % de los 4.203 electores. Hubo 6 mesas distribuidas de la A hasta la L en la Escuela 76 y desde la L a la Z en el Colegio H\u00e9roes de la Patria.<\/p>\n<p>La candidata del justicialismo luiggense y actual Subsecretaria de Descentralizaci\u00f3n del Ministerio de Desarrollo Social se impuso en la elecci\u00f3n para la intendencia de Ingeniero Luiggi.<\/p>\n<p>En un hecho hist\u00f3rico para esta localidad se consagra como la primer mujer que llega a la intendencia.<\/p>\n<blockquote><p><strong>Mar\u00eda Patricia Lav\u00edn se impuso con 1890 votos a su par contrincante Soledad Mir que obtuvo 1214 votos.<\/strong><\/p><\/blockquote>\n<p><strong>Tambi\u00e9n el justicialismo luiggense retiene en el Juzgado de Paz que quedar\u00e1 a cargo de la Dra. Virginia Cisterna y 5 bancas en el Concejo Deliberante con Juan Jos\u00e9 Gorordo como vice intendente y primer concejal, Elvia Lucia Vicente, Jos\u00e9 Mateo \u00c1lvarez, Betina Doglioli y Horacio Teller\u00eda.<\/strong><\/p>\n<p><a href=\"http:\/\/oasisfm935.com\/site\/wp-content\/uploads\/2019\/05\/59776674_2323901510981275_6877534455389487104_n.jpg\"><img loading=\"lazy\" decoding=\"async\" class=\"alignnone size-full wp-image-1865\" src=\"http:\/\/oasisfm935.com\/site\/wp-content\/uploads\/2019\/05\/59776674_2323901510981275_6877534455389487104_n.jpg\" alt=\"\" width=\"1548\" height=\"871\" srcset=\"https:\/\/oasisfm935.com.ar\/site\/wp-content\/uploads\/2019\/05\/59776674_2323901510981275_6877534455389487104_n.jpg 1548w, https:\/\/oasisfm935.com.ar\/site\/wp-content\/uploads\/2019\/05\/59776674_2323901510981275_6877534455389487104_n-300x169.jpg 300w, https:\/\/oasisfm935.com.ar\/site\/wp-content\/uploads\/2019\/05\/59776674_2323901510981275_6877534455389487104_n-768x432.jpg 768w, https:\/\/oasisfm935.com.ar\/site\/wp-content\/uploads\/2019\/05\/59776674_2323901510981275_6877534455389487104_n-1024x576.jpg 1024w, https:\/\/oasisfm935.com.ar\/site\/wp-content\/uploads\/2019\/05\/59776674_2323901510981275_6877534455389487104_n-678x381.jpg 678w\" sizes=\"auto, (max-width: 1548px) 100vw, 1548px\" \/><\/a><\/p>\n<p>Luego de conocido el resultado,\u00a0<strong>hubo festejos con bombas de estruendo y una hora de caravana por toda la localidad.<\/strong><\/p>\n<blockquote><p>En declaraciones frente al p\u00fablico que la ovacion\u00f3 en la Unidad B\u00e1sica luiggense, Patricia Lav\u00edn manifest\u00f3: \u201cesta victoria es una clara muestra de que el Proyecto Verna\u00a0est\u00e1 m\u00e1s fuerte que nunca.\u00a0La provincial de La Pampa\u00a0confirma su camino de ser una sociedad con justicia social, tendiendo puentes para una vida de bienestar\u201d.<\/p>\n<p>\u201cQuiero saludar especialmente a mi referente\u00a0Carlos Alberto Verna, que con fuerza y coraje ha desplegado la mejor pol\u00edtica sobre nuestra provincia, defendiendo los derechos de todas las personas que habitan nuestro suelo\u201d.<\/p>\n<p>\u201cUn especial saludo al compa\u00f1ero Sergio Zillioto. Vamos a trabajar codo a codo, para continuar el camino de nuestra querida provincia. Sabes que cont\u00e1s conmigo para el camino que empieza, gobernar\u00a0La Pampa en medio de la crisis de nuestro pa\u00eds. Vamos a proveer pol\u00edticas productivas y soluciones a las necesidades de nuestras vecinas y nuestros vecinos\u201d.<\/p>\n<p><a href=\"http:\/\/oasisfm935.com\/site\/wp-content\/uploads\/2019\/05\/60967085_358278474813492_7665453941076787200_n.jpg\"><img loading=\"lazy\" decoding=\"async\" class=\"alignnone size-full wp-image-1866\" src=\"http:\/\/oasisfm935.com\/site\/wp-content\/uploads\/2019\/05\/60967085_358278474813492_7665453941076787200_n.jpg\" alt=\"\" width=\"930\" height=\"523\" srcset=\"https:\/\/oasisfm935.com.ar\/site\/wp-content\/uploads\/2019\/05\/60967085_358278474813492_7665453941076787200_n.jpg 930w, https:\/\/oasisfm935.com.ar\/site\/wp-content\/uploads\/2019\/05\/60967085_358278474813492_7665453941076787200_n-300x169.jpg 300w, https:\/\/oasisfm935.com.ar\/site\/wp-content\/uploads\/2019\/05\/60967085_358278474813492_7665453941076787200_n-768x432.jpg 768w, https:\/\/oasisfm935.com.ar\/site\/wp-content\/uploads\/2019\/05\/60967085_358278474813492_7665453941076787200_n-678x381.jpg 678w\" sizes=\"auto, (max-width: 930px) 100vw, 930px\" \/><\/a><\/p>\n<p>\u201c\u00a1Felicitaciones a mi querida Intendenta electa\u00a0Fernanda Alonso! Amiga, referente, compa\u00f1era: empieza un camino nuevo para nosotras y estoy convencida del trabajo que vamos a hacer por nuestros pueblos y ciudades. General Pico\u00a0tiene la mejor intendenta que podr\u00eda tener y voy a tener el orgullo de compartir estos a\u00f1os con vos, conduciendo los destinos del gobierno de los lugares que nos vieron nacer\u201d.<\/p>\n<p>\u201cFelicitaciones querido\u00a0Oscar Zanoli que dej\u00e1s un mejor Luiggi y s\u00e9 que vas a defender los intereses de nuestro pueblo y nuestra provincia\u00bb.<\/p>\n<p>\u00abSomos un equipo listo para continuar llevando a La Pampa al lugar que se merece: ser una de las provincias con mayor bienestar del pa\u00eds\u201d.<\/p>\n<p><a href=\"http:\/\/oasisfm935.com\/site\/wp-content\/uploads\/2019\/05\/60629853_944181065917848_7891009839457894400_n.jpg\"><img loading=\"lazy\" decoding=\"async\" class=\"alignnone size-full wp-image-1867\" src=\"http:\/\/oasisfm935.com\/site\/wp-content\/uploads\/2019\/05\/60629853_944181065917848_7891009839457894400_n.jpg\" alt=\"\" width=\"438\" height=\"778\" srcset=\"https:\/\/oasisfm935.com.ar\/site\/wp-content\/uploads\/2019\/05\/60629853_944181065917848_7891009839457894400_n.jpg 438w, https:\/\/oasisfm935.com.ar\/site\/wp-content\/uploads\/2019\/05\/60629853_944181065917848_7891009839457894400_n-169x300.jpg 169w\" sizes=\"auto, (max-width: 438px) 100vw, 438px\" \/><\/a><\/p>\n<p>\u201cY un gracias inmenso a todo el equipo que trabaj\u00f3 para que podamos seguir so\u00f1ando: A\u00a0Juanjo Gorordo que ser\u00e1 mi viceintendente, llevando adelante el trabajo en el\u00a0Concejo Deliberante\u00a0y aportando una mirada innovadora. A\u00a0Virginia Cisterna que desde el\u00a0Juzgado de Paz trabajar\u00e1 para acercar justicia a nuestras vecinas y nuestros vecinos. Y a quienes integran la lista del Concejo Deliberante, desde la cual debatiremos las ordenanzas que har\u00e1n de nuestro pueblo un lugar a\u00fan m\u00e1s justo\u201d, culmin\u00f3 Patricia Lav\u00edn, la nueva intendente electa en su discurso de festejo previo a partir a la caravana.<\/p><\/blockquote>\n<p>&nbsp;<\/p>\n<p>Fuente : Zonal Noticias y FM OASIS<\/p>\n<div class=\"oasis-despues-del-contenido\" id=\"oasis-3939759574\"><img loading=\"lazy\" decoding=\"async\" src=\"https:\/\/oasisfm935.com.ar\/site\/wp-content\/uploads\/2020\/08\/47806202-8741-49f2-a5c9-d2f930e5baa1.jpg\" alt=\"\"  srcset=\"https:\/\/oasisfm935.com.ar\/site\/wp-content\/uploads\/2020\/08\/47806202-8741-49f2-a5c9-d2f930e5baa1.jpg 1080w, https:\/\/oasisfm935.com.ar\/site\/wp-content\/uploads\/2020\/08\/47806202-8741-49f2-a5c9-d2f930e5baa1-300x300.jpg 300w, https:\/\/oasisfm935.com.ar\/site\/wp-content\/uploads\/2020\/08\/47806202-8741-49f2-a5c9-d2f930e5baa1-1024x1024.jpg 1024w, https:\/\/oasisfm935.com.ar\/site\/wp-content\/uploads\/2020\/08\/47806202-8741-49f2-a5c9-d2f930e5baa1-150x150.jpg 150w, https:\/\/oasisfm935.com.ar\/site\/wp-content\/uploads\/2020\/08\/47806202-8741-49f2-a5c9-d2f930e5baa1-768x768.jpg 768w\" sizes=\"(max-width: 1080px) 100vw, 1080px\" class=\"no-lazyload\" width=\"1080\" height=\"1080\"  style=\"display: inline-block;\" \/><\/div>","protected":false},"excerpt":{"rendered":"<p>Mar\u00eda Patricia Lav\u00edn del FreJuPa se impuso por m\u00e1s de 600 votos ante Soledad Mir del Frente Cambiemos \u2013 UCR. En Luiggi<\/p>\n","protected":false},"author":4,"featured_media":1725,"comment_status":"closed","ping_status":"open","sticky":false,"template":"","format":"standard","meta":{"colormag_page_layout":"default_layout","footnotes":""},"categories":[2],"tags":[],"class_list":["post-1864","post","type-post","status-publish","format-standard","has-post-thumbnail","hentry","category-noticias"],"_links":{"self":[{"href":"https:\/\/oasisfm935.com.ar\/site\/wp-json\/wp\/v2\/posts\/1864","targetHints":{"allow":["GET"]}}],"collection":[{"href":"https:\/\/oasisfm935.com.ar\/site\/wp-json\/wp\/v2\/posts"}],"about":[{"href":"https:\/\/oasisfm935.com.ar\/site\/wp-json\/wp\/v2\/types\/post"}],"author":[{"embeddable":true,"href":"https:\/\/oasisfm935.com.ar\/site\/wp-json\/wp\/v2\/users\/4"}],"replies":[{"embeddable":true,"href":"https:\/\/oasisfm935.com.ar\/site\/wp-json\/wp\/v2\/comments?post=1864"}],"version-history":[{"count":2,"href":"https:\/\/oasisfm935.com.ar\/site\/wp-json\/wp\/v2\/posts\/1864\/revisions"}],"predecessor-version":[{"id":1870,"href":"https:\/\/oasisfm935.com.ar\/site\/wp-json\/wp\/v2\/posts\/1864\/revisions\/1870"}],"wp:featuredmedia":[{"embeddable":true,"href":"https:\/\/oasisfm935.com.ar\/site\/wp-json\/wp\/v2\/media\/1725"}],"wp:attachment":[{"href":"https:\/\/oasisfm935.com.ar\/site\/wp-json\/wp\/v2\/media?parent=1864"}],"wp:term":[{"taxonomy":"category","embeddable":true,"href":"https:\/\/oasisfm935.com.ar\/site\/wp-json\/wp\/v2\/categories?post=1864"},{"taxonomy":"post_tag","embeddable":true,"href":"https:\/\/oasisfm935.com.ar\/site\/wp-json\/wp\/v2\/tags?post=1864"}],"curies":[{"name":"wp","href":"https:\/\/api.w.org\/{rel}","templated":true}]}}