{"id":1873,"date":"2019-05-20T10:25:27","date_gmt":"2019-05-20T13:25:27","guid":{"rendered":"http:\/\/oasisfm935.com\/site\/?p=1873"},"modified":"2019-05-20T10:25:27","modified_gmt":"2019-05-20T13:25:27","slug":"impresionante-choque-en-la-ruta-9-al-norte-de-parera","status":"publish","type":"post","link":"https:\/\/oasisfm935.com.ar\/site\/impresionante-choque-en-la-ruta-9-al-norte-de-parera\/","title":{"rendered":"Impresionante choque en la ruta 9 al norte de Parera"},"content":{"rendered":"<div class=\"itemIntroText\">\n<p><strong>El choque se produjo aproximadamente a las 7,45 de este lunes en la ruta provincial 9 al norte de Parera, a la altura del kil\u00f3metro 8, donde dos veh\u00edculos colisionaron violentamente, cuando uno de los rodados habr\u00eda realizado una maniobra de retome.<\/strong><\/p>\n<\/div>\n<div class=\"itemFullText\">\n<blockquote><p><strong>El jefe policial de Parera Carlos Daniel Villegas<\/strong>\u00a0inform\u00f3 a\u00a0<strong>Zonal Noticias<\/strong>\u00a0que el choque se produjo entre un Citroen C 4 al mando de Claudia Dosio y un Renault 19 conducido por Leonardo Noguera (47).<\/p><\/blockquote>\n<p>Acorde a la informaci\u00f3n ofrecida por el subcomisario, el Renault 19 color blanco\u00a0 presentaba un impacto en la zona central sobre el lado del conductor y el Citroen C 4 una colisi\u00f3n \u00a0sobre el sector frontal.<\/p>\n<p><a href=\"http:\/\/oasisfm935.com\/site\/wp-content\/uploads\/2019\/05\/descarga-1.jpg\"><img loading=\"lazy\" decoding=\"async\" class=\"alignnone size-full wp-image-1874\" src=\"http:\/\/oasisfm935.com\/site\/wp-content\/uploads\/2019\/05\/descarga-1.jpg\" alt=\"\" width=\"960\" height=\"540\" srcset=\"https:\/\/oasisfm935.com.ar\/site\/wp-content\/uploads\/2019\/05\/descarga-1.jpg 960w, https:\/\/oasisfm935.com.ar\/site\/wp-content\/uploads\/2019\/05\/descarga-1-300x169.jpg 300w, https:\/\/oasisfm935.com.ar\/site\/wp-content\/uploads\/2019\/05\/descarga-1-768x432.jpg 768w, https:\/\/oasisfm935.com.ar\/site\/wp-content\/uploads\/2019\/05\/descarga-1-678x381.jpg 678w\" sizes=\"auto, (max-width: 960px) 100vw, 960px\" \/><\/a><\/p>\n<blockquote><p>Aparentemente el Renault 19 habr\u00eda intentado realizar una maniobra de retome sin advertir que detr\u00e1s en sentido sur a norte circulaba el Citroen, que no logr\u00f3 evitar el impacto.<\/p><\/blockquote>\n<p><strong>En el caso del Citroen se activaron los air bag y la mujer tendr\u00eda lesiones menos graves que el conductor del Renault 19, que fue trasladado en estado cr\u00edtico al hospital de Realic\u00f3.<\/strong><\/p>\n<p><a href=\"http:\/\/oasisfm935.com\/site\/wp-content\/uploads\/2019\/05\/descarga-2.jpg\"><img loading=\"lazy\" decoding=\"async\" class=\"alignnone size-full wp-image-1875\" src=\"http:\/\/oasisfm935.com\/site\/wp-content\/uploads\/2019\/05\/descarga-2.jpg\" alt=\"\" width=\"960\" height=\"540\" srcset=\"https:\/\/oasisfm935.com.ar\/site\/wp-content\/uploads\/2019\/05\/descarga-2.jpg 960w, https:\/\/oasisfm935.com.ar\/site\/wp-content\/uploads\/2019\/05\/descarga-2-300x169.jpg 300w, https:\/\/oasisfm935.com.ar\/site\/wp-content\/uploads\/2019\/05\/descarga-2-768x432.jpg 768w, https:\/\/oasisfm935.com.ar\/site\/wp-content\/uploads\/2019\/05\/descarga-2-678x381.jpg 678w\" sizes=\"auto, (max-width: 960px) 100vw, 960px\" \/><\/a><\/p>\n<p>En el lugar trabaj\u00f3 personal policial de Parera bajo las \u00f3rdenes del subcomisario Villegas, personal de salud\u00a0 y bomberos voluntarios de la localidad.<\/p>\n<blockquote><p>El conductor del Renault 19 qued\u00f3 atrapado en el interior del veh\u00edculos y bomberos de Parera lograron rescatarlo.<\/p><\/blockquote>\n<p>Adem\u00e1s\u00a0 en la ma\u00f1ana arrib\u00f3 personal de la \u00a0Divisi\u00f3n de Investigaciones de General Pico para realizar mediciones y establecer fehacientemente la causal del accidente.<\/p>\n<p><a href=\"http:\/\/oasisfm935.com\/site\/wp-content\/uploads\/2019\/05\/descarga-3.jpg\"><img loading=\"lazy\" decoding=\"async\" class=\"alignnone size-full wp-image-1876\" src=\"http:\/\/oasisfm935.com\/site\/wp-content\/uploads\/2019\/05\/descarga-3.jpg\" alt=\"\" width=\"960\" height=\"540\" srcset=\"https:\/\/oasisfm935.com.ar\/site\/wp-content\/uploads\/2019\/05\/descarga-3.jpg 960w, https:\/\/oasisfm935.com.ar\/site\/wp-content\/uploads\/2019\/05\/descarga-3-300x169.jpg 300w, https:\/\/oasisfm935.com.ar\/site\/wp-content\/uploads\/2019\/05\/descarga-3-768x432.jpg 768w, https:\/\/oasisfm935.com.ar\/site\/wp-content\/uploads\/2019\/05\/descarga-3-678x381.jpg 678w\" sizes=\"auto, (max-width: 960px) 100vw, 960px\" \/><\/a><\/p>\n<p>En el transcruso de la ma\u00f1ana se conocer\u00e1n m\u00e1s detalles sobre la evoluci\u00f3n de ambos conductores.<\/p>\n<p>El hecho qued\u00f3 caratulado\u00a0<strong>\u201cLesiones en accidente de tr\u00e1nsito\u201d.<\/strong><\/p>\n<p>fuente Zonal Noticias<\/p>\n<\/div>\n<div class=\"oasis-despues-del-contenido\" id=\"oasis-3647780978\"><img loading=\"lazy\" decoding=\"async\" src=\"https:\/\/oasisfm935.com.ar\/site\/wp-content\/uploads\/2020\/08\/47806202-8741-49f2-a5c9-d2f930e5baa1.jpg\" alt=\"\"  srcset=\"https:\/\/oasisfm935.com.ar\/site\/wp-content\/uploads\/2020\/08\/47806202-8741-49f2-a5c9-d2f930e5baa1.jpg 1080w, https:\/\/oasisfm935.com.ar\/site\/wp-content\/uploads\/2020\/08\/47806202-8741-49f2-a5c9-d2f930e5baa1-300x300.jpg 300w, https:\/\/oasisfm935.com.ar\/site\/wp-content\/uploads\/2020\/08\/47806202-8741-49f2-a5c9-d2f930e5baa1-1024x1024.jpg 1024w, https:\/\/oasisfm935.com.ar\/site\/wp-content\/uploads\/2020\/08\/47806202-8741-49f2-a5c9-d2f930e5baa1-150x150.jpg 150w, https:\/\/oasisfm935.com.ar\/site\/wp-content\/uploads\/2020\/08\/47806202-8741-49f2-a5c9-d2f930e5baa1-768x768.jpg 768w\" sizes=\"(max-width: 1080px) 100vw, 1080px\" class=\"no-lazyload\" width=\"1080\" height=\"1080\"  style=\"display: inline-block;\" \/><\/div>","protected":false},"excerpt":{"rendered":"<p>El choque se produjo aproximadamente a las 7,45 de este lunes en la ruta provincial 9 al norte de Parera, a la<\/p>\n","protected":false},"author":4,"featured_media":1877,"comment_status":"closed","ping_status":"open","sticky":false,"template":"","format":"standard","meta":{"colormag_page_layout":"default_layout","footnotes":""},"categories":[2],"tags":[],"class_list":["post-1873","post","type-post","status-publish","format-standard","has-post-thumbnail","hentry","category-noticias"],"_links":{"self":[{"href":"https:\/\/oasisfm935.com.ar\/site\/wp-json\/wp\/v2\/posts\/1873","targetHints":{"allow":["GET"]}}],"collection":[{"href":"https:\/\/oasisfm935.com.ar\/site\/wp-json\/wp\/v2\/posts"}],"about":[{"href":"https:\/\/oasisfm935.com.ar\/site\/wp-json\/wp\/v2\/types\/post"}],"author":[{"embeddable":true,"href":"https:\/\/oasisfm935.com.ar\/site\/wp-json\/wp\/v2\/users\/4"}],"replies":[{"embeddable":true,"href":"https:\/\/oasisfm935.com.ar\/site\/wp-json\/wp\/v2\/comments?post=1873"}],"version-history":[{"count":1,"href":"https:\/\/oasisfm935.com.ar\/site\/wp-json\/wp\/v2\/posts\/1873\/revisions"}],"predecessor-version":[{"id":1878,"href":"https:\/\/oasisfm935.com.ar\/site\/wp-json\/wp\/v2\/posts\/1873\/revisions\/1878"}],"wp:featuredmedia":[{"embeddable":true,"href":"https:\/\/oasisfm935.com.ar\/site\/wp-json\/wp\/v2\/media\/1877"}],"wp:attachment":[{"href":"https:\/\/oasisfm935.com.ar\/site\/wp-json\/wp\/v2\/media?parent=1873"}],"wp:term":[{"taxonomy":"category","embeddable":true,"href":"https:\/\/oasisfm935.com.ar\/site\/wp-json\/wp\/v2\/categories?post=1873"},{"taxonomy":"post_tag","embeddable":true,"href":"https:\/\/oasisfm935.com.ar\/site\/wp-json\/wp\/v2\/tags?post=1873"}],"curies":[{"name":"wp","href":"https:\/\/api.w.org\/{rel}","templated":true}]}}