{"id":1879,"date":"2019-05-20T12:16:55","date_gmt":"2019-05-20T15:16:55","guid":{"rendered":"http:\/\/oasisfm935.com\/site\/?p=1879"},"modified":"2019-05-20T12:16:55","modified_gmt":"2019-05-20T15:16:55","slug":"macri-llamo-a-ziliotto-para-felicitarlo-por-el-triunfo","status":"publish","type":"post","link":"https:\/\/oasisfm935.com.ar\/site\/macri-llamo-a-ziliotto-para-felicitarlo-por-el-triunfo\/","title":{"rendered":"Macri llam\u00f3 a Ziliotto para felicitarlo por el triunfo"},"content":{"rendered":"<p>\u201cEl presidente\u00a0<strong>Mauricio Macri<\/strong>\u00a0me llam\u00f3 esta ma\u00f1ana para felicitarme por el contundente triunfo del peronismo en La Pampa\u201d. Lo anunci\u00f3<strong>\u00a0Sergio Ziliotto<\/strong>, en su cuenta de Twitter, a la vez que valor\u00f3 el gesto en el marco de una \u201csana convivencia\u201d pol\u00edtica.<\/p>\n<p>Mas temprano tambi\u00e9n lo hab\u00eda felicitado el ministro del Interior,<a href=\"http:\/\/diariotextual.com\/inicio\/index.php\/2019\/05\/20\/frigerio-saludo-ziliotto-triunfo-lo-convoco-trabajar-juntos\/\" target=\"_blank\" rel=\"noopener noreferrer\"><strong>\u00a0Rogelio Frigerio, con otro tuit<\/strong><\/a>.\u00a0\u201cLa convocatoria como siempre es a trabajar juntos para mejorar la vida de los pampeanos\u201d, le dijo el funcionario nacional.<\/p>\n<p><strong>Cambiemos<\/strong>, como ya se pronosticaba,\u00a0<strong>no pudo detener la racha negativa<\/strong>: con los resultados en las elecciones de este domingo en La Pampa,<a href=\"http:\/\/diariotextual.com\/inicio\/index.php\/2019\/05\/19\/elecciones-la-pampa-la-novena-derrota-al-hilo-macri\/\" target=\"_blank\" rel=\"noopener noreferrer\">\u00a0<strong>el presidente Mauricio Macri sufri\u00f3 su novena derrota consecutiva en lo que va del 2019<\/strong><\/a>.<\/p>\n<p>&nbsp;<\/p>\n<p>Fue una elecci\u00f3n, como se preve\u00eda, polarizada. Los pampeanos, por mayor\u00eda, ratificaron los 36 a\u00f1os de Gobiernos peronistas y, adem\u00e1s, castigaron las pol\u00edticas econ\u00f3micas del macrismo.<\/p>\n<p>Con el 99,4 por ciento de las mesas escrutadas<strong>, Ziliotto se impuso por el 52,66% (106851 votos) contra el 31,83% (64579)\u00a0<\/strong>del radical Daniel Kroneberger (Cambiemos).<\/p>\n<div class=\"oasis-despues-del-contenido\" id=\"oasis-2976141754\"><img loading=\"lazy\" decoding=\"async\" src=\"https:\/\/oasisfm935.com.ar\/site\/wp-content\/uploads\/2020\/08\/47806202-8741-49f2-a5c9-d2f930e5baa1.jpg\" alt=\"\"  srcset=\"https:\/\/oasisfm935.com.ar\/site\/wp-content\/uploads\/2020\/08\/47806202-8741-49f2-a5c9-d2f930e5baa1.jpg 1080w, https:\/\/oasisfm935.com.ar\/site\/wp-content\/uploads\/2020\/08\/47806202-8741-49f2-a5c9-d2f930e5baa1-300x300.jpg 300w, https:\/\/oasisfm935.com.ar\/site\/wp-content\/uploads\/2020\/08\/47806202-8741-49f2-a5c9-d2f930e5baa1-1024x1024.jpg 1024w, https:\/\/oasisfm935.com.ar\/site\/wp-content\/uploads\/2020\/08\/47806202-8741-49f2-a5c9-d2f930e5baa1-150x150.jpg 150w, https:\/\/oasisfm935.com.ar\/site\/wp-content\/uploads\/2020\/08\/47806202-8741-49f2-a5c9-d2f930e5baa1-768x768.jpg 768w\" sizes=\"(max-width: 1080px) 100vw, 1080px\" class=\"no-lazyload\" width=\"1080\" height=\"1080\"  style=\"display: inline-block;\" \/><\/div>","protected":false},"excerpt":{"rendered":"<p>\u201cEl presidente\u00a0Mauricio Macri\u00a0me llam\u00f3 esta ma\u00f1ana para felicitarme por el contundente triunfo del peronismo en La Pampa\u201d. Lo anunci\u00f3\u00a0Sergio Ziliotto, en su<\/p>\n","protected":false},"author":4,"featured_media":1519,"comment_status":"closed","ping_status":"open","sticky":false,"template":"","format":"standard","meta":{"colormag_page_layout":"default_layout","footnotes":""},"categories":[2],"tags":[],"class_list":["post-1879","post","type-post","status-publish","format-standard","has-post-thumbnail","hentry","category-noticias"],"_links":{"self":[{"href":"https:\/\/oasisfm935.com.ar\/site\/wp-json\/wp\/v2\/posts\/1879","targetHints":{"allow":["GET"]}}],"collection":[{"href":"https:\/\/oasisfm935.com.ar\/site\/wp-json\/wp\/v2\/posts"}],"about":[{"href":"https:\/\/oasisfm935.com.ar\/site\/wp-json\/wp\/v2\/types\/post"}],"author":[{"embeddable":true,"href":"https:\/\/oasisfm935.com.ar\/site\/wp-json\/wp\/v2\/users\/4"}],"replies":[{"embeddable":true,"href":"https:\/\/oasisfm935.com.ar\/site\/wp-json\/wp\/v2\/comments?post=1879"}],"version-history":[{"count":1,"href":"https:\/\/oasisfm935.com.ar\/site\/wp-json\/wp\/v2\/posts\/1879\/revisions"}],"predecessor-version":[{"id":1880,"href":"https:\/\/oasisfm935.com.ar\/site\/wp-json\/wp\/v2\/posts\/1879\/revisions\/1880"}],"wp:featuredmedia":[{"embeddable":true,"href":"https:\/\/oasisfm935.com.ar\/site\/wp-json\/wp\/v2\/media\/1519"}],"wp:attachment":[{"href":"https:\/\/oasisfm935.com.ar\/site\/wp-json\/wp\/v2\/media?parent=1879"}],"wp:term":[{"taxonomy":"category","embeddable":true,"href":"https:\/\/oasisfm935.com.ar\/site\/wp-json\/wp\/v2\/categories?post=1879"},{"taxonomy":"post_tag","embeddable":true,"href":"https:\/\/oasisfm935.com.ar\/site\/wp-json\/wp\/v2\/tags?post=1879"}],"curies":[{"name":"wp","href":"https:\/\/api.w.org\/{rel}","templated":true}]}}