{"id":1891,"date":"2019-05-22T10:38:08","date_gmt":"2019-05-22T13:38:08","guid":{"rendered":"http:\/\/oasisfm935.com\/site\/?p=1891"},"modified":"2019-05-22T10:38:08","modified_gmt":"2019-05-22T13:38:08","slug":"verna-nos-pidio-un-regalo-y-nosotros-hicimos-nuestro-aporte-desde-esta-localidad-dijo-patricia-lavin-la-nueva-intendenta-de-ingeniero-luiggi","status":"publish","type":"post","link":"https:\/\/oasisfm935.com.ar\/site\/verna-nos-pidio-un-regalo-y-nosotros-hicimos-nuestro-aporte-desde-esta-localidad-dijo-patricia-lavin-la-nueva-intendenta-de-ingeniero-luiggi\/","title":{"rendered":"Verna nos pidi\u00f3 un regalo y nosotros hicimos nuestro aporte desde esta localidad\u00bb dijo Patricia Lavin la nueva Intendenta de Ingeniero Luiggi"},"content":{"rendered":"<p>La actual subsecretaria de Desarrollo Territorial del Ministerio de Desarrollo Social de La Pampa, Patricia Lav\u00edn, ser\u00e1 la primera mujer en la historia que gobernar\u00e1 -desde el 10 de diciembre- en la localidad de Ingeniero Luiggi.<br \/>\n\u00abVerna nos pidi\u00f3 un regalo en el cierre de campa\u00f1a en General Pico y nosotros hicimos nuestro aporte desde esta localidad para cumplir con nuestro conductor\u00bb, destac\u00f3 Lav\u00edn en di\u00e1logo con Radio DON.<br \/>\nLa candidata del Frente Justicialista Pampeano (Frejupa) obtuvo una amplia victoria en las elecciones en Ingeniero Luiggi. Alcanz\u00f3 casi 1.900 votos contra los m\u00e1s de 1.200 sufragios de la candidata de Cambiemos, Soledad Mir. El Frejupa tambi\u00e9n gan\u00f3 el Juzgado de Paz donde se desempe\u00f1ar\u00e1 -en el pr\u00f3ximo periodo gubernamental- Virginia Cisterna; y tendr\u00e1 mayor\u00eda en el Concejo Deliberante con Juan Jos\u00e9 Gorordo, Elvia Lucia Vicente, Jos\u00e9 Mateo Alvarez, Betina Doglioli y Horacio Teller\u00eda.<br \/>\n\u00abFue una jornada de muchas alegr\u00edas y una clara muestra que el Proyecto Verna est\u00e1 m\u00e1s fuerte que nunca en La Pampa, porque la sociedad pampeana confirm\u00f3 su camino hacia una sociedad con justicia social y tender puentes para una vida de bienestar\u00bb, destac\u00f3 Lav\u00edn.<br \/>\nLa actual funcionaria provincial destac\u00f3 que el Frejupa realiz\u00f3 \u00abuna muy buena elecci\u00f3n a nivel provincial\u00bb. Esto \u00abnos llena de orgullo porque acompa\u00f1amos el Proyecto Verna y la ciudadan\u00eda pampeana convalid\u00f3 con su voto una vez m\u00e1s este programa de gobierno que encabeza Carlos Verna\u00bb, agreg\u00f3.<br \/>\n\u00abEs esto un desaf\u00edo ser la primera mujer que gobierne en Ingeniero Luiggi, pero no me dan miedo los desaf\u00edos, sino que me hacen redoblar los esfuerzos, el compromiso y el trabajo porque nos motiva el crecimiento de Ingeniero Luiggi\u00bb, resalt\u00f3.<br \/>\n-\u00bfEs un desaf\u00edo suceder a Oscar Zanoli porque realiz\u00f3 gestiones que tuvieron muy buena aceptaci\u00f3n en la sociedad luiggense?<br \/>\n-Oscar tuvo una gesti\u00f3n con mucha adversidades, pero realiz\u00f3 una excelente gesti\u00f3n y la gente nos acompa\u00f1\u00f3 nuevamente en las urnas para que un gobierno justicialista contin\u00fae gobernando en Ingeniero Luiggi. El porcentaje de votos obtenidos indica que la sociedad pretende que se contin\u00fae con la forma de trabajo que traz\u00f3 Oscar Zanoli, m\u00e1s all\u00e1 de la impronta que le da cada persona. Nosotros vamos a continuar con un modelo de gobierno que establecimos hace a\u00f1os y la gente apoy\u00f3 en las distintas elecciones.<\/p>\n<p>Recuerdos y emociones.<br \/>\nLav\u00edn revel\u00f3 que -el domingo- cuando conoci\u00f3 los resultados electorales r\u00e1pidamente record\u00f3 a su padre y a su hermana Mar\u00eda Marta. Esta \u00faltima fue empleada administrativa de LA ARENA y falleci\u00f3 -en julio de 2017- de un infarto card\u00edaco en M\u00e9xico DF, donde hab\u00eda viajado con su pareja, el m\u00fasico Hugo Cuello, integrando una delegaci\u00f3n de artistas del Ballet Argentino Cald\u00e9n Gaucho. \u00abS\u00ed, me acorde de mi pap\u00e1 y de mi hermana Mar\u00eda Marta\u00bb, dijo -emocionada- la electa intendenta luiggense.<br \/>\n\u00abEn estas circunstancias nos acordamos de muchos referentes que tantos hicieron para que en Ingeniero Luiggi se consolidara el PJ. Cuando comenc\u00e9 a militar en el PJ fue Alfonso Cavallaro se acercaba para decirme que cuando decidiera afiliarme, \u00e9l ten\u00eda la ficha del partido. Y fue una decisi\u00f3n personal comenzar a militar, porque ten\u00eda trabajo, la pol\u00edtica no era lo que me motivaba, pero fue una decisi\u00f3n de vida y voy a morir siendo peronista\u00bb, asegur\u00f3 la ex diputada provincial, actual funcionaria y pr\u00f3xima intendenta de Ingeniero Luiggi.<\/p>\n<div class=\"oasis-despues-del-contenido\" id=\"oasis-4075982786\"><img loading=\"lazy\" decoding=\"async\" src=\"https:\/\/oasisfm935.com.ar\/site\/wp-content\/uploads\/2020\/08\/47806202-8741-49f2-a5c9-d2f930e5baa1.jpg\" alt=\"\"  srcset=\"https:\/\/oasisfm935.com.ar\/site\/wp-content\/uploads\/2020\/08\/47806202-8741-49f2-a5c9-d2f930e5baa1.jpg 1080w, https:\/\/oasisfm935.com.ar\/site\/wp-content\/uploads\/2020\/08\/47806202-8741-49f2-a5c9-d2f930e5baa1-300x300.jpg 300w, https:\/\/oasisfm935.com.ar\/site\/wp-content\/uploads\/2020\/08\/47806202-8741-49f2-a5c9-d2f930e5baa1-1024x1024.jpg 1024w, https:\/\/oasisfm935.com.ar\/site\/wp-content\/uploads\/2020\/08\/47806202-8741-49f2-a5c9-d2f930e5baa1-150x150.jpg 150w, https:\/\/oasisfm935.com.ar\/site\/wp-content\/uploads\/2020\/08\/47806202-8741-49f2-a5c9-d2f930e5baa1-768x768.jpg 768w\" sizes=\"(max-width: 1080px) 100vw, 1080px\" class=\"no-lazyload\" width=\"1080\" height=\"1080\"  style=\"display: inline-block;\" \/><\/div>","protected":false},"excerpt":{"rendered":"<p>La actual subsecretaria de Desarrollo Territorial del Ministerio de Desarrollo Social de La Pampa, Patricia Lav\u00edn, ser\u00e1 la primera mujer en la<\/p>\n","protected":false},"author":4,"featured_media":1892,"comment_status":"closed","ping_status":"open","sticky":false,"template":"","format":"standard","meta":{"colormag_page_layout":"default_layout","footnotes":""},"categories":[2],"tags":[],"class_list":["post-1891","post","type-post","status-publish","format-standard","has-post-thumbnail","hentry","category-noticias"],"_links":{"self":[{"href":"https:\/\/oasisfm935.com.ar\/site\/wp-json\/wp\/v2\/posts\/1891","targetHints":{"allow":["GET"]}}],"collection":[{"href":"https:\/\/oasisfm935.com.ar\/site\/wp-json\/wp\/v2\/posts"}],"about":[{"href":"https:\/\/oasisfm935.com.ar\/site\/wp-json\/wp\/v2\/types\/post"}],"author":[{"embeddable":true,"href":"https:\/\/oasisfm935.com.ar\/site\/wp-json\/wp\/v2\/users\/4"}],"replies":[{"embeddable":true,"href":"https:\/\/oasisfm935.com.ar\/site\/wp-json\/wp\/v2\/comments?post=1891"}],"version-history":[{"count":1,"href":"https:\/\/oasisfm935.com.ar\/site\/wp-json\/wp\/v2\/posts\/1891\/revisions"}],"predecessor-version":[{"id":1893,"href":"https:\/\/oasisfm935.com.ar\/site\/wp-json\/wp\/v2\/posts\/1891\/revisions\/1893"}],"wp:featuredmedia":[{"embeddable":true,"href":"https:\/\/oasisfm935.com.ar\/site\/wp-json\/wp\/v2\/media\/1892"}],"wp:attachment":[{"href":"https:\/\/oasisfm935.com.ar\/site\/wp-json\/wp\/v2\/media?parent=1891"}],"wp:term":[{"taxonomy":"category","embeddable":true,"href":"https:\/\/oasisfm935.com.ar\/site\/wp-json\/wp\/v2\/categories?post=1891"},{"taxonomy":"post_tag","embeddable":true,"href":"https:\/\/oasisfm935.com.ar\/site\/wp-json\/wp\/v2\/tags?post=1891"}],"curies":[{"name":"wp","href":"https:\/\/api.w.org\/{rel}","templated":true}]}}