{"id":1894,"date":"2019-05-22T14:03:18","date_gmt":"2019-05-22T17:03:18","guid":{"rendered":"http:\/\/oasisfm935.com\/site\/?p=1894"},"modified":"2019-05-22T14:03:18","modified_gmt":"2019-05-22T17:03:18","slug":"verna-le-pidio-a-macri-que-impida-el-cierre-del-banco-hipotecario","status":"publish","type":"post","link":"https:\/\/oasisfm935.com.ar\/site\/verna-le-pidio-a-macri-que-impida-el-cierre-del-banco-hipotecario\/","title":{"rendered":"VERNA LE PIDI\u00d3 A MACRI QUE IMPIDA EL CIERRE DEL BANCO HIPOTECARIO ."},"content":{"rendered":"<p>&nbsp;<\/p>\n<p>El gobernador de La Pampa reclam\u00f3 la intervenci\u00f3n del presidente de la Naci\u00f3n para evitar que se bajen las persianas de la sucursal de General Pico, en la que trabajan 6 personas.<\/p>\n<p><ins class=\"adsbygoogle\" data-ad-client=\"ca-pub-7250018434179914\" data-ad-slot=\"1040343543\"><\/ins><\/p>\n<p>\u201cNuestro Banco Hipotecario, que hoy funciona como una sociedad an\u00f3nima pero que tiene una participaci\u00f3n estatal mayoritaria, ha dejado en la calle a seis de sus empleados en General Pico, le pedimos al Gobierno Nacional que revea esta situaci\u00f3n de inmediato\u201d, demand\u00f3 desde sus redes sociales.<\/p>\n<div class=\"oasis-despues-del-contenido\" id=\"oasis-3128826203\"><img loading=\"lazy\" decoding=\"async\" src=\"https:\/\/oasisfm935.com.ar\/site\/wp-content\/uploads\/2020\/08\/47806202-8741-49f2-a5c9-d2f930e5baa1.jpg\" alt=\"\"  srcset=\"https:\/\/oasisfm935.com.ar\/site\/wp-content\/uploads\/2020\/08\/47806202-8741-49f2-a5c9-d2f930e5baa1.jpg 1080w, https:\/\/oasisfm935.com.ar\/site\/wp-content\/uploads\/2020\/08\/47806202-8741-49f2-a5c9-d2f930e5baa1-300x300.jpg 300w, https:\/\/oasisfm935.com.ar\/site\/wp-content\/uploads\/2020\/08\/47806202-8741-49f2-a5c9-d2f930e5baa1-1024x1024.jpg 1024w, https:\/\/oasisfm935.com.ar\/site\/wp-content\/uploads\/2020\/08\/47806202-8741-49f2-a5c9-d2f930e5baa1-150x150.jpg 150w, https:\/\/oasisfm935.com.ar\/site\/wp-content\/uploads\/2020\/08\/47806202-8741-49f2-a5c9-d2f930e5baa1-768x768.jpg 768w\" sizes=\"(max-width: 1080px) 100vw, 1080px\" class=\"no-lazyload\" width=\"1080\" height=\"1080\"  style=\"display: inline-block;\" \/><\/div>","protected":false},"excerpt":{"rendered":"<p>&nbsp; El gobernador de La Pampa reclam\u00f3 la intervenci\u00f3n del presidente de la Naci\u00f3n para evitar que se bajen las persianas de<\/p>\n","protected":false},"author":4,"featured_media":1895,"comment_status":"closed","ping_status":"open","sticky":false,"template":"","format":"standard","meta":{"colormag_page_layout":"default_layout","footnotes":""},"categories":[2],"tags":[],"class_list":["post-1894","post","type-post","status-publish","format-standard","has-post-thumbnail","hentry","category-noticias"],"_links":{"self":[{"href":"https:\/\/oasisfm935.com.ar\/site\/wp-json\/wp\/v2\/posts\/1894","targetHints":{"allow":["GET"]}}],"collection":[{"href":"https:\/\/oasisfm935.com.ar\/site\/wp-json\/wp\/v2\/posts"}],"about":[{"href":"https:\/\/oasisfm935.com.ar\/site\/wp-json\/wp\/v2\/types\/post"}],"author":[{"embeddable":true,"href":"https:\/\/oasisfm935.com.ar\/site\/wp-json\/wp\/v2\/users\/4"}],"replies":[{"embeddable":true,"href":"https:\/\/oasisfm935.com.ar\/site\/wp-json\/wp\/v2\/comments?post=1894"}],"version-history":[{"count":1,"href":"https:\/\/oasisfm935.com.ar\/site\/wp-json\/wp\/v2\/posts\/1894\/revisions"}],"predecessor-version":[{"id":1896,"href":"https:\/\/oasisfm935.com.ar\/site\/wp-json\/wp\/v2\/posts\/1894\/revisions\/1896"}],"wp:featuredmedia":[{"embeddable":true,"href":"https:\/\/oasisfm935.com.ar\/site\/wp-json\/wp\/v2\/media\/1895"}],"wp:attachment":[{"href":"https:\/\/oasisfm935.com.ar\/site\/wp-json\/wp\/v2\/media?parent=1894"}],"wp:term":[{"taxonomy":"category","embeddable":true,"href":"https:\/\/oasisfm935.com.ar\/site\/wp-json\/wp\/v2\/categories?post=1894"},{"taxonomy":"post_tag","embeddable":true,"href":"https:\/\/oasisfm935.com.ar\/site\/wp-json\/wp\/v2\/tags?post=1894"}],"curies":[{"name":"wp","href":"https:\/\/api.w.org\/{rel}","templated":true}]}}