{"id":1898,"date":"2019-05-22T17:13:02","date_gmt":"2019-05-22T20:13:02","guid":{"rendered":"http:\/\/oasisfm935.com\/site\/?p=1898"},"modified":"2019-05-22T17:13:02","modified_gmt":"2019-05-22T20:13:02","slug":"la-pampa-prohibio-un-tipo-de-agroquimico-24d","status":"publish","type":"post","link":"https:\/\/oasisfm935.com.ar\/site\/la-pampa-prohibio-un-tipo-de-agroquimico-24d\/","title":{"rendered":"La Pampa prohibi\u00f3 un tipo de agroqu\u00edmico 2,4d"},"content":{"rendered":"<p>El Ministerio de la Producci\u00f3n de La Pampa anunci\u00f3 este mi\u00e9rcoles que dentro de tres meses estar\u00e1<strong>\u00a0prohibido en toda la provincia<\/strong>\u00a0un herbicida altamente vol\u00e1til: el<strong>\u00a02,4d, but\u00edlico e isobut\u00edlico, en formulaciones \u00e9steres.<\/strong><\/p>\n<p>Es un agroqu\u00edmico que se utiliza para controlar o eliminar la maleza de hoja ancha en los cultivos de cereales de invierno. Principalmente para hacer los barbechos.<\/p>\n<p>Igual los productores rurales podr\u00e1n usar otros agroqu\u00edmicos de la misma familia del 2,4d. \u201cHay productos m\u00e1s seguros porque no son vol\u00e1tiles o tienen baja volatilidad\u201d, dijo<strong>\u00a0Carlos Ferrero<\/strong>, director de Agricultura. \u201cEsos productos usan formulaciones m\u00e1s seguras para el ambiente. Lo que tiene el 2,4d ester es que pasa f\u00e1cilmente a fase de vaporizaci\u00f3n y se disperse en el ambiente\u201d.<\/p>\n<p><strong>\u00bfPor qu\u00e9 esta prohibici\u00f3n? \u201cPorque afecta a cultivos sensibles\u201d, sostuvo el funcionario.<\/strong><\/p>\n<p>\u201cLa idea no es quitar una herramienta en el mercado. Hay otras formulaciones mucho m\u00e1s seguras. La idea es alentar a los t\u00e9cnicos a que usen otras formulaciones m\u00e1s seguras con el ambiente\u201d, insisti\u00f3 Ferrero.<\/p>\n<p>Para llegar a esta prohibici\u00f3n, se hizo una presentaci\u00f3n en la Comisi\u00f3n Provincial de Sanidad Ambiental. \u201cHubo t\u00e9cnicos del INTA que, en el \u00e1mbito de la comisi\u00f3n, presentaron los resultados de los an\u00e1lisis del uso de este producto. En base a ello, la comisi\u00f3n recomend\u00f3 a la Provincia la prohibici\u00f3n de esta formulaci\u00f3n\u201d, cont\u00f3.<\/p>\n<div class=\"oasis-despues-del-contenido\" id=\"oasis-3721380012\"><img loading=\"lazy\" decoding=\"async\" src=\"https:\/\/oasisfm935.com.ar\/site\/wp-content\/uploads\/2020\/08\/47806202-8741-49f2-a5c9-d2f930e5baa1.jpg\" alt=\"\"  srcset=\"https:\/\/oasisfm935.com.ar\/site\/wp-content\/uploads\/2020\/08\/47806202-8741-49f2-a5c9-d2f930e5baa1.jpg 1080w, https:\/\/oasisfm935.com.ar\/site\/wp-content\/uploads\/2020\/08\/47806202-8741-49f2-a5c9-d2f930e5baa1-300x300.jpg 300w, https:\/\/oasisfm935.com.ar\/site\/wp-content\/uploads\/2020\/08\/47806202-8741-49f2-a5c9-d2f930e5baa1-1024x1024.jpg 1024w, https:\/\/oasisfm935.com.ar\/site\/wp-content\/uploads\/2020\/08\/47806202-8741-49f2-a5c9-d2f930e5baa1-150x150.jpg 150w, https:\/\/oasisfm935.com.ar\/site\/wp-content\/uploads\/2020\/08\/47806202-8741-49f2-a5c9-d2f930e5baa1-768x768.jpg 768w\" sizes=\"(max-width: 1080px) 100vw, 1080px\" class=\"no-lazyload\" width=\"1080\" height=\"1080\"  style=\"display: inline-block;\" \/><\/div>","protected":false},"excerpt":{"rendered":"<p>El Ministerio de la Producci\u00f3n de La Pampa anunci\u00f3 este mi\u00e9rcoles que dentro de tres meses estar\u00e1\u00a0prohibido en toda la provincia\u00a0un herbicida<\/p>\n","protected":false},"author":4,"featured_media":1899,"comment_status":"closed","ping_status":"open","sticky":false,"template":"","format":"standard","meta":{"colormag_page_layout":"default_layout","footnotes":""},"categories":[2],"tags":[],"class_list":["post-1898","post","type-post","status-publish","format-standard","has-post-thumbnail","hentry","category-noticias"],"_links":{"self":[{"href":"https:\/\/oasisfm935.com.ar\/site\/wp-json\/wp\/v2\/posts\/1898","targetHints":{"allow":["GET"]}}],"collection":[{"href":"https:\/\/oasisfm935.com.ar\/site\/wp-json\/wp\/v2\/posts"}],"about":[{"href":"https:\/\/oasisfm935.com.ar\/site\/wp-json\/wp\/v2\/types\/post"}],"author":[{"embeddable":true,"href":"https:\/\/oasisfm935.com.ar\/site\/wp-json\/wp\/v2\/users\/4"}],"replies":[{"embeddable":true,"href":"https:\/\/oasisfm935.com.ar\/site\/wp-json\/wp\/v2\/comments?post=1898"}],"version-history":[{"count":1,"href":"https:\/\/oasisfm935.com.ar\/site\/wp-json\/wp\/v2\/posts\/1898\/revisions"}],"predecessor-version":[{"id":1900,"href":"https:\/\/oasisfm935.com.ar\/site\/wp-json\/wp\/v2\/posts\/1898\/revisions\/1900"}],"wp:featuredmedia":[{"embeddable":true,"href":"https:\/\/oasisfm935.com.ar\/site\/wp-json\/wp\/v2\/media\/1899"}],"wp:attachment":[{"href":"https:\/\/oasisfm935.com.ar\/site\/wp-json\/wp\/v2\/media?parent=1898"}],"wp:term":[{"taxonomy":"category","embeddable":true,"href":"https:\/\/oasisfm935.com.ar\/site\/wp-json\/wp\/v2\/categories?post=1898"},{"taxonomy":"post_tag","embeddable":true,"href":"https:\/\/oasisfm935.com.ar\/site\/wp-json\/wp\/v2\/tags?post=1898"}],"curies":[{"name":"wp","href":"https:\/\/api.w.org\/{rel}","templated":true}]}}