{"id":1901,"date":"2019-05-22T19:22:25","date_gmt":"2019-05-22T22:22:25","guid":{"rendered":"http:\/\/oasisfm935.com\/site\/?p=1901"},"modified":"2019-05-22T19:22:25","modified_gmt":"2019-05-22T22:22:25","slug":"dijeron-que-el-modelo-estaba-agotado-y-evidentemente-eso-no-es-asi-senalo-cein","status":"publish","type":"post","link":"https:\/\/oasisfm935.com.ar\/site\/dijeron-que-el-modelo-estaba-agotado-y-evidentemente-eso-no-es-asi-senalo-cein\/","title":{"rendered":"\u201cDijeron que el modelo estaba agotado y evidentemente eso no es as\u00ed\u201d, se\u00f1al\u00f3 Cein"},"content":{"rendered":"<div class=\"extract-post\">La elecci\u00f3n del \u00faltimo domingo confirm\u00f3 la continuidad del intendente de la localidad de La Maruja, Gustavo Cein, en el Ejecutivo municipal. El candidato del Frente Justicialista Pampeano se impuso por m\u00e1s de veinte puntos ante Ricardo Solopi (Frente Cambiemos La Pampa) para desarrollar a partir del 10 de diciembre su cuarto mandato consecutivo.<\/div>\n<div>\n<p>por un amplio margen\u201d.<\/p>\n<p>En el comienzo de la charla el intendente de La Maruja que en la pr\u00f3xima gesti\u00f3n estar\u00e1 acompa\u00f1ado por Gerardo Escudero como viceintendente, agradeci\u00f3 el apoyo de los vecinos de la localidad para imponerse por el 62% de los votos. En La Maruja el Fre.Ju.Pa. cont\u00f3 con 611 sufragios en la compulsa electoral de intendente, mientras que la Lista 501 de \u2018Cambiemos\u2019 sum\u00f3 375. Los n\u00fameros fueron similares en los cargos de gobernador, diputados provinciales y juez de paz.<\/p>\n<p><strong>Incidencia de Naci\u00f3n<\/strong><\/p>\n<p>\u201cEn esta elecci\u00f3n tuvo incidencia la gesti\u00f3n del Gobierno Nacional que es mala, porque acorral\u00f3 a la gente con un combo de inflaci\u00f3n, tarifas elevadas y bajo consumo. Por suerte en La Pampa, gracias a la gesti\u00f3n del gobernador Carlos Verna, se protegi\u00f3 a los pampeanos en el momento duro que se est\u00e1 viviendo en el contexto nacional. Esto marc\u00f3 las elecciones y es para tener en cuenta\u201d, reiter\u00f3.<\/p>\n<p>Seguidamente observ\u00f3 que \u201cen La Pampa tuvimos distintos problemas como los incendios forestales y las inundaciones que afectaron a miles de hect\u00e1reas y el Gobierno Provincial se tuvo que hacer cargo de todo lo que pas\u00f3, incluso con la construcci\u00f3n de alteos en algunas rutas. Y encima el Gobierno Nacional le pide a La Pampa que, por no ser deficitaria, arregle Rutas Nacionales, lo que muestra verdaderamente la gesti\u00f3n de Macri y de Verna\u201d, acot\u00f3.<\/p>\n<p><strong>No a \u2018Cambiemos\u2019<\/strong><\/p>\n<p>El intendente de La Maruja sostuvo m\u00e1s adelante que en el actual per\u00edodo eleccionario que vive la Argentina \u201cal igual que sucedi\u00f3 en La Pampa, muchas provincias le est\u00e1n diciendo no al \u2018Frente Cambiemos\u2019 y apostando una vez m\u00e1s al Peronismo, como en nuestra provincia sucede desde 1983\u201d.<\/p>\n<p>Asimismo, remarc\u00f3 que \u201cLa Pampa es una provincia bien administrada, cuidada, con muchos mejores \u00edndices que otros lugares, en distintas tem\u00e1ticas, y eso es un logro de todos estos a\u00f1os de gobierno del Justicialismo\u201d.<\/p>\n<p>Cein tir\u00f3 que en el marco de la campa\u00f1a previa a las elecciones generales del domingo \u201cdijeron que el modelo estaba agotado y evidentemente eso no es as\u00ed. El Peronismo se impuso por un amplio margen e incluso se recuperaron algunos lugares importantes como Santa Rosa, Realic\u00f3 e Intendente Alvear\u201d.<\/p>\n<p>En otro tramo de la charla con este diario, Cein consider\u00f3 que \u201cfue muy acertada la decisi\u00f3n del gobernador Carlos Verna de desdoblar las elecciones en La Pampa, permiti\u00e9ndole a la gente elegir en libertad, sin interferencia del Gobierno Nacional, respecto a las propuestas de los pampeanos, y el pueblo eligi\u00f3 que siga gobernando el Peronismo, porque esta provincia as\u00ed est\u00e1 muy bien cuidada\u201d.<\/p>\n<p><strong>Plan estrat\u00e9gico<\/strong><\/p>\n<p>En tanto, felicit\u00f3 al pr\u00f3ximo gobernador de la provincia, Sergio Ziliotto, quien continuar\u00e1 con el \u2018Proyecto Verna\u2019, y confi\u00f3 que durante la campa\u00f1a estuvo reunido con el m\u00e1ximo candidato del Fre.Ju.Pa. dialogando sobre \u201clas necesidades que tiene La Maruja\u201d, con la idea de llevar adelante un \u201cplan estrat\u00e9gico para el desarrollo del pueblo y del Municipio en la regi\u00f3n. Buscaremos generar m\u00e1s empleo y dotar a la localidad de servicios, con la idea de generar inversiones privadas\u201d.<\/p>\n<p>En relaci\u00f3n a las inversiones, indic\u00f3 que \u201cest\u00e1 visto que cuando se pone a trabajar el capital, se generan puestos de trabajo a diferencia de cuando el dinero se pone a plazo fijo en un banco, y esta es una de las grandes diferencias que tiene La Pampa con la Naci\u00f3n\u201d, recalc\u00f3.<\/p>\n<p>\u201cNosotros pensamos en un plan estrat\u00e9gico y de proyecci\u00f3n que permita generar condiciones para lograr inversiones en La Maruja que, por ejemplo, hoy necesitar\u00eda de capitales privados para crear una planta productora de alimentos balanceados, teniendo en cuenta que estamos en una zona m\u00e1s ganadera que agr\u00edcola\u201d, ilustr\u00f3.<\/p>\n<p>Tambi\u00e9n confi\u00f3 que se buscar\u00e1 sumar nuevos profesionales m\u00e9dicos al hospital y, por otra parte, contar con una atenci\u00f3n m\u00e1s fluida en la sucursal del Banco de La Pampa que actualmente funciona durante determinados d\u00edas en la localidad.<\/p>\n<p>Finalmente Cein expres\u00f3 que \u201cuna deuda pendiente que tenemos con la comunidad es la construcci\u00f3n de una terminal de \u00f3mnibus y tambi\u00e9n necesitamos viviendas, como en todos lados\u201d.<\/p>\n<\/div>\n<div class=\"oasis-despues-del-contenido\" id=\"oasis-2182484223\"><img loading=\"lazy\" decoding=\"async\" src=\"https:\/\/oasisfm935.com.ar\/site\/wp-content\/uploads\/2020\/08\/47806202-8741-49f2-a5c9-d2f930e5baa1.jpg\" alt=\"\"  srcset=\"https:\/\/oasisfm935.com.ar\/site\/wp-content\/uploads\/2020\/08\/47806202-8741-49f2-a5c9-d2f930e5baa1.jpg 1080w, https:\/\/oasisfm935.com.ar\/site\/wp-content\/uploads\/2020\/08\/47806202-8741-49f2-a5c9-d2f930e5baa1-300x300.jpg 300w, https:\/\/oasisfm935.com.ar\/site\/wp-content\/uploads\/2020\/08\/47806202-8741-49f2-a5c9-d2f930e5baa1-1024x1024.jpg 1024w, https:\/\/oasisfm935.com.ar\/site\/wp-content\/uploads\/2020\/08\/47806202-8741-49f2-a5c9-d2f930e5baa1-150x150.jpg 150w, https:\/\/oasisfm935.com.ar\/site\/wp-content\/uploads\/2020\/08\/47806202-8741-49f2-a5c9-d2f930e5baa1-768x768.jpg 768w\" sizes=\"(max-width: 1080px) 100vw, 1080px\" class=\"no-lazyload\" width=\"1080\" height=\"1080\"  style=\"display: inline-block;\" \/><\/div>","protected":false},"excerpt":{"rendered":"<p>La elecci\u00f3n del \u00faltimo domingo confirm\u00f3 la continuidad del intendente de la localidad de La Maruja, Gustavo Cein, en el Ejecutivo municipal.<\/p>\n","protected":false},"author":4,"featured_media":1902,"comment_status":"closed","ping_status":"open","sticky":false,"template":"","format":"standard","meta":{"colormag_page_layout":"default_layout","footnotes":""},"categories":[2],"tags":[],"class_list":["post-1901","post","type-post","status-publish","format-standard","has-post-thumbnail","hentry","category-noticias"],"_links":{"self":[{"href":"https:\/\/oasisfm935.com.ar\/site\/wp-json\/wp\/v2\/posts\/1901","targetHints":{"allow":["GET"]}}],"collection":[{"href":"https:\/\/oasisfm935.com.ar\/site\/wp-json\/wp\/v2\/posts"}],"about":[{"href":"https:\/\/oasisfm935.com.ar\/site\/wp-json\/wp\/v2\/types\/post"}],"author":[{"embeddable":true,"href":"https:\/\/oasisfm935.com.ar\/site\/wp-json\/wp\/v2\/users\/4"}],"replies":[{"embeddable":true,"href":"https:\/\/oasisfm935.com.ar\/site\/wp-json\/wp\/v2\/comments?post=1901"}],"version-history":[{"count":1,"href":"https:\/\/oasisfm935.com.ar\/site\/wp-json\/wp\/v2\/posts\/1901\/revisions"}],"predecessor-version":[{"id":1903,"href":"https:\/\/oasisfm935.com.ar\/site\/wp-json\/wp\/v2\/posts\/1901\/revisions\/1903"}],"wp:featuredmedia":[{"embeddable":true,"href":"https:\/\/oasisfm935.com.ar\/site\/wp-json\/wp\/v2\/media\/1902"}],"wp:attachment":[{"href":"https:\/\/oasisfm935.com.ar\/site\/wp-json\/wp\/v2\/media?parent=1901"}],"wp:term":[{"taxonomy":"category","embeddable":true,"href":"https:\/\/oasisfm935.com.ar\/site\/wp-json\/wp\/v2\/categories?post=1901"},{"taxonomy":"post_tag","embeddable":true,"href":"https:\/\/oasisfm935.com.ar\/site\/wp-json\/wp\/v2\/tags?post=1901"}],"curies":[{"name":"wp","href":"https:\/\/api.w.org\/{rel}","templated":true}]}}