{"id":1917,"date":"2019-05-27T08:32:30","date_gmt":"2019-05-27T11:32:30","guid":{"rendered":"http:\/\/oasisfm935.com\/site\/?p=1917"},"modified":"2019-05-27T08:32:30","modified_gmt":"2019-05-27T11:32:30","slug":"lavin-propone-descentralizar-en-luiggi","status":"publish","type":"post","link":"https:\/\/oasisfm935.com.ar\/site\/lavin-propone-descentralizar-en-luiggi\/","title":{"rendered":"Lav\u00edn propone \u201cdescentralizar\u201d en Luiggi"},"content":{"rendered":"<p>La intendenta electa de Ingeniero Luiggi, Patricia Lav\u00edn, explic\u00f3 tras la victoria electoral del domingo pasado que lo tom\u00f3 \u201ccon much\u00edsima alegr\u00eda y un desaf\u00edo importante tanto en mi vida personal como pol\u00edtica\u201d.<\/p>\n<p>Reflexion\u00f3 que \u201ccon Oscar (Zanoli) pertenecemos a un equipo de trabajo que compartimos desde hace varios a\u00f1os. El eslogan es \u201cVamos por lo que falta\u201d porque estamos convencidos de continuar algunas l\u00edneas de gesti\u00f3n que \u00e9l propuso y reforzar o modificar aquellas que sean necesarias. Siempre con una impronta que le da la personalidad de cada uno\u201d.<\/p>\n<p>Lav\u00edn adelant\u00f3 que \u201ctenemos una impronta en un trabajo m\u00e1s presente en los barrios, que ahora est\u00e1 mucho m\u00e1s centralizado en el municipio. Eso lo pretendemos descentralizar porque Luiggi ha crecido, tiene nuevos barrios, por eso creemos que estamos en condiciones de avanzar en ese sentido, una fuerte presencia de las instituciones que se encuentran en el territorio\u201d.<\/p>\n<p>Uno de los problemas centrales de Luiggi es el d\u00e9ficit habitacional. \u201cSabemos en la situaci\u00f3n en la que estamos respecto a la demanda habitacional y a las pocas viviendas que hemos podido lograr desde las pol\u00edticas nacionales, m\u00e1s all\u00e1 de todo el esfuerzo que ha hecho el Gobierno Provincial para dar respuesta a una necesidad tan b\u00e1sica como es una casa propia. Eso lo vamos a trabajar con el gobernador electo y de hecho es uno de los ejes de su campa\u00f1a\u201d, complet\u00f3.<\/p>\n<div class=\"oasis-despues-del-contenido\" id=\"oasis-2497727217\"><img loading=\"lazy\" decoding=\"async\" src=\"https:\/\/oasisfm935.com.ar\/site\/wp-content\/uploads\/2020\/08\/47806202-8741-49f2-a5c9-d2f930e5baa1.jpg\" alt=\"\"  srcset=\"https:\/\/oasisfm935.com.ar\/site\/wp-content\/uploads\/2020\/08\/47806202-8741-49f2-a5c9-d2f930e5baa1.jpg 1080w, https:\/\/oasisfm935.com.ar\/site\/wp-content\/uploads\/2020\/08\/47806202-8741-49f2-a5c9-d2f930e5baa1-300x300.jpg 300w, https:\/\/oasisfm935.com.ar\/site\/wp-content\/uploads\/2020\/08\/47806202-8741-49f2-a5c9-d2f930e5baa1-1024x1024.jpg 1024w, https:\/\/oasisfm935.com.ar\/site\/wp-content\/uploads\/2020\/08\/47806202-8741-49f2-a5c9-d2f930e5baa1-150x150.jpg 150w, https:\/\/oasisfm935.com.ar\/site\/wp-content\/uploads\/2020\/08\/47806202-8741-49f2-a5c9-d2f930e5baa1-768x768.jpg 768w\" sizes=\"(max-width: 1080px) 100vw, 1080px\" class=\"no-lazyload\" width=\"1080\" height=\"1080\"  style=\"display: inline-block;\" \/><\/div>","protected":false},"excerpt":{"rendered":"<p>La intendenta electa de Ingeniero Luiggi, Patricia Lav\u00edn, explic\u00f3 tras la victoria electoral del domingo pasado que lo tom\u00f3 \u201ccon much\u00edsima alegr\u00eda<\/p>\n","protected":false},"author":4,"featured_media":1918,"comment_status":"closed","ping_status":"open","sticky":false,"template":"","format":"standard","meta":{"colormag_page_layout":"default_layout","footnotes":""},"categories":[2],"tags":[],"class_list":["post-1917","post","type-post","status-publish","format-standard","has-post-thumbnail","hentry","category-noticias"],"_links":{"self":[{"href":"https:\/\/oasisfm935.com.ar\/site\/wp-json\/wp\/v2\/posts\/1917","targetHints":{"allow":["GET"]}}],"collection":[{"href":"https:\/\/oasisfm935.com.ar\/site\/wp-json\/wp\/v2\/posts"}],"about":[{"href":"https:\/\/oasisfm935.com.ar\/site\/wp-json\/wp\/v2\/types\/post"}],"author":[{"embeddable":true,"href":"https:\/\/oasisfm935.com.ar\/site\/wp-json\/wp\/v2\/users\/4"}],"replies":[{"embeddable":true,"href":"https:\/\/oasisfm935.com.ar\/site\/wp-json\/wp\/v2\/comments?post=1917"}],"version-history":[{"count":1,"href":"https:\/\/oasisfm935.com.ar\/site\/wp-json\/wp\/v2\/posts\/1917\/revisions"}],"predecessor-version":[{"id":1919,"href":"https:\/\/oasisfm935.com.ar\/site\/wp-json\/wp\/v2\/posts\/1917\/revisions\/1919"}],"wp:featuredmedia":[{"embeddable":true,"href":"https:\/\/oasisfm935.com.ar\/site\/wp-json\/wp\/v2\/media\/1918"}],"wp:attachment":[{"href":"https:\/\/oasisfm935.com.ar\/site\/wp-json\/wp\/v2\/media?parent=1917"}],"wp:term":[{"taxonomy":"category","embeddable":true,"href":"https:\/\/oasisfm935.com.ar\/site\/wp-json\/wp\/v2\/categories?post=1917"},{"taxonomy":"post_tag","embeddable":true,"href":"https:\/\/oasisfm935.com.ar\/site\/wp-json\/wp\/v2\/tags?post=1917"}],"curies":[{"name":"wp","href":"https:\/\/api.w.org\/{rel}","templated":true}]}}