{"id":1933,"date":"2019-05-27T18:40:39","date_gmt":"2019-05-27T21:40:39","guid":{"rendered":"http:\/\/oasisfm935.com\/site\/?p=1933"},"modified":"2019-05-27T18:40:39","modified_gmt":"2019-05-27T21:40:39","slug":"lucrecia-rodrigo-se-lucio-en-la-casa-de-la-pampa","status":"publish","type":"post","link":"https:\/\/oasisfm935.com.ar\/site\/lucrecia-rodrigo-se-lucio-en-la-casa-de-la-pampa\/","title":{"rendered":"Lucrecia Rodrigo se luci\u00f3 en la Casa de La Pampa"},"content":{"rendered":"<div class=\"letracopetenota\">En una noche a puro folclore se present\u00f3 la cantante Lucrecia Rodrigo, quien se encuentra promocionando en Buenos Aires su disco \u201cEl Baile Pampa\u201d. La acompa\u00f1\u00f3 la piquense \u00c1ngela Irene.<\/div>\n<div class=\"letranota text-justify padt15\">\n<p>El show de la oriunda de Ingeniero Luiggi tuvo lugar el viernes por la noche en Casa de La Pampa y cont\u00f3 con la participaci\u00f3n especial de la folclorista piquense \u00c1ngela Irene.<\/p>\n<p>La presentaci\u00f3n de Lucrecia Rodrigo se produjo en el marco del ciclo Cancionero Folcl\u00f3rico Pampeano.<\/p>\n<p>\u00abEstoy muy feliz por todo lo que significa tocar en la Casa de La Pampa. Desde hace dos a\u00f1os que ven\u00eda conversando con Cristian Accattoli la idea de de tocar ac\u00e1 y ahora se dio, justo con disco nuevo, por lo que para m\u00ed es un placer enorme\u00bb, se\u00f1al\u00f3 la joven nacida en Ingeniero Luiggi.<\/p>\n<p>La artista pampeana se encuentra promocionando su \u00faltimo trabajo discogr\u00e1fico \u00abEl Baile Pampa\u00bb, en el que propone un rescate de las danzas sure\u00f1as.<\/p>\n<p>\u00abEl disco busca extender un poco la provincia de La Pampa para irnos a la llanura pampeana, porque m\u00e1s all\u00e1 de tener autores pampeanos como El Bardino, Edgar Morisoli y Pedro Cabal, hay tambi\u00e9n danzas de la regi\u00f3n pampeana. Tenemos huellas, triunfos, remedios y zamba toldera. Hay un poco de todo\u00bb, explic\u00f3.<\/p>\n<p>Desde muy peque\u00f1a Lucrecia Rodrigo hered\u00f3 de su pap\u00e1 la pasi\u00f3n por la m\u00fasica. Y al finalizar sus estudios secundarios emigr\u00f3 a la ciudad de C\u00f3rdoba donde se form\u00f3 profesionalmente.<\/p>\n<p>\u00abMe fui a C\u00f3rdoba hace 19 a\u00f1os atr\u00e1s cuando termin\u00e9 el secundario. Econ\u00f3micamente no estaba como para irme a estudiar afuera pero mi mam\u00e1 me dijo &#8216;te doy alas para que vueles&#8217;. Y agarr\u00e9 mi guitarra y lo primero que hice fue cantar en la peatonal con mi hermano. Ese fue el primer escenario que nos vio cantar en C\u00f3rdoba. Cant\u00e1bamos todos los fines de semana. Y ah\u00ed me qued\u00e9. Despu\u00e9s estudi\u00e9 Fonoaudiolog\u00eda y me dediqu\u00e9 al entrenamiento de la voz y a seguir mi camino musical que comenz\u00f3 en La Pampa\u00bb, afirm\u00f3 Rodrigo.<\/p>\n<p><a href=\"http:\/\/oasisfm935.com\/site\/wp-content\/uploads\/2019\/05\/t400-Lucrecia-rodrigo-casa-pampa-1558992878.jpg\"><img loading=\"lazy\" decoding=\"async\" class=\"alignnone size-full wp-image-1935\" src=\"http:\/\/oasisfm935.com\/site\/wp-content\/uploads\/2019\/05\/t400-Lucrecia-rodrigo-casa-pampa-1558992878.jpg\" alt=\"\" width=\"400\" height=\"300\" srcset=\"https:\/\/oasisfm935.com.ar\/site\/wp-content\/uploads\/2019\/05\/t400-Lucrecia-rodrigo-casa-pampa-1558992878.jpg 400w, https:\/\/oasisfm935.com.ar\/site\/wp-content\/uploads\/2019\/05\/t400-Lucrecia-rodrigo-casa-pampa-1558992878-300x225.jpg 300w, https:\/\/oasisfm935.com.ar\/site\/wp-content\/uploads\/2019\/05\/t400-Lucrecia-rodrigo-casa-pampa-1558992878-326x245.jpg 326w, https:\/\/oasisfm935.com.ar\/site\/wp-content\/uploads\/2019\/05\/t400-Lucrecia-rodrigo-casa-pampa-1558992878-80x60.jpg 80w\" sizes=\"auto, (max-width: 400px) 100vw, 400px\" \/><\/a><\/p>\n<\/div>\n<p>&nbsp;<\/p>\n<div class=\"col-xl-9 col-lg-9 col-md-9 col-12  padt5\">\n<div class=\"letranota text-justify padt15\">\n<p><strong>Invitada de lujo<\/strong><\/p>\n<p>La apertura del Ciclo Cancionero Folcl\u00f3rico Pampeano cont\u00f3 con la participaci\u00f3n especial de la folclorista piquense \u00c1ngela Irene.<\/p>\n<p>\u00abEstoy muy feliz porque vine a acompa\u00f1ar a una amiga que conoc\u00ed en una noche de pe\u00f1as en Cosqu\u00edn. Cuando me la presentaron me dijeron: &#8216;ella es pampeana y canta&#8217; y la invit\u00e9 a cantar conmigo. Lo nuestro fue amor a primera vista\u00bb, asegur\u00f3 Irene.<\/p>\n<p>\u00abMe pareci\u00f3 hermoso acompa\u00f1ar a Lucrecia Rodrigo que es una cantante pampeana que est\u00e1 viviendo lejos y yo s\u00e9 cu\u00e1l es el camino cuando se est\u00e1 lejos de La Pampa, por eso decid\u00ed que la iba a apoyar de todas las maneras que pudiera\u00bb, a\u00f1adi\u00f3.<\/p>\n<p>De larga trayectoria en el cancionero popular, \u00c1ngela Irene se consagr\u00f3 en 1977 en el Festival de Cosqu\u00edn interpretando la zamba \u00abCruz de quebracho\u00bb.\u00a0 Dos a\u00f1os m\u00e1s tarde grab\u00f3 su primer \u00e1lbum, \u00abAriel Ram\u00edrez presenta a \u00c1ngela Irene\u00bb. En 2008 present\u00f3 su \u00faltimo trabajo discogr\u00e1fico \u00abSoy\u00bb, acompa\u00f1ada por Luis Salinas, Ra\u00fal Carnota, Domingo Cura y Pedro Aznar, entre otros.<\/p>\n<p>Su actualidad art\u00edstica la encuentra entre la finalizaci\u00f3n de un nuevo disco \u2013al que solo le faltan grabar tres canciones-, y una gira por el norte del pa\u00eds en el mes de julio que incluir\u00e1 shows en las provincias de Salta y Jujuy.<\/p>\n<\/div>\n<\/div>\n<div class=\"col-xl-3 col-lg-3 col-md-3 col-12 padt10 text-center\">\n<div class=\"popup-gallery\"><\/div>\n<\/div>\n<p>&nbsp;<\/p>\n<div class=\"oasis-despues-del-contenido\" id=\"oasis-436287760\"><img loading=\"lazy\" decoding=\"async\" src=\"https:\/\/oasisfm935.com.ar\/site\/wp-content\/uploads\/2020\/08\/47806202-8741-49f2-a5c9-d2f930e5baa1.jpg\" alt=\"\"  srcset=\"https:\/\/oasisfm935.com.ar\/site\/wp-content\/uploads\/2020\/08\/47806202-8741-49f2-a5c9-d2f930e5baa1.jpg 1080w, https:\/\/oasisfm935.com.ar\/site\/wp-content\/uploads\/2020\/08\/47806202-8741-49f2-a5c9-d2f930e5baa1-300x300.jpg 300w, https:\/\/oasisfm935.com.ar\/site\/wp-content\/uploads\/2020\/08\/47806202-8741-49f2-a5c9-d2f930e5baa1-1024x1024.jpg 1024w, https:\/\/oasisfm935.com.ar\/site\/wp-content\/uploads\/2020\/08\/47806202-8741-49f2-a5c9-d2f930e5baa1-150x150.jpg 150w, https:\/\/oasisfm935.com.ar\/site\/wp-content\/uploads\/2020\/08\/47806202-8741-49f2-a5c9-d2f930e5baa1-768x768.jpg 768w\" sizes=\"(max-width: 1080px) 100vw, 1080px\" class=\"no-lazyload\" width=\"1080\" height=\"1080\"  style=\"display: inline-block;\" \/><\/div>","protected":false},"excerpt":{"rendered":"<p>En una noche a puro folclore se present\u00f3 la cantante Lucrecia Rodrigo, quien se encuentra promocionando en Buenos Aires su disco \u201cEl<\/p>\n","protected":false},"author":4,"featured_media":1934,"comment_status":"closed","ping_status":"open","sticky":false,"template":"","format":"standard","meta":{"colormag_page_layout":"default_layout","footnotes":""},"categories":[2],"tags":[],"class_list":["post-1933","post","type-post","status-publish","format-standard","has-post-thumbnail","hentry","category-noticias"],"_links":{"self":[{"href":"https:\/\/oasisfm935.com.ar\/site\/wp-json\/wp\/v2\/posts\/1933","targetHints":{"allow":["GET"]}}],"collection":[{"href":"https:\/\/oasisfm935.com.ar\/site\/wp-json\/wp\/v2\/posts"}],"about":[{"href":"https:\/\/oasisfm935.com.ar\/site\/wp-json\/wp\/v2\/types\/post"}],"author":[{"embeddable":true,"href":"https:\/\/oasisfm935.com.ar\/site\/wp-json\/wp\/v2\/users\/4"}],"replies":[{"embeddable":true,"href":"https:\/\/oasisfm935.com.ar\/site\/wp-json\/wp\/v2\/comments?post=1933"}],"version-history":[{"count":1,"href":"https:\/\/oasisfm935.com.ar\/site\/wp-json\/wp\/v2\/posts\/1933\/revisions"}],"predecessor-version":[{"id":1936,"href":"https:\/\/oasisfm935.com.ar\/site\/wp-json\/wp\/v2\/posts\/1933\/revisions\/1936"}],"wp:featuredmedia":[{"embeddable":true,"href":"https:\/\/oasisfm935.com.ar\/site\/wp-json\/wp\/v2\/media\/1934"}],"wp:attachment":[{"href":"https:\/\/oasisfm935.com.ar\/site\/wp-json\/wp\/v2\/media?parent=1933"}],"wp:term":[{"taxonomy":"category","embeddable":true,"href":"https:\/\/oasisfm935.com.ar\/site\/wp-json\/wp\/v2\/categories?post=1933"},{"taxonomy":"post_tag","embeddable":true,"href":"https:\/\/oasisfm935.com.ar\/site\/wp-json\/wp\/v2\/tags?post=1933"}],"curies":[{"name":"wp","href":"https:\/\/api.w.org\/{rel}","templated":true}]}}