{"id":1937,"date":"2019-05-27T19:23:05","date_gmt":"2019-05-27T22:23:05","guid":{"rendered":"http:\/\/oasisfm935.com\/site\/?p=1937"},"modified":"2019-05-27T19:23:05","modified_gmt":"2019-05-27T22:23:05","slug":"el-sabado-aumentaran-otra-vez-las-naftas","status":"publish","type":"post","link":"https:\/\/oasisfm935.com.ar\/site\/el-sabado-aumentaran-otra-vez-las-naftas\/","title":{"rendered":"El s\u00e1bado aumentar\u00e1n otra vez las naftas"},"content":{"rendered":"<p>Est\u00e1 previsto que suba un impuesto al carbono y los combustibles l\u00edquidos. Las petroleras lo trasladar\u00e1n al precio, que crecer\u00e1 un 3% o m\u00e1s.<\/p>\n<p>Desde el pr\u00f3ximo s\u00e1bado, regir\u00e1 un aumento en un impuesto que pagan los combustibles. Y las petroleras trasladar\u00e1n ese incremento a los surtidores. Las cadenas de estaciones se preparan para una remarcaci\u00f3n cuyo piso ser\u00e1 del 3% desde el pr\u00f3ximo fin de semana.<\/p>\n<p>El impuesto que subir\u00e1 a partir de junio es el que grava al carbono y los combustibles l\u00edquidos, que se incluye en el precio de las naftas. Como se ajusta por la inflaci\u00f3n pasada, ya se sabe que esos impuestos subir\u00e1n un 11,8%. Ese aumento tendr\u00e1 un impacto del 1% en los importes en los surtidores. Pero adem\u00e1s, habr\u00e1 encarecimiento adicional por la inflaci\u00f3n y la devaluaci\u00f3n del d\u00f3lar frente al peso. Eso provocar\u00e1 una suba cercana al 3%, aunque dependiendo de la aplicaci\u00f3n del impuesto puede llegar al 3,5% o casi al 4%.<\/p>\n<p>En marzo, cuando fue la \u00faltima revisi\u00f3n de los impuestos a los combustibles, la secretar\u00eda de Energ\u00eda -bajo la \u00f3rbita del Ministerio de Econom\u00eda- desdobl\u00f3 el incremento impositivo en dos tandas (una parte en marzo y otra en abril). En el sector estiman que ahora puede suceder lo mismo: una parte en junio y otra en julio. En el Gobierno no hacen comentarios al respecto.<\/p>\n<p>La idea de las compa\u00f1\u00edas es aumentar durante el pr\u00f3ximo fin de semana, ya que la suba impositiva rige desde el 1\u00b0 de junio. \u00abPuede que el Gobierno retrase su publicaci\u00f3n en el Bolet\u00edn Oficial hasta el lunes (3 de junio), pero ser\u00e1 de aplicaci\u00f3n retroactiva al primer d\u00eda del mes\u00bb, caracterizaron en una petrolera.<\/p>\n<p>Desde otra compa\u00f1\u00eda del sector -que pidi\u00f3 no ser identificada- advierten que el retraso del precio de los combustibles va del 6% al 20%. \u00abLa inflaci\u00f3n de abril fue del 3% y eso hay que reflejarlo\u00bb, sostienen en la industria. \u00abY hay que agregarle el impuesto que sube\u00bb, sostienen. Las estimaciones de las empresas se hacen seg\u00fan el precio del d\u00f3lar de estos d\u00edas. \u00abLa variaci\u00f3n m\u00e1s alta, sin desdoblamiento de impuesto, puede quedar algo por debajo del 4%\u00bb, agregaron.<\/p>\n<p>Como la cotizaci\u00f3n del d\u00f3lar se mantuvo estable en el \u00faltimo mes y el precio del petr\u00f3leo crudo tampoco tuvo variaciones significativas a nivel internacional, se consult\u00f3 a ejecutivos de petroleras si avanzar\u00e1n con un aumento, ya que las compa\u00f1\u00edas suelen esgrimir que las variaciones de esos indicadores mueven sus importes.<\/p>\n<p>\u00abEl precio de los combustibles aument\u00f3 un promedio del 13,5% entre enero y mayo, mientras que la devaluaci\u00f3n del peso frente al d\u00f3lar fue del 19% en ese mismo per\u00edodo\u00bb, argument\u00f3 un ejecutivo que pidi\u00f3 no ser identificado. \u00abEso significa que estamos, al menos, un 5% atrasados en los valores de los productos\u00bb, agreg\u00f3.<\/p>\n<p>Si el aumento impositivo es escalonado, las petroleras se inclinar\u00edan por un n\u00famero m\u00e1s cercano al 3%.<\/p>\n<div class=\"oasis-despues-del-contenido\" id=\"oasis-455580232\"><img loading=\"lazy\" decoding=\"async\" src=\"https:\/\/oasisfm935.com.ar\/site\/wp-content\/uploads\/2020\/08\/47806202-8741-49f2-a5c9-d2f930e5baa1.jpg\" alt=\"\"  srcset=\"https:\/\/oasisfm935.com.ar\/site\/wp-content\/uploads\/2020\/08\/47806202-8741-49f2-a5c9-d2f930e5baa1.jpg 1080w, https:\/\/oasisfm935.com.ar\/site\/wp-content\/uploads\/2020\/08\/47806202-8741-49f2-a5c9-d2f930e5baa1-300x300.jpg 300w, https:\/\/oasisfm935.com.ar\/site\/wp-content\/uploads\/2020\/08\/47806202-8741-49f2-a5c9-d2f930e5baa1-1024x1024.jpg 1024w, https:\/\/oasisfm935.com.ar\/site\/wp-content\/uploads\/2020\/08\/47806202-8741-49f2-a5c9-d2f930e5baa1-150x150.jpg 150w, https:\/\/oasisfm935.com.ar\/site\/wp-content\/uploads\/2020\/08\/47806202-8741-49f2-a5c9-d2f930e5baa1-768x768.jpg 768w\" sizes=\"(max-width: 1080px) 100vw, 1080px\" class=\"no-lazyload\" width=\"1080\" height=\"1080\"  style=\"display: inline-block;\" \/><\/div>","protected":false},"excerpt":{"rendered":"<p>Est\u00e1 previsto que suba un impuesto al carbono y los combustibles l\u00edquidos. Las petroleras lo trasladar\u00e1n al precio, que crecer\u00e1 un 3%<\/p>\n","protected":false},"author":4,"featured_media":1734,"comment_status":"closed","ping_status":"open","sticky":false,"template":"","format":"standard","meta":{"colormag_page_layout":"default_layout","footnotes":""},"categories":[2],"tags":[],"class_list":["post-1937","post","type-post","status-publish","format-standard","has-post-thumbnail","hentry","category-noticias"],"_links":{"self":[{"href":"https:\/\/oasisfm935.com.ar\/site\/wp-json\/wp\/v2\/posts\/1937","targetHints":{"allow":["GET"]}}],"collection":[{"href":"https:\/\/oasisfm935.com.ar\/site\/wp-json\/wp\/v2\/posts"}],"about":[{"href":"https:\/\/oasisfm935.com.ar\/site\/wp-json\/wp\/v2\/types\/post"}],"author":[{"embeddable":true,"href":"https:\/\/oasisfm935.com.ar\/site\/wp-json\/wp\/v2\/users\/4"}],"replies":[{"embeddable":true,"href":"https:\/\/oasisfm935.com.ar\/site\/wp-json\/wp\/v2\/comments?post=1937"}],"version-history":[{"count":1,"href":"https:\/\/oasisfm935.com.ar\/site\/wp-json\/wp\/v2\/posts\/1937\/revisions"}],"predecessor-version":[{"id":1938,"href":"https:\/\/oasisfm935.com.ar\/site\/wp-json\/wp\/v2\/posts\/1937\/revisions\/1938"}],"wp:featuredmedia":[{"embeddable":true,"href":"https:\/\/oasisfm935.com.ar\/site\/wp-json\/wp\/v2\/media\/1734"}],"wp:attachment":[{"href":"https:\/\/oasisfm935.com.ar\/site\/wp-json\/wp\/v2\/media?parent=1937"}],"wp:term":[{"taxonomy":"category","embeddable":true,"href":"https:\/\/oasisfm935.com.ar\/site\/wp-json\/wp\/v2\/categories?post=1937"},{"taxonomy":"post_tag","embeddable":true,"href":"https:\/\/oasisfm935.com.ar\/site\/wp-json\/wp\/v2\/tags?post=1937"}],"curies":[{"name":"wp","href":"https:\/\/api.w.org\/{rel}","templated":true}]}}