{"id":1940,"date":"2019-05-28T16:13:50","date_gmt":"2019-05-28T19:13:50","guid":{"rendered":"http:\/\/oasisfm935.com\/site\/?p=1940"},"modified":"2019-05-28T16:13:50","modified_gmt":"2019-05-28T19:13:50","slug":"el-gobierno-freno-el-aumento-en-la-nafta-previsto-para-este-sabado","status":"publish","type":"post","link":"https:\/\/oasisfm935.com.ar\/site\/el-gobierno-freno-el-aumento-en-la-nafta-previsto-para-este-sabado\/","title":{"rendered":"EL GOBIERNO FREN\u00d3 EL AUMENTO EN LA NAFTA PREVISTO PARA ESTE S\u00c1BADO"},"content":{"rendered":"<p>&nbsp;<\/p>\n<p>El incremento se iba a aplicar a partir del pr\u00f3ximo fin de semana por un impuesto que ser\u00e1 postergado por decreto.<\/p>\n<p>El Gobierno decidi\u00f3 este martes postergar un mes el ajuste del impuesto a las transferencias de los combustibles que ten\u00eda previsto entrar en vigor el 1ro. de junio pr\u00f3ximo, seg\u00fan consignaron fuentes de la Secretar\u00eda de Energ\u00eda.<\/p>\n<p>La medida iba a entrar en vigencia el pr\u00f3ximo s\u00e1bado e implicaba un aumento en el precio de venta final de los carburantes.<\/p>\n<p>La decisi\u00f3n se tom\u00f3 \u201cpara evitar un impacto en la inflaci\u00f3n\u201d y ma\u00f1ana se publicar\u00e1 un decreto presidencial con la suspensi\u00f3n del ajuste del gravamen a la transferencia de los combustibles, indicaron fuentes de la cartera energ\u00e9tica. Seg\u00fan fuentes oficiales, el aumento de tributos pod\u00eda provocar un encarecimiento cercano al 1,5% en los importes.<\/p>\n<p>En mayo, los combustibles aumentaron entre 4 y 4,5 por ciento. En abril hab\u00edan subido otro tanto.<\/p>\n<div class=\"oasis-despues-del-contenido\" id=\"oasis-4146319121\"><img loading=\"lazy\" decoding=\"async\" src=\"https:\/\/oasisfm935.com.ar\/site\/wp-content\/uploads\/2020\/08\/47806202-8741-49f2-a5c9-d2f930e5baa1.jpg\" alt=\"\"  srcset=\"https:\/\/oasisfm935.com.ar\/site\/wp-content\/uploads\/2020\/08\/47806202-8741-49f2-a5c9-d2f930e5baa1.jpg 1080w, https:\/\/oasisfm935.com.ar\/site\/wp-content\/uploads\/2020\/08\/47806202-8741-49f2-a5c9-d2f930e5baa1-300x300.jpg 300w, https:\/\/oasisfm935.com.ar\/site\/wp-content\/uploads\/2020\/08\/47806202-8741-49f2-a5c9-d2f930e5baa1-1024x1024.jpg 1024w, https:\/\/oasisfm935.com.ar\/site\/wp-content\/uploads\/2020\/08\/47806202-8741-49f2-a5c9-d2f930e5baa1-150x150.jpg 150w, https:\/\/oasisfm935.com.ar\/site\/wp-content\/uploads\/2020\/08\/47806202-8741-49f2-a5c9-d2f930e5baa1-768x768.jpg 768w\" sizes=\"(max-width: 1080px) 100vw, 1080px\" class=\"no-lazyload\" width=\"1080\" height=\"1080\"  style=\"display: inline-block;\" \/><\/div>","protected":false},"excerpt":{"rendered":"<p>&nbsp; El incremento se iba a aplicar a partir del pr\u00f3ximo fin de semana por un impuesto que ser\u00e1 postergado por decreto.<\/p>\n","protected":false},"author":4,"featured_media":1942,"comment_status":"closed","ping_status":"open","sticky":false,"template":"","format":"standard","meta":{"colormag_page_layout":"default_layout","footnotes":""},"categories":[2],"tags":[],"class_list":["post-1940","post","type-post","status-publish","format-standard","has-post-thumbnail","hentry","category-noticias"],"_links":{"self":[{"href":"https:\/\/oasisfm935.com.ar\/site\/wp-json\/wp\/v2\/posts\/1940","targetHints":{"allow":["GET"]}}],"collection":[{"href":"https:\/\/oasisfm935.com.ar\/site\/wp-json\/wp\/v2\/posts"}],"about":[{"href":"https:\/\/oasisfm935.com.ar\/site\/wp-json\/wp\/v2\/types\/post"}],"author":[{"embeddable":true,"href":"https:\/\/oasisfm935.com.ar\/site\/wp-json\/wp\/v2\/users\/4"}],"replies":[{"embeddable":true,"href":"https:\/\/oasisfm935.com.ar\/site\/wp-json\/wp\/v2\/comments?post=1940"}],"version-history":[{"count":1,"href":"https:\/\/oasisfm935.com.ar\/site\/wp-json\/wp\/v2\/posts\/1940\/revisions"}],"predecessor-version":[{"id":1943,"href":"https:\/\/oasisfm935.com.ar\/site\/wp-json\/wp\/v2\/posts\/1940\/revisions\/1943"}],"wp:featuredmedia":[{"embeddable":true,"href":"https:\/\/oasisfm935.com.ar\/site\/wp-json\/wp\/v2\/media\/1942"}],"wp:attachment":[{"href":"https:\/\/oasisfm935.com.ar\/site\/wp-json\/wp\/v2\/media?parent=1940"}],"wp:term":[{"taxonomy":"category","embeddable":true,"href":"https:\/\/oasisfm935.com.ar\/site\/wp-json\/wp\/v2\/categories?post=1940"},{"taxonomy":"post_tag","embeddable":true,"href":"https:\/\/oasisfm935.com.ar\/site\/wp-json\/wp\/v2\/tags?post=1940"}],"curies":[{"name":"wp","href":"https:\/\/api.w.org\/{rel}","templated":true}]}}