{"id":1958,"date":"2019-05-29T21:56:11","date_gmt":"2019-05-30T00:56:11","guid":{"rendered":"http:\/\/oasisfm935.com\/site\/?p=1958"},"modified":"2019-05-29T21:56:11","modified_gmt":"2019-05-30T00:56:11","slug":"robaron-150-000-kilos-de-cereal-en-ingeniero-luiggi","status":"publish","type":"post","link":"https:\/\/oasisfm935.com.ar\/site\/robaron-150-000-kilos-de-cereal-en-ingeniero-luiggi\/","title":{"rendered":"Robaron 150.000 kilos de cereal en Ingeniero Luiggi"},"content":{"rendered":"<p>Se utilizaron cinco camiones y ya hay personas detenidas. La causa la lleva adelante el fiscal, Dami\u00e1n Campos en forma conjunta con el fiscal general. Armando Ag\u00fcero.<\/p>\n<p>De acuerdo a lo se\u00f1alado por el fiscal general, Armando Ag\u00fcero, \u201cel hecho ocurri\u00f3 entre los d\u00edas 22 y 28 de mayo\u201d. Los autores ingresaron a un campo denominado \u201cLa Aurora\u201d que estar\u00eda cargo de dos hermanos de apellido Rodr\u00edguez y se robaron el cereal.<\/p>\n<p>\u201cAl campo ingresaron cinco camiones y un cargador de cereal\u201d, dijo el representante del Ministerio P\u00fablico Fiscal.<\/p>\n<p>Ag\u00fcero se\u00f1al\u00f3 que \u201clos due\u00f1os de la firma realizaron la denuncia r\u00e1pidamente, por lo cual ya se encuentran detenidos, qui\u00e9n ser\u00eda el autor del robo, un camionero y qui\u00e9n habr\u00eda manejado el\u00a0 cargador. Todos son oriundos de la localidad de Ingeniero Luiggi\u201d, afirm\u00f3.<\/p>\n<p>En relaci\u00f3n al estado de la causa, afirm\u00f3 que \u201cpr\u00e1cticamente est\u00e1 resuelta, porque tambi\u00e9n se pudo dar con qui\u00e9n hab\u00eda comprado el cereal. Esta persona, tambi\u00e9n de Ingeniero Luiggi, aclar\u00f3 la situaci\u00f3n y denunci\u00f3 los cheques que hab\u00eda librado para pagar el cereal, aunque tambi\u00e9n hab\u00eda entregado algo de dinero en efectivo\u201d.<\/p>\n<p>En relaci\u00f3n a la soja robada se\u00f1al\u00f3 que \u201cya hab\u00eda sido trasladado al puerto\u201d y que \u201cla investigaci\u00f3n contin\u00faa\u201d.<\/p>\n<p>&nbsp;<\/p>\n<p>info pico<\/p>\n<div class=\"oasis-despues-del-contenido\" id=\"oasis-3100992016\"><img loading=\"lazy\" decoding=\"async\" src=\"https:\/\/oasisfm935.com.ar\/site\/wp-content\/uploads\/2020\/08\/47806202-8741-49f2-a5c9-d2f930e5baa1.jpg\" alt=\"\"  srcset=\"https:\/\/oasisfm935.com.ar\/site\/wp-content\/uploads\/2020\/08\/47806202-8741-49f2-a5c9-d2f930e5baa1.jpg 1080w, https:\/\/oasisfm935.com.ar\/site\/wp-content\/uploads\/2020\/08\/47806202-8741-49f2-a5c9-d2f930e5baa1-300x300.jpg 300w, https:\/\/oasisfm935.com.ar\/site\/wp-content\/uploads\/2020\/08\/47806202-8741-49f2-a5c9-d2f930e5baa1-1024x1024.jpg 1024w, https:\/\/oasisfm935.com.ar\/site\/wp-content\/uploads\/2020\/08\/47806202-8741-49f2-a5c9-d2f930e5baa1-150x150.jpg 150w, https:\/\/oasisfm935.com.ar\/site\/wp-content\/uploads\/2020\/08\/47806202-8741-49f2-a5c9-d2f930e5baa1-768x768.jpg 768w\" sizes=\"(max-width: 1080px) 100vw, 1080px\" class=\"no-lazyload\" width=\"1080\" height=\"1080\"  style=\"display: inline-block;\" \/><\/div>","protected":false},"excerpt":{"rendered":"<p>Se utilizaron cinco camiones y ya hay personas detenidas. La causa la lleva adelante el fiscal, Dami\u00e1n Campos en forma conjunta con<\/p>\n","protected":false},"author":4,"featured_media":1959,"comment_status":"closed","ping_status":"open","sticky":false,"template":"","format":"standard","meta":{"colormag_page_layout":"default_layout","footnotes":""},"categories":[2],"tags":[],"class_list":["post-1958","post","type-post","status-publish","format-standard","has-post-thumbnail","hentry","category-noticias"],"_links":{"self":[{"href":"https:\/\/oasisfm935.com.ar\/site\/wp-json\/wp\/v2\/posts\/1958","targetHints":{"allow":["GET"]}}],"collection":[{"href":"https:\/\/oasisfm935.com.ar\/site\/wp-json\/wp\/v2\/posts"}],"about":[{"href":"https:\/\/oasisfm935.com.ar\/site\/wp-json\/wp\/v2\/types\/post"}],"author":[{"embeddable":true,"href":"https:\/\/oasisfm935.com.ar\/site\/wp-json\/wp\/v2\/users\/4"}],"replies":[{"embeddable":true,"href":"https:\/\/oasisfm935.com.ar\/site\/wp-json\/wp\/v2\/comments?post=1958"}],"version-history":[{"count":1,"href":"https:\/\/oasisfm935.com.ar\/site\/wp-json\/wp\/v2\/posts\/1958\/revisions"}],"predecessor-version":[{"id":1960,"href":"https:\/\/oasisfm935.com.ar\/site\/wp-json\/wp\/v2\/posts\/1958\/revisions\/1960"}],"wp:featuredmedia":[{"embeddable":true,"href":"https:\/\/oasisfm935.com.ar\/site\/wp-json\/wp\/v2\/media\/1959"}],"wp:attachment":[{"href":"https:\/\/oasisfm935.com.ar\/site\/wp-json\/wp\/v2\/media?parent=1958"}],"wp:term":[{"taxonomy":"category","embeddable":true,"href":"https:\/\/oasisfm935.com.ar\/site\/wp-json\/wp\/v2\/categories?post=1958"},{"taxonomy":"post_tag","embeddable":true,"href":"https:\/\/oasisfm935.com.ar\/site\/wp-json\/wp\/v2\/tags?post=1958"}],"curies":[{"name":"wp","href":"https:\/\/api.w.org\/{rel}","templated":true}]}}