{"id":1964,"date":"2019-05-30T10:23:14","date_gmt":"2019-05-30T13:23:14","guid":{"rendered":"http:\/\/oasisfm935.com\/site\/?p=1964"},"modified":"2019-05-30T11:18:27","modified_gmt":"2019-05-30T14:18:27","slug":"formalizaron-a-tres-personas-por-el-robo-de-150-mil-kilos-de-cereal-en-luiggi","status":"publish","type":"post","link":"https:\/\/oasisfm935.com.ar\/site\/formalizaron-a-tres-personas-por-el-robo-de-150-mil-kilos-de-cereal-en-luiggi\/","title":{"rendered":"Formalizaron a tres personas por el robo de 150 mil kilos de cereal en Luiggi"},"content":{"rendered":"<div class=\"letracopetenota\">El hecho se produjo en la localidad de Ingeniero Luiggi, entre los pasados d\u00edas 22 y 28 del corriente mes.<\/div>\n<div class=\"letranota text-justify padt15\">\n<p>En la Sala III del Palacio de Tribunales de General Pico, se llev\u00f3 a cabo una audiencia formalizaci\u00f3n en la que se formaliz\u00f3 a tres sujetos acusados por el robo de 150.000 kilos de cereal en el establecimiento rural \u00abLa Aurora\u00bb , de Ingeniero Luiggi.<\/p>\n<p>La car\u00e1tula principal es la de robo en despoblado y en banda, mientras que la alternativa obedece a \u00abrobo campestre\u00bb o por levantamiento de objetos rurales del suelo.<\/p>\n<p>&nbsp;<\/p>\n<p>El procedimiento delictivo se habr\u00eda llevado a cabo luego de romper el candado de ingreso y haciendo uso\u00a0 de cinco camiones y una m\u00e1quina cargadora. En el delito, habr\u00eda tres personas m\u00e1s involucradas.<\/p>\n<p>Se solicit\u00f3 la citaci\u00f3n del hermano de la propietaria junto a un trabajador rural para reconocer objetos del campo, como el candado destruido.<\/p>\n<p><a href=\"http:\/\/oasisfm935.com\/site\/wp-content\/uploads\/2019\/05\/77822.jpg\"><img loading=\"lazy\" decoding=\"async\" class=\"alignnone size-full wp-image-1970\" src=\"http:\/\/oasisfm935.com\/site\/wp-content\/uploads\/2019\/05\/77822.jpg\" alt=\"\" width=\"1280\" height=\"720\" srcset=\"https:\/\/oasisfm935.com.ar\/site\/wp-content\/uploads\/2019\/05\/77822.jpg 1280w, https:\/\/oasisfm935.com.ar\/site\/wp-content\/uploads\/2019\/05\/77822-300x169.jpg 300w, https:\/\/oasisfm935.com.ar\/site\/wp-content\/uploads\/2019\/05\/77822-768x432.jpg 768w, https:\/\/oasisfm935.com.ar\/site\/wp-content\/uploads\/2019\/05\/77822-1024x576.jpg 1024w, https:\/\/oasisfm935.com.ar\/site\/wp-content\/uploads\/2019\/05\/77822-678x381.jpg 678w\" sizes=\"auto, (max-width: 1280px) 100vw, 1280px\" \/><\/a><\/p>\n<p>El Ministerio P\u00fablico Fiscal solicit\u00f3 la prisi\u00f3n preventiva para uno de ellos hasta la finalizaci\u00f3n del proceso. Para los restantes se requirieron medidas de pena sustitutivas, como la presentaci\u00f3n semanal en la comisar\u00eda de Ingeniero Luiggi, junto a una restricci\u00f3n de contacto y comunicaci\u00f3n con las v\u00edctimas tanto como con testigos.<\/p>\n<p>El imputado de mayor pena hasta el momento, es acusado de haber vendido el cereal a dos empresas, una de las cuales es oriunda de la provincia de C\u00f3rdoba, permiti\u00e9ndole obtener dinero para luego adquirir veh\u00edculos.<\/p>\n<p>La jueza Mar\u00eda Jimena Cardoso dio lugar al pedido de prisi\u00f3n preventiva solicitada por la fiscal\u00eda, sin embargo lo hizo s\u00f3lo por 30 d\u00edas.\u00a0 As\u00ed mismo, acept\u00f3 la presentaci\u00f3n semanal en la dependencia polic\u00edal anteriormente mencionada, sumado ello a la prohibici\u00f3n de contacto y acercamiento con las v\u00edctimas y testigos.<\/p>\n<p><a href=\"http:\/\/oasisfm935.com\/site\/wp-content\/uploads\/2019\/05\/77820-1.jpg\"><img loading=\"lazy\" decoding=\"async\" class=\"alignnone size-full wp-image-1968\" src=\"http:\/\/oasisfm935.com\/site\/wp-content\/uploads\/2019\/05\/77820-1.jpg\" alt=\"\" width=\"1280\" height=\"720\" srcset=\"https:\/\/oasisfm935.com.ar\/site\/wp-content\/uploads\/2019\/05\/77820-1.jpg 1280w, https:\/\/oasisfm935.com.ar\/site\/wp-content\/uploads\/2019\/05\/77820-1-300x169.jpg 300w, https:\/\/oasisfm935.com.ar\/site\/wp-content\/uploads\/2019\/05\/77820-1-768x432.jpg 768w, https:\/\/oasisfm935.com.ar\/site\/wp-content\/uploads\/2019\/05\/77820-1-1024x576.jpg 1024w, https:\/\/oasisfm935.com.ar\/site\/wp-content\/uploads\/2019\/05\/77820-1-678x381.jpg 678w\" sizes=\"auto, (max-width: 1280px) 100vw, 1280px\" \/><\/a><\/p>\n<p>Maraco Digital<\/p>\n<\/div>\n<div class=\"oasis-despues-del-contenido\" id=\"oasis-2342216258\"><img loading=\"lazy\" decoding=\"async\" src=\"https:\/\/oasisfm935.com.ar\/site\/wp-content\/uploads\/2020\/08\/47806202-8741-49f2-a5c9-d2f930e5baa1.jpg\" alt=\"\"  srcset=\"https:\/\/oasisfm935.com.ar\/site\/wp-content\/uploads\/2020\/08\/47806202-8741-49f2-a5c9-d2f930e5baa1.jpg 1080w, https:\/\/oasisfm935.com.ar\/site\/wp-content\/uploads\/2020\/08\/47806202-8741-49f2-a5c9-d2f930e5baa1-300x300.jpg 300w, https:\/\/oasisfm935.com.ar\/site\/wp-content\/uploads\/2020\/08\/47806202-8741-49f2-a5c9-d2f930e5baa1-1024x1024.jpg 1024w, https:\/\/oasisfm935.com.ar\/site\/wp-content\/uploads\/2020\/08\/47806202-8741-49f2-a5c9-d2f930e5baa1-150x150.jpg 150w, https:\/\/oasisfm935.com.ar\/site\/wp-content\/uploads\/2020\/08\/47806202-8741-49f2-a5c9-d2f930e5baa1-768x768.jpg 768w\" sizes=\"(max-width: 1080px) 100vw, 1080px\" class=\"no-lazyload\" width=\"1080\" height=\"1080\"  style=\"display: inline-block;\" \/><\/div>","protected":false},"excerpt":{"rendered":"<p>El hecho se produjo en la localidad de Ingeniero Luiggi, entre los pasados d\u00edas 22 y 28 del corriente mes. En la<\/p>\n","protected":false},"author":4,"featured_media":1965,"comment_status":"closed","ping_status":"open","sticky":false,"template":"","format":"standard","meta":{"colormag_page_layout":"default_layout","footnotes":""},"categories":[2],"tags":[],"class_list":["post-1964","post","type-post","status-publish","format-standard","has-post-thumbnail","hentry","category-noticias"],"_links":{"self":[{"href":"https:\/\/oasisfm935.com.ar\/site\/wp-json\/wp\/v2\/posts\/1964","targetHints":{"allow":["GET"]}}],"collection":[{"href":"https:\/\/oasisfm935.com.ar\/site\/wp-json\/wp\/v2\/posts"}],"about":[{"href":"https:\/\/oasisfm935.com.ar\/site\/wp-json\/wp\/v2\/types\/post"}],"author":[{"embeddable":true,"href":"https:\/\/oasisfm935.com.ar\/site\/wp-json\/wp\/v2\/users\/4"}],"replies":[{"embeddable":true,"href":"https:\/\/oasisfm935.com.ar\/site\/wp-json\/wp\/v2\/comments?post=1964"}],"version-history":[{"count":3,"href":"https:\/\/oasisfm935.com.ar\/site\/wp-json\/wp\/v2\/posts\/1964\/revisions"}],"predecessor-version":[{"id":1971,"href":"https:\/\/oasisfm935.com.ar\/site\/wp-json\/wp\/v2\/posts\/1964\/revisions\/1971"}],"wp:featuredmedia":[{"embeddable":true,"href":"https:\/\/oasisfm935.com.ar\/site\/wp-json\/wp\/v2\/media\/1965"}],"wp:attachment":[{"href":"https:\/\/oasisfm935.com.ar\/site\/wp-json\/wp\/v2\/media?parent=1964"}],"wp:term":[{"taxonomy":"category","embeddable":true,"href":"https:\/\/oasisfm935.com.ar\/site\/wp-json\/wp\/v2\/categories?post=1964"},{"taxonomy":"post_tag","embeddable":true,"href":"https:\/\/oasisfm935.com.ar\/site\/wp-json\/wp\/v2\/tags?post=1964"}],"curies":[{"name":"wp","href":"https:\/\/api.w.org\/{rel}","templated":true}]}}