{"id":1972,"date":"2019-05-30T12:26:45","date_gmt":"2019-05-30T15:26:45","guid":{"rendered":"http:\/\/oasisfm935.com\/site\/?p=1972"},"modified":"2019-05-30T12:26:45","modified_gmt":"2019-05-30T15:26:45","slug":"robo-del-cereal-hablo-aguilera-el-unico-detenido-es-un-moco-que-me-mande-no-se-en-que-pelotudes-estaba-pensando-en-ese-momento-video","status":"publish","type":"post","link":"https:\/\/oasisfm935.com.ar\/site\/robo-del-cereal-hablo-aguilera-el-unico-detenido-es-un-moco-que-me-mande-no-se-en-que-pelotudes-estaba-pensando-en-ese-momento-video\/","title":{"rendered":"ROBO DEL CEREAL: Habl\u00f3 Aguilera, el \u00fanico detenido, \u00abEs un moco que me mande, no se en que pelotudes estaba pensando en ese momento\u00bb-Video"},"content":{"rendered":"<p><strong class=\"bajada\">Soy el \u00fanico responsable, yo los contrate&#8217;-Mira<\/strong><\/p>\n<div style=\"width: 640px;\" class=\"wp-video\"><video class=\"wp-video-shortcode\" id=\"video-1972-1\" width=\"640\" height=\"352\" preload=\"metadata\" controls=\"controls\"><source type=\"video\/mp4\" src=\"http:\/\/oasisfm935.com\/site\/wp-content\/uploads\/2019\/05\/Robo-de-los-150-mil-kg-de-cereal.mp4?_=1\" \/><a href=\"http:\/\/oasisfm935.com\/site\/wp-content\/uploads\/2019\/05\/Robo-de-los-150-mil-kg-de-cereal.mp4\">http:\/\/oasisfm935.com\/site\/wp-content\/uploads\/2019\/05\/Robo-de-los-150-mil-kg-de-cereal.mp4<\/a><\/video><\/div>\n<p>Ram\u00f3n Nazario Aguilera, el \u00fanico que qued\u00f3 detenido de tres imputados que hab\u00eda en esta causa, dialogo en exclusiva con En Boca de Todos HD mientras era trasladado por los pasillos de tribunales, donde confes\u00f3 que fue el \u00fanico responsable de todo el hecho-Mira el video<\/p>\n<p>&nbsp;<\/p>\n<p>Fuente Boca de Todos<\/p>\n<p>&nbsp;<\/p>\n<div class=\"oasis-despues-del-contenido\" id=\"oasis-1540134533\"><img loading=\"lazy\" decoding=\"async\" src=\"https:\/\/oasisfm935.com.ar\/site\/wp-content\/uploads\/2020\/08\/47806202-8741-49f2-a5c9-d2f930e5baa1.jpg\" alt=\"\"  srcset=\"https:\/\/oasisfm935.com.ar\/site\/wp-content\/uploads\/2020\/08\/47806202-8741-49f2-a5c9-d2f930e5baa1.jpg 1080w, https:\/\/oasisfm935.com.ar\/site\/wp-content\/uploads\/2020\/08\/47806202-8741-49f2-a5c9-d2f930e5baa1-300x300.jpg 300w, https:\/\/oasisfm935.com.ar\/site\/wp-content\/uploads\/2020\/08\/47806202-8741-49f2-a5c9-d2f930e5baa1-1024x1024.jpg 1024w, https:\/\/oasisfm935.com.ar\/site\/wp-content\/uploads\/2020\/08\/47806202-8741-49f2-a5c9-d2f930e5baa1-150x150.jpg 150w, https:\/\/oasisfm935.com.ar\/site\/wp-content\/uploads\/2020\/08\/47806202-8741-49f2-a5c9-d2f930e5baa1-768x768.jpg 768w\" sizes=\"(max-width: 1080px) 100vw, 1080px\" class=\"no-lazyload\" width=\"1080\" height=\"1080\"  style=\"display: inline-block;\" \/><\/div>","protected":false},"excerpt":{"rendered":"<p>Soy el \u00fanico responsable, yo los contrate&#8217;-Mira Ram\u00f3n Nazario Aguilera, el \u00fanico que qued\u00f3 detenido de tres imputados que hab\u00eda en esta<\/p>\n","protected":false},"author":4,"featured_media":1974,"comment_status":"closed","ping_status":"open","sticky":false,"template":"","format":"standard","meta":{"colormag_page_layout":"default_layout","footnotes":""},"categories":[2],"tags":[],"class_list":["post-1972","post","type-post","status-publish","format-standard","has-post-thumbnail","hentry","category-noticias"],"_links":{"self":[{"href":"https:\/\/oasisfm935.com.ar\/site\/wp-json\/wp\/v2\/posts\/1972","targetHints":{"allow":["GET"]}}],"collection":[{"href":"https:\/\/oasisfm935.com.ar\/site\/wp-json\/wp\/v2\/posts"}],"about":[{"href":"https:\/\/oasisfm935.com.ar\/site\/wp-json\/wp\/v2\/types\/post"}],"author":[{"embeddable":true,"href":"https:\/\/oasisfm935.com.ar\/site\/wp-json\/wp\/v2\/users\/4"}],"replies":[{"embeddable":true,"href":"https:\/\/oasisfm935.com.ar\/site\/wp-json\/wp\/v2\/comments?post=1972"}],"version-history":[{"count":1,"href":"https:\/\/oasisfm935.com.ar\/site\/wp-json\/wp\/v2\/posts\/1972\/revisions"}],"predecessor-version":[{"id":1975,"href":"https:\/\/oasisfm935.com.ar\/site\/wp-json\/wp\/v2\/posts\/1972\/revisions\/1975"}],"wp:featuredmedia":[{"embeddable":true,"href":"https:\/\/oasisfm935.com.ar\/site\/wp-json\/wp\/v2\/media\/1974"}],"wp:attachment":[{"href":"https:\/\/oasisfm935.com.ar\/site\/wp-json\/wp\/v2\/media?parent=1972"}],"wp:term":[{"taxonomy":"category","embeddable":true,"href":"https:\/\/oasisfm935.com.ar\/site\/wp-json\/wp\/v2\/categories?post=1972"},{"taxonomy":"post_tag","embeddable":true,"href":"https:\/\/oasisfm935.com.ar\/site\/wp-json\/wp\/v2\/tags?post=1972"}],"curies":[{"name":"wp","href":"https:\/\/api.w.org\/{rel}","templated":true}]}}