{"id":1979,"date":"2019-05-30T19:31:33","date_gmt":"2019-05-30T22:31:33","guid":{"rendered":"http:\/\/oasisfm935.com\/site\/?p=1979"},"modified":"2019-05-30T19:31:54","modified_gmt":"2019-05-30T22:31:54","slug":"marino-pidio-primarias-para-elegir-candidato-a-presidente-y-aseguro-que-duran-barba-dice-muchas-boludeces","status":"publish","type":"post","link":"https:\/\/oasisfm935.com.ar\/site\/marino-pidio-primarias-para-elegir-candidato-a-presidente-y-aseguro-que-duran-barba-dice-muchas-boludeces\/","title":{"rendered":"MARINO PIDI\u00d3 PRIMARIAS PARA ELEGIR CANDIDATO A PRESIDENTE Y ASEGUR\u00d3 QUE \u201cDUR\u00c1N BARBA DICE MUCHAS BOLUDECES\u201d"},"content":{"rendered":"<p>El senador nacional por La Pampa, Juan Carlos Marino, demand\u00f3 que Mauricio Macri habilite la primaria para la selecci\u00f3n de la f\u00f3rmula presidencial y reconoci\u00f3 que \u201cla jugada de Cristina fue s\u00faper audaz, una jugada de pizarr\u00f3n\u201d. El caso Ag\u00f3n, y el proceso judicial en su contra<\/p>\n<p>Marino afirm\u00f3 que\u00a0<strong>\u201cCambiemos tiene que habilitar las primarias presidenciales. Esto es natural, a m\u00ed que me impongan las cosas, no me gustan.\u00a0<\/strong>Tampoco las impondr\u00eda yo y\u00a0<strong>creo que di el ejemplo el a\u00f1o pasado con mi candidatura a gobernador.\u00a0<\/strong>Tenemos que dejar de pensar en repartirnos diputados, o ministerios\u201d, critic\u00f3.<\/p>\n<p>Agreg\u00f3 que\u00a0<strong>\u201ccuando participas de una interna, entre los que pierden algunos trabajan y otros no.<\/strong>\u00a0Por eso digo que el PJ fue muy inteligente en no tener internas. Por eso mi propuesta para La Pampa era otra. Las encuestas dijeron tal cual lo que pas\u00f3 en la primaria. Adem\u00e1s, al hacer la interna, te perdes la posibilidad de una f\u00f3rmula compuesta\u201d, dijo en referencia a la interna entre Kroneberger y Mac Allister.<\/p>\n<p>El senador record\u00f3 que en la PASO de 2015 apoy\u00f3 a Sanz, quien perdi\u00f3 con Marci y aclar\u00f3 que\u00a0<strong>\u201ca m\u00ed me gustar\u00eda tener un presidente radical, ni lo dudes, pero tambi\u00e9n soy consciente que hay que habilitar una primaria y si la gana Macri, apoyaremos a Macri.<\/strong>\u00a0Si gana Lousteau, apoyaremos a Lousteau\u201d, ejemplific\u00f3 en una entrevista concedida a LU 100 AM 1040 y FM 102.5.<\/p>\n<p>En relaci\u00f3n a los dichos del asesor presidencial ecuatoriano, dijo que\u00a0<strong>\u201cDur\u00e1n Barba dice muchas boludeces como que entre la torpeza a Cristina y el miedo a Cristina iba a triunfar la torpeza\u201d<\/strong>.<\/p>\n<p>\u201cLos radicales tenemos que ponernos en movimiento\u2026 la jugada de Cristina fue s\u00faper audaz, fue una jugada de pizarr\u00f3n y el Peronismo Federal se sorprendi\u00f3 con esto. Fue una muy buena jugada, hay que reconocerlo, si no ser\u00edamos est\u00fapidos. Esta se\u00f1ora est\u00e1 procesada en muchos juicios y se instal\u00f3 en los medios esta situaci\u00f3n de la f\u00f3rmula y no sus problemas judiciales\u201d, manifest\u00f3.<\/p>\n<p><strong>Denuncia por acoso sexual.<\/strong>\u00a0Una empleada del Congreso lo \u00a0denunci\u00f3 por abuso sexual y la causa tramita en el Juzgado Federal N\u00b0 5, a cargo de Ariel Lijo y el pampeano se present\u00f3 espont\u00e1neamente para ponerse a disposici\u00f3n de la justicia.<\/p>\n<p>\u201cYo estoy viviendo un proceso judicial,\u00a0<strong>soy absolutamente inocente, pero eso lo tiene que determinar un juez.<\/strong>\u00a0Hice lo que ten\u00eda que hacer cualquiera, por eso al juez Lijo le dije que me pon\u00eda a disposici\u00f3n y le ped\u00ed a mis compa\u00f1eros del Congreso que me desaforaran. Hay dos senadores en la historia que hicieron esto, uno fue Angeloz, que fue desaforado y luego sali\u00f3 absuelto por falta de m\u00e9rito y el otro fui yo\u201d, aclar\u00f3.<\/p>\n<p>Marino cont\u00f3 que no fue a declarar en la causa porque\u00a0<strong>\u201csolamente estoy imputado. El juez me va a llamar a declarar si hay una ronda de testigos. Yo present\u00e9 90 testigos y la otra parte present\u00f3 8 testigos, de los cuales 7 declararon en contra de la denunciante\u201d<\/strong>, finaliz\u00f3.<\/p>\n<p>Sobre el diputado electo, Mauricio Ag\u00f3n, denunciado por estafa y quien acept\u00f3 una probation para evitar una condena, aclar\u00f3 que \u201cyo no lo ech\u00e9 como dicen los medios.\u00a0<strong>Ten\u00edamos un acuerdo que dec\u00eda que si resultaba electo, el dejaba de ser asesor m\u00edo.<\/strong>\u00a0Y lo otro es que le suger\u00ed que deb\u00eda renunciar como diputado electo. Ese es un problema que no tengo que decidir yo\u201d.<\/p>\n<div class=\"oasis-despues-del-contenido\" id=\"oasis-2854868140\"><img loading=\"lazy\" decoding=\"async\" src=\"https:\/\/oasisfm935.com.ar\/site\/wp-content\/uploads\/2020\/08\/47806202-8741-49f2-a5c9-d2f930e5baa1.jpg\" alt=\"\"  srcset=\"https:\/\/oasisfm935.com.ar\/site\/wp-content\/uploads\/2020\/08\/47806202-8741-49f2-a5c9-d2f930e5baa1.jpg 1080w, https:\/\/oasisfm935.com.ar\/site\/wp-content\/uploads\/2020\/08\/47806202-8741-49f2-a5c9-d2f930e5baa1-300x300.jpg 300w, https:\/\/oasisfm935.com.ar\/site\/wp-content\/uploads\/2020\/08\/47806202-8741-49f2-a5c9-d2f930e5baa1-1024x1024.jpg 1024w, https:\/\/oasisfm935.com.ar\/site\/wp-content\/uploads\/2020\/08\/47806202-8741-49f2-a5c9-d2f930e5baa1-150x150.jpg 150w, https:\/\/oasisfm935.com.ar\/site\/wp-content\/uploads\/2020\/08\/47806202-8741-49f2-a5c9-d2f930e5baa1-768x768.jpg 768w\" sizes=\"(max-width: 1080px) 100vw, 1080px\" class=\"no-lazyload\" width=\"1080\" height=\"1080\"  style=\"display: inline-block;\" \/><\/div>","protected":false},"excerpt":{"rendered":"<p>El senador nacional por La Pampa, Juan Carlos Marino, demand\u00f3 que Mauricio Macri habilite la primaria para la selecci\u00f3n de la f\u00f3rmula<\/p>\n","protected":false},"author":4,"featured_media":1980,"comment_status":"closed","ping_status":"open","sticky":false,"template":"","format":"standard","meta":{"colormag_page_layout":"default_layout","footnotes":""},"categories":[2],"tags":[],"class_list":["post-1979","post","type-post","status-publish","format-standard","has-post-thumbnail","hentry","category-noticias"],"_links":{"self":[{"href":"https:\/\/oasisfm935.com.ar\/site\/wp-json\/wp\/v2\/posts\/1979","targetHints":{"allow":["GET"]}}],"collection":[{"href":"https:\/\/oasisfm935.com.ar\/site\/wp-json\/wp\/v2\/posts"}],"about":[{"href":"https:\/\/oasisfm935.com.ar\/site\/wp-json\/wp\/v2\/types\/post"}],"author":[{"embeddable":true,"href":"https:\/\/oasisfm935.com.ar\/site\/wp-json\/wp\/v2\/users\/4"}],"replies":[{"embeddable":true,"href":"https:\/\/oasisfm935.com.ar\/site\/wp-json\/wp\/v2\/comments?post=1979"}],"version-history":[{"count":1,"href":"https:\/\/oasisfm935.com.ar\/site\/wp-json\/wp\/v2\/posts\/1979\/revisions"}],"predecessor-version":[{"id":1981,"href":"https:\/\/oasisfm935.com.ar\/site\/wp-json\/wp\/v2\/posts\/1979\/revisions\/1981"}],"wp:featuredmedia":[{"embeddable":true,"href":"https:\/\/oasisfm935.com.ar\/site\/wp-json\/wp\/v2\/media\/1980"}],"wp:attachment":[{"href":"https:\/\/oasisfm935.com.ar\/site\/wp-json\/wp\/v2\/media?parent=1979"}],"wp:term":[{"taxonomy":"category","embeddable":true,"href":"https:\/\/oasisfm935.com.ar\/site\/wp-json\/wp\/v2\/categories?post=1979"},{"taxonomy":"post_tag","embeddable":true,"href":"https:\/\/oasisfm935.com.ar\/site\/wp-json\/wp\/v2\/tags?post=1979"}],"curies":[{"name":"wp","href":"https:\/\/api.w.org\/{rel}","templated":true}]}}