{"id":20,"date":"2019-01-04T23:56:33","date_gmt":"2019-01-05T02:56:33","guid":{"rendered":"http:\/\/oasisfm935.com\/site\/?p=20"},"modified":"2019-01-08T12:30:10","modified_gmt":"2019-01-08T15:30:10","slug":"las-fotos-del-rio-robado-al-ingresar-a-la-provincia","status":"publish","type":"post","link":"https:\/\/oasisfm935.com.ar\/site\/las-fotos-del-rio-robado-al-ingresar-a-la-provincia\/","title":{"rendered":"Las fotos del r\u00edo robado, al ingresar a la provincia"},"content":{"rendered":"\r\n<p>Desde hace diez d\u00edas,<a href=\"http:\/\/diariotextual.com\/inicio\/index.php\/2018\/12\/25\/mendoza-corto-rio-atuel-ya-no-ingresa-agua-la-pampa\/\" target=\"_blank\" rel=\"noreferrer noopener\"><strong>\u00a0no ingresa ni una gota de agua<\/strong> <\/a>por el r\u00edo Atuel a la provincia. Este viernes la situaci\u00f3n es desesperante: en la zona de La Puntilla, en el l\u00edmite con Mendoza, casi\u00a0<strong>no queda agua en el cauce del r\u00edo<\/strong>.<\/p>\r\n\r\n\r\n\r\n\r\n\r\n<p>\u201cEl corte por parte de Mendoza es total\u201d, dice <strong>Mariana Lucero<\/strong>, militante por los derechos h\u00eddricos pampeanos, desde la estancia La Buena Fe, a Diario Textual.<\/p>\r\n\r\n\r\n\r\n\r\n\r\n<p>La semana pasada, el Gobierno pampeano <a href=\"http:\/\/diariotextual.com\/inicio\/index.php\/2018\/12\/27\/la-pampa-notifico-a-la-corte-que-mendoza-volvio-a-cortar-y-robarse-el-atuel\/\" target=\"_blank\" rel=\"noreferrer noopener\"><strong>notific\u00f3 a la Corte Suprema de Justicia de la Naci\u00f3n que Mendoza volvi\u00f3 a cortar<\/strong> <\/a>totalmente y se \u201capropi\u00f3\u201d del r\u00edo Atuel.<\/p>\r\n\r\n\r\n\r\n\r\n\r\n\r\n\r\n<p>Mendoza viene cortando el r\u00edo desde hace unos 70 a\u00f1os para regar sus producciones. En diciembre de 2017, luego de una nueva presentaci\u00f3n pampeana,\u00a0<strong>la CSJN estableci\u00f3 que el r\u00edo era interprovincial y orden\u00f3 que tanto La Pampa como la provincia cuyana deb\u00edan ponerse de acuerdo en establecer un caudal para empezar a recomponer el ambiente en el oeste. Luego de un a\u00f1o de encuentros, no lograron consensuar y ahora es la Corte la que debe definir e<\/strong><\/p>\r\n\r\n\r\n\r\n<figure class=\"wp-block-image\"><img decoding=\"async\" class=\"wp-image-33240\" src=\"http:\/\/diariotextual.com\/inicio\/wp-content\/uploads\/2019\/01\/atuellapuntilla2019-2-580x1024.jpg\" alt=\"\" \/><\/figure>\r\n\r\n\r\n\r\n<figure class=\"wp-block-image\"><img decoding=\"async\" class=\"wp-image-33242\" src=\"http:\/\/diariotextual.com\/inicio\/wp-content\/uploads\/2019\/01\/atuellapuntilla2019-4-1024x627.jpg\" alt=\"\" \/><\/figure>\r\n<div class=\"oasis-despues-del-contenido\" id=\"oasis-2512938223\"><img loading=\"lazy\" decoding=\"async\" src=\"https:\/\/oasisfm935.com.ar\/site\/wp-content\/uploads\/2020\/08\/47806202-8741-49f2-a5c9-d2f930e5baa1.jpg\" alt=\"\"  srcset=\"https:\/\/oasisfm935.com.ar\/site\/wp-content\/uploads\/2020\/08\/47806202-8741-49f2-a5c9-d2f930e5baa1.jpg 1080w, https:\/\/oasisfm935.com.ar\/site\/wp-content\/uploads\/2020\/08\/47806202-8741-49f2-a5c9-d2f930e5baa1-300x300.jpg 300w, https:\/\/oasisfm935.com.ar\/site\/wp-content\/uploads\/2020\/08\/47806202-8741-49f2-a5c9-d2f930e5baa1-1024x1024.jpg 1024w, https:\/\/oasisfm935.com.ar\/site\/wp-content\/uploads\/2020\/08\/47806202-8741-49f2-a5c9-d2f930e5baa1-150x150.jpg 150w, https:\/\/oasisfm935.com.ar\/site\/wp-content\/uploads\/2020\/08\/47806202-8741-49f2-a5c9-d2f930e5baa1-768x768.jpg 768w\" sizes=\"(max-width: 1080px) 100vw, 1080px\" class=\"no-lazyload\" width=\"1080\" height=\"1080\"  style=\"display: inline-block;\" \/><\/div>","protected":false},"excerpt":{"rendered":"<p>Desde hace diez d\u00edas,\u00a0no ingresa ni una gota de agua por el r\u00edo Atuel a la provincia. Este viernes la situaci\u00f3n es<\/p>\n","protected":false},"author":2,"featured_media":219,"comment_status":"closed","ping_status":"open","sticky":false,"template":"","format":"standard","meta":{"colormag_page_layout":"default_layout","footnotes":""},"categories":[2],"tags":[],"class_list":["post-20","post","type-post","status-publish","format-standard","has-post-thumbnail","hentry","category-noticias"],"_links":{"self":[{"href":"https:\/\/oasisfm935.com.ar\/site\/wp-json\/wp\/v2\/posts\/20","targetHints":{"allow":["GET"]}}],"collection":[{"href":"https:\/\/oasisfm935.com.ar\/site\/wp-json\/wp\/v2\/posts"}],"about":[{"href":"https:\/\/oasisfm935.com.ar\/site\/wp-json\/wp\/v2\/types\/post"}],"author":[{"embeddable":true,"href":"https:\/\/oasisfm935.com.ar\/site\/wp-json\/wp\/v2\/users\/2"}],"replies":[{"embeddable":true,"href":"https:\/\/oasisfm935.com.ar\/site\/wp-json\/wp\/v2\/comments?post=20"}],"version-history":[{"count":6,"href":"https:\/\/oasisfm935.com.ar\/site\/wp-json\/wp\/v2\/posts\/20\/revisions"}],"predecessor-version":[{"id":221,"href":"https:\/\/oasisfm935.com.ar\/site\/wp-json\/wp\/v2\/posts\/20\/revisions\/221"}],"wp:featuredmedia":[{"embeddable":true,"href":"https:\/\/oasisfm935.com.ar\/site\/wp-json\/wp\/v2\/media\/219"}],"wp:attachment":[{"href":"https:\/\/oasisfm935.com.ar\/site\/wp-json\/wp\/v2\/media?parent=20"}],"wp:term":[{"taxonomy":"category","embeddable":true,"href":"https:\/\/oasisfm935.com.ar\/site\/wp-json\/wp\/v2\/categories?post=20"},{"taxonomy":"post_tag","embeddable":true,"href":"https:\/\/oasisfm935.com.ar\/site\/wp-json\/wp\/v2\/tags?post=20"}],"curies":[{"name":"wp","href":"https:\/\/api.w.org\/{rel}","templated":true}]}}