{"id":2009,"date":"2019-06-01T18:59:14","date_gmt":"2019-06-01T21:59:14","guid":{"rendered":"http:\/\/oasisfm935.com\/site\/?p=2009"},"modified":"2019-06-01T18:59:14","modified_gmt":"2019-06-01T21:59:14","slug":"berhongaray-y-marcantonio-dos-radicales-en-la-carrera","status":"publish","type":"post","link":"https:\/\/oasisfm935.com.ar\/site\/berhongaray-y-marcantonio-dos-radicales-en-la-carrera\/","title":{"rendered":"Berhongaray y Marcantonio, dos radicales en la carrera"},"content":{"rendered":"<p>Los plazos se aceleran y el 12 de junio los radicales y los macristas locales deben ratificar Cambiemos.\u00a0<strong>El 22 deben presentar la lista de candidatos.<\/strong>\u00a0En la UCR al menos dos tienen la misma ambici\u00f3n.<\/p>\n<p>Al menos dos radicales ya est\u00e1n en carrera por atrapar la candidatura a diputado nacional que presentar\u00e1 Cambiemos en las PASO de agosto, paso previo a las elecciones generales de octubre: el diputado provincial Mart\u00edn Berhongaray y el intendente de Parera, Diego Marcantonio.<\/p>\n<p>En diciembre \u00faltimo, el joven legislador se qued\u00f3 afuera del acuerdo de la lista\u00a0 de la UCR para la interna de las elecciones provinciales y ahora est\u00e1 decidido a no quedar relegado, competir\u00e1 en una interna si hiciera falta. Esa decisi\u00f3n y un apellido hist\u00f3rico son sus cartas fuertes a la hora de negociar. Por su parte, Marcantonio cumpli\u00f3 dos mandatos prolijos en la localidad, tambi\u00e9n es un pol\u00edtico joven, de una nueva camada,\u00a0 y cuenta con el respaldo del diputado nacional Daniel Kroneberger. Este \u00faltimo, despu\u00e9s de la derrota por la gobernaci\u00f3n, descart\u00f3 ir en b\u00fasqueda de renovar el mandato en el Congreso y lo eligi\u00f3 como su alfil.<\/p>\n<p>Si bien esos dos nombres ya salieron al ruedo en los corrillos de la UCR pampeana -incluso Berhongaray lo confirm\u00f3 p\u00fablicamente-, tambi\u00e9n est\u00e1 pendiente la definici\u00f3n de una postura de los otros sectores internos del radicalismo, como el Azul que lidera Francisco Torroba o los dirigentes que responden aun al senador Juan Carlos Marino, una figura en declive. De todos modos, Torroba viene pujando en sinton\u00eda con Kroneberger y ser\u00eda l\u00f3gico que cerrara filas detr\u00e1s de un nombre en com\u00fan. Su sector tiene nombres para sumar a la danza de postulantes, como el exdiputado Hugo P\u00e9rez o Luis Evangelista.<\/p>\n<p>Los socios de los radicales en el frente Cambiemos, el macrismo local, aparece con las fuerzas disminu\u00eddas despu\u00e9s de la paliza electoral en la interna de febrero, cuando el principal referente, el exfutbolista Carlos Javier Mac Allister, fue derrotado por la estructura del radicalismo. No parece haber margen para que intente impone un nombre. Por las dudas, este s\u00e1bado el diputado radical, Ricardo Consiglio, les advirti\u00f3 que ser\u00eda \u201cdesubicado\u201d que quisieran encabezar la boleta con aquel antecedente.<\/p>\n<p>En la UCR, Berhongaray fue el primero en anotarse en la carrera a principios de esta semana. \u201cNunca ocultamos que ven\u00edmos trabajando en esa direcci\u00f3n. Somos un grupo, fuimos respetuosos para no contaminar la dicusi\u00f3n antes del 19, pero ahora hay que acelerar porque los tiempos son cortos\u201d, confirm\u00f3 en declaraciones a Radiokerm\u00e9s. Por el lado de Marcantonio, todav\u00eda no hubo exteriorizaciones de sus apetencias, aunque entre los dirigentes de su sector es un secreto a voces que buscar\u00e1 dar el salto.<\/p>\n<p><strong>Sigue Cambiemos.<\/strong><\/p>\n<p>El cierre de presentaci\u00f3n de las listas de precandidatos est\u00e1 fijado para el\u00a0 pr\u00f3ximo 22 de junio. Este a\u00f1o se renuevan dos bancas, las que dejar\u00e1n el justicialista Sergio Ziliotto y el radical Kroneberger. Un poco antes, el 12, los radicales y el PRO deber\u00e1n definir si contin\u00faan con la alianza electoral en este distrito o forman rancho aparte.<\/p>\n<p>A pesar de que en la reciente Convenci\u00f3n Nacional los convencionales pampeanos votaron en contra de la decisi\u00f3n que\u00a0 se tom\u00f3 por mayor\u00eda, la continuidad en Cambiemos, la mayor\u00eda de los dirigentes consideran que a nivel provincial actuar\u00e1n en forma \u201corg\u00e1nica\u201d y ratificar\u00e1n la continuidad de Cambiemos. Si bien la convivencia con sus socios del PRO no ha sido buena en estos cuatro a\u00f1os, la posibilidad de ir a las urnas por separado implica el riesgo de perder la banca que se pone en juego, ya que si el FreJuPa doblase la cantidad de votos de la primera minor\u00eda se quedar\u00eda con todo.<\/p>\n<p>La Convenci\u00f3n de la UCR se re\u00fane en Santa Rosa el pr\u00f3ximo s\u00e1bado 8. All\u00ed resolver\u00edan la continuidad en Cambiemos, aunque igualmente se escuchar\u00e1n nuevamente voces cr\u00edticas respecto al funcionamento del frente por el ninguneo al partido por parte de Mauricio Macri durante su gesti\u00f3n y otras que renovar\u00e1n el pedido de disputarle las PASO con un candidato propio al actual presidente, que quiere la reelecci\u00f3n.<\/p>\n<div class=\"oasis-despues-del-contenido\" id=\"oasis-4290515868\"><img loading=\"lazy\" decoding=\"async\" src=\"https:\/\/oasisfm935.com.ar\/site\/wp-content\/uploads\/2020\/08\/47806202-8741-49f2-a5c9-d2f930e5baa1.jpg\" alt=\"\"  srcset=\"https:\/\/oasisfm935.com.ar\/site\/wp-content\/uploads\/2020\/08\/47806202-8741-49f2-a5c9-d2f930e5baa1.jpg 1080w, https:\/\/oasisfm935.com.ar\/site\/wp-content\/uploads\/2020\/08\/47806202-8741-49f2-a5c9-d2f930e5baa1-300x300.jpg 300w, https:\/\/oasisfm935.com.ar\/site\/wp-content\/uploads\/2020\/08\/47806202-8741-49f2-a5c9-d2f930e5baa1-1024x1024.jpg 1024w, https:\/\/oasisfm935.com.ar\/site\/wp-content\/uploads\/2020\/08\/47806202-8741-49f2-a5c9-d2f930e5baa1-150x150.jpg 150w, https:\/\/oasisfm935.com.ar\/site\/wp-content\/uploads\/2020\/08\/47806202-8741-49f2-a5c9-d2f930e5baa1-768x768.jpg 768w\" sizes=\"(max-width: 1080px) 100vw, 1080px\" class=\"no-lazyload\" width=\"1080\" height=\"1080\"  style=\"display: inline-block;\" \/><\/div>","protected":false},"excerpt":{"rendered":"<p>Los plazos se aceleran y el 12 de junio los radicales y los macristas locales deben ratificar Cambiemos.\u00a0El 22 deben presentar la<\/p>\n","protected":false},"author":4,"featured_media":2010,"comment_status":"closed","ping_status":"open","sticky":false,"template":"","format":"standard","meta":{"colormag_page_layout":"default_layout","footnotes":""},"categories":[2],"tags":[],"class_list":["post-2009","post","type-post","status-publish","format-standard","has-post-thumbnail","hentry","category-noticias"],"_links":{"self":[{"href":"https:\/\/oasisfm935.com.ar\/site\/wp-json\/wp\/v2\/posts\/2009","targetHints":{"allow":["GET"]}}],"collection":[{"href":"https:\/\/oasisfm935.com.ar\/site\/wp-json\/wp\/v2\/posts"}],"about":[{"href":"https:\/\/oasisfm935.com.ar\/site\/wp-json\/wp\/v2\/types\/post"}],"author":[{"embeddable":true,"href":"https:\/\/oasisfm935.com.ar\/site\/wp-json\/wp\/v2\/users\/4"}],"replies":[{"embeddable":true,"href":"https:\/\/oasisfm935.com.ar\/site\/wp-json\/wp\/v2\/comments?post=2009"}],"version-history":[{"count":1,"href":"https:\/\/oasisfm935.com.ar\/site\/wp-json\/wp\/v2\/posts\/2009\/revisions"}],"predecessor-version":[{"id":2011,"href":"https:\/\/oasisfm935.com.ar\/site\/wp-json\/wp\/v2\/posts\/2009\/revisions\/2011"}],"wp:featuredmedia":[{"embeddable":true,"href":"https:\/\/oasisfm935.com.ar\/site\/wp-json\/wp\/v2\/media\/2010"}],"wp:attachment":[{"href":"https:\/\/oasisfm935.com.ar\/site\/wp-json\/wp\/v2\/media?parent=2009"}],"wp:term":[{"taxonomy":"category","embeddable":true,"href":"https:\/\/oasisfm935.com.ar\/site\/wp-json\/wp\/v2\/categories?post=2009"},{"taxonomy":"post_tag","embeddable":true,"href":"https:\/\/oasisfm935.com.ar\/site\/wp-json\/wp\/v2\/tags?post=2009"}],"curies":[{"name":"wp","href":"https:\/\/api.w.org\/{rel}","templated":true}]}}