{"id":2043,"date":"2019-06-05T21:24:26","date_gmt":"2019-06-06T00:24:26","guid":{"rendered":"http:\/\/oasisfm935.com\/site\/?p=2043"},"modified":"2019-06-05T21:24:26","modified_gmt":"2019-06-06T00:24:26","slug":"la-provincia-subio-la-minima-jubilatoria-a-21-100","status":"publish","type":"post","link":"https:\/\/oasisfm935.com.ar\/site\/la-provincia-subio-la-minima-jubilatoria-a-21-100\/","title":{"rendered":"La Provincia subi\u00f3 la m\u00ednima jubilatoria a $21.100"},"content":{"rendered":"<p>El ministro de Hacienda y Finanzas de la Provincia, Ernesto Franco, anunci\u00f3 que el gobernador Carlos Verna firm\u00f3 el decreto para aumentar las jubilaciones de los estatales: la movilidad jubilatoria de los civiles y docentes va a estar entre el 15,77% y el 16% con respecto a enero.<\/p>\n<p>Adem\u00e1s el ministro destac\u00f3 que la jubilaci\u00f3n m\u00ednima ser\u00e1 de $ 21.119. \u201cComparada con la m\u00ednima nacional, estamos casi un 35% m\u00e1s arriba, ya que la nacional es de $ 16.139,81\u201d, sostuvo.<\/p>\n<p>Para determinar la movilidad del R\u00e9gimen Civil, dijo Franco, se calcula la variaci\u00f3n en el promedio de las remuneraciones del personal civil en actividad. Y para el R\u00e9gimen Docente, la variaci\u00f3n en el promedio de las remuneraciones del personal docente en actividad, agreg\u00f3.<\/p>\n<p>En el caso del R\u00e9gimen Policial la determinaci\u00f3n del haber es por cargo y se aplica la escala salarial de los activos.<\/p>\n<p>&nbsp;<\/p>\n<p>\u201cA todos los beneficiarios, el aumento se abona dentro de los 30 d\u00edas del que lo perciben los activos, pero con igual vigencia\u201d, dijo.<\/p>\n<p>Por \u00faltimo Franco remarc\u00f3 que el Decreto que firm\u00f3 el gobernador, refrendado por los ministros de Hacienda y Finanzas y Desarrollo Social con el \u00edndice a ajuste de los haberes jubilatorios a partir del 1 de mayo de 2019, ser\u00e1 abonado con los haberes del mes de junio de 2019, conjuntamente con el haber anual complementario (aguinaldo) el d\u00eda 24 de junio.<\/p>\n<div class=\"oasis-despues-del-contenido\" id=\"oasis-2162676896\"><img loading=\"lazy\" decoding=\"async\" src=\"https:\/\/oasisfm935.com.ar\/site\/wp-content\/uploads\/2020\/08\/47806202-8741-49f2-a5c9-d2f930e5baa1.jpg\" alt=\"\"  srcset=\"https:\/\/oasisfm935.com.ar\/site\/wp-content\/uploads\/2020\/08\/47806202-8741-49f2-a5c9-d2f930e5baa1.jpg 1080w, https:\/\/oasisfm935.com.ar\/site\/wp-content\/uploads\/2020\/08\/47806202-8741-49f2-a5c9-d2f930e5baa1-300x300.jpg 300w, https:\/\/oasisfm935.com.ar\/site\/wp-content\/uploads\/2020\/08\/47806202-8741-49f2-a5c9-d2f930e5baa1-1024x1024.jpg 1024w, https:\/\/oasisfm935.com.ar\/site\/wp-content\/uploads\/2020\/08\/47806202-8741-49f2-a5c9-d2f930e5baa1-150x150.jpg 150w, https:\/\/oasisfm935.com.ar\/site\/wp-content\/uploads\/2020\/08\/47806202-8741-49f2-a5c9-d2f930e5baa1-768x768.jpg 768w\" sizes=\"(max-width: 1080px) 100vw, 1080px\" class=\"no-lazyload\" width=\"1080\" height=\"1080\"  style=\"display: inline-block;\" \/><\/div>","protected":false},"excerpt":{"rendered":"<p>El ministro de Hacienda y Finanzas de la Provincia, Ernesto Franco, anunci\u00f3 que el gobernador Carlos Verna firm\u00f3 el decreto para aumentar<\/p>\n","protected":false},"author":4,"featured_media":1655,"comment_status":"closed","ping_status":"open","sticky":false,"template":"","format":"standard","meta":{"colormag_page_layout":"default_layout","footnotes":""},"categories":[2],"tags":[],"class_list":["post-2043","post","type-post","status-publish","format-standard","has-post-thumbnail","hentry","category-noticias"],"_links":{"self":[{"href":"https:\/\/oasisfm935.com.ar\/site\/wp-json\/wp\/v2\/posts\/2043","targetHints":{"allow":["GET"]}}],"collection":[{"href":"https:\/\/oasisfm935.com.ar\/site\/wp-json\/wp\/v2\/posts"}],"about":[{"href":"https:\/\/oasisfm935.com.ar\/site\/wp-json\/wp\/v2\/types\/post"}],"author":[{"embeddable":true,"href":"https:\/\/oasisfm935.com.ar\/site\/wp-json\/wp\/v2\/users\/4"}],"replies":[{"embeddable":true,"href":"https:\/\/oasisfm935.com.ar\/site\/wp-json\/wp\/v2\/comments?post=2043"}],"version-history":[{"count":1,"href":"https:\/\/oasisfm935.com.ar\/site\/wp-json\/wp\/v2\/posts\/2043\/revisions"}],"predecessor-version":[{"id":2044,"href":"https:\/\/oasisfm935.com.ar\/site\/wp-json\/wp\/v2\/posts\/2043\/revisions\/2044"}],"wp:featuredmedia":[{"embeddable":true,"href":"https:\/\/oasisfm935.com.ar\/site\/wp-json\/wp\/v2\/media\/1655"}],"wp:attachment":[{"href":"https:\/\/oasisfm935.com.ar\/site\/wp-json\/wp\/v2\/media?parent=2043"}],"wp:term":[{"taxonomy":"category","embeddable":true,"href":"https:\/\/oasisfm935.com.ar\/site\/wp-json\/wp\/v2\/categories?post=2043"},{"taxonomy":"post_tag","embeddable":true,"href":"https:\/\/oasisfm935.com.ar\/site\/wp-json\/wp\/v2\/tags?post=2043"}],"curies":[{"name":"wp","href":"https:\/\/api.w.org\/{rel}","templated":true}]}}