{"id":2045,"date":"2019-06-05T21:31:15","date_gmt":"2019-06-06T00:31:15","guid":{"rendered":"http:\/\/oasisfm935.com\/site\/?p=2045"},"modified":"2019-06-05T21:31:15","modified_gmt":"2019-06-06T00:31:15","slug":"cfk-sale-de-gira-con-su-libro-sinceramente-vendra-a-la-pampa","status":"publish","type":"post","link":"https:\/\/oasisfm935.com.ar\/site\/cfk-sale-de-gira-con-su-libro-sinceramente-vendra-a-la-pampa\/","title":{"rendered":"CFK sale de gira con su libro \u201cSinceramente\u201d. \u00bfVendr\u00e1 a La Pampa?"},"content":{"rendered":"<p>Con una agenda paralela a la del candidato presidencial\u00a0<strong>Alberto Fern\u00e1ndez<\/strong>\u00a0y un formato de charla similar al de la Feria del Libro, la senadora Cristina Fern\u00e1ndez de Kirchner arranca el martes 11 en Santiago del Estero una gira por las provincias para presentar su libro<strong>\u201cSinceramente\u201d<\/strong>\u00a0acompa\u00f1ada por gobernadores.<\/p>\n<p><strong>La primera presentaci\u00f3n ser\u00e1 el martes 11 en el F\u00f3rum Santiago del Estero<\/strong>, un centro de convenciones ubicado en la capital provincial con capacidad para tres mil personas. All\u00ed estar\u00e1 la expresidenta acompa\u00f1ada por representantes de Editorial Sudamericana y del gobernador Gerardo Zamora, uno de los primeros mandatarios provinciales en celebrar p\u00fablicamente el lanzamiento del binomio Fern\u00e1ndez- Fern\u00e1ndez.<\/p>\n<p>Seg\u00fan public\u00f3 la periodista\u00a0<a href=\"https:\/\/www.letrap.com.ar\/nota\/2019-6-5-14-52-0-sinceramente-cristina-sale-de-gira-por-las-provincias-con-su-libro\" target=\"_blank\" rel=\"noopener noreferrer\"><strong>Gabriela Pepe en el portal Letra P<\/strong><\/a>, la visita a Santiago del Estero ser\u00e1 apenas la primera parada de una serie de viajes a las provincias que la ex presidenta tiene previsto hacer durante la campa\u00f1a, siempre con la excusa de la presentaci\u00f3n de su libro<strong>.<\/strong><\/p>\n<p><strong>La gira la mostrar\u00e1 con gobernadores y dirigentes de todo el pa\u00eds sin necesidad de recurrir a actos masivos.\u00a0<\/strong>A\u00fan no se sabe si visitar\u00e1 la provincia, donde el kirchnerismo hizo un acuerdo con Carlos Verna y el 19 de mayo obtuvo un triunfo contundente sobre Cambiemos. Incluso uno de los dirigentes de La C\u00e1mpora, Luciano di N\u00e1poli, se qued\u00f3 con la intendencia de la capital.<\/p>\n<p>Como qued\u00f3 claro en la charla que compartieron en Merlo, junto al intendent eGustavo Men\u00e9ndez, Cristina decidi\u00f3 dar un paso al costado en la campa\u00f1a para evitar restarle protagonismo al exjefe de Gabinete. En el comando de compa\u00f1a de los Fern\u00e1ndez aseguran que, \u201cde cada 20 actos\u201d en los que participe el candidato presidencial, Cristina estar\u00e1 \u201csolo en uno\u201d.<\/p>\n<p>&nbsp;<\/p>\n<div class=\"oasis-despues-del-contenido\" id=\"oasis-1930844854\"><img loading=\"lazy\" decoding=\"async\" src=\"https:\/\/oasisfm935.com.ar\/site\/wp-content\/uploads\/2020\/08\/47806202-8741-49f2-a5c9-d2f930e5baa1.jpg\" alt=\"\"  srcset=\"https:\/\/oasisfm935.com.ar\/site\/wp-content\/uploads\/2020\/08\/47806202-8741-49f2-a5c9-d2f930e5baa1.jpg 1080w, https:\/\/oasisfm935.com.ar\/site\/wp-content\/uploads\/2020\/08\/47806202-8741-49f2-a5c9-d2f930e5baa1-300x300.jpg 300w, https:\/\/oasisfm935.com.ar\/site\/wp-content\/uploads\/2020\/08\/47806202-8741-49f2-a5c9-d2f930e5baa1-1024x1024.jpg 1024w, https:\/\/oasisfm935.com.ar\/site\/wp-content\/uploads\/2020\/08\/47806202-8741-49f2-a5c9-d2f930e5baa1-150x150.jpg 150w, https:\/\/oasisfm935.com.ar\/site\/wp-content\/uploads\/2020\/08\/47806202-8741-49f2-a5c9-d2f930e5baa1-768x768.jpg 768w\" sizes=\"(max-width: 1080px) 100vw, 1080px\" class=\"no-lazyload\" width=\"1080\" height=\"1080\"  style=\"display: inline-block;\" \/><\/div>","protected":false},"excerpt":{"rendered":"<p>Con una agenda paralela a la del candidato presidencial\u00a0Alberto Fern\u00e1ndez\u00a0y un formato de charla similar al de la Feria del Libro, la<\/p>\n","protected":false},"author":4,"featured_media":1862,"comment_status":"closed","ping_status":"open","sticky":false,"template":"","format":"standard","meta":{"colormag_page_layout":"default_layout","footnotes":""},"categories":[2],"tags":[],"class_list":["post-2045","post","type-post","status-publish","format-standard","has-post-thumbnail","hentry","category-noticias"],"_links":{"self":[{"href":"https:\/\/oasisfm935.com.ar\/site\/wp-json\/wp\/v2\/posts\/2045","targetHints":{"allow":["GET"]}}],"collection":[{"href":"https:\/\/oasisfm935.com.ar\/site\/wp-json\/wp\/v2\/posts"}],"about":[{"href":"https:\/\/oasisfm935.com.ar\/site\/wp-json\/wp\/v2\/types\/post"}],"author":[{"embeddable":true,"href":"https:\/\/oasisfm935.com.ar\/site\/wp-json\/wp\/v2\/users\/4"}],"replies":[{"embeddable":true,"href":"https:\/\/oasisfm935.com.ar\/site\/wp-json\/wp\/v2\/comments?post=2045"}],"version-history":[{"count":1,"href":"https:\/\/oasisfm935.com.ar\/site\/wp-json\/wp\/v2\/posts\/2045\/revisions"}],"predecessor-version":[{"id":2046,"href":"https:\/\/oasisfm935.com.ar\/site\/wp-json\/wp\/v2\/posts\/2045\/revisions\/2046"}],"wp:featuredmedia":[{"embeddable":true,"href":"https:\/\/oasisfm935.com.ar\/site\/wp-json\/wp\/v2\/media\/1862"}],"wp:attachment":[{"href":"https:\/\/oasisfm935.com.ar\/site\/wp-json\/wp\/v2\/media?parent=2045"}],"wp:term":[{"taxonomy":"category","embeddable":true,"href":"https:\/\/oasisfm935.com.ar\/site\/wp-json\/wp\/v2\/categories?post=2045"},{"taxonomy":"post_tag","embeddable":true,"href":"https:\/\/oasisfm935.com.ar\/site\/wp-json\/wp\/v2\/tags?post=2045"}],"curies":[{"name":"wp","href":"https:\/\/api.w.org\/{rel}","templated":true}]}}