{"id":2054,"date":"2019-06-07T13:03:54","date_gmt":"2019-06-07T16:03:54","guid":{"rendered":"http:\/\/oasisfm935.com\/site\/?p=2054"},"modified":"2019-06-07T13:03:54","modified_gmt":"2019-06-07T16:03:54","slug":"yo-creo-que-alberto-fernandez-sera-el-proximo-presidente-de-la-nacion","status":"publish","type":"post","link":"https:\/\/oasisfm935.com.ar\/site\/yo-creo-que-alberto-fernandez-sera-el-proximo-presidente-de-la-nacion\/","title":{"rendered":"\u201cYO CREO QUE ALBERTO FERN\u00c1NDEZ SER\u00c1 EL PR\u00d3XIMO PRESIDENTE DE LA NACI\u00d3N\u201d"},"content":{"rendered":"<p>El mandatario pampeano adelant\u00f3 que el PJ pampeano apoyar\u00e1 la f\u00f3rmula Fern\u00e1ndez-Fern\u00e1ndez y dijo que Massa \u00abva a terminar adentro del PJ\u00bb. Demandar\u00e1n a Naci\u00f3n por incumpliento en el fallo por fondos coparticipables.<\/p>\n<p>El gobernador de La Pampa, Carlos Verna, record\u00f3 que este viernes se cumplen 120 d\u00edas del fallo a favor de La Pampa por fondos coparticipables y adelant\u00f3 que el lunes demandar\u00e1n a Naci\u00f3n por el cobro.<\/p>\n<p>\u00abHoy se cumplen los 120 d\u00edas que nos dio la Corte para acordar con el gobierno el pago\u00bb y el lunes firmar\u00e9 el decreto para que inicie la demanda de cobro de esta sentencia de la Corte\u00bb, adelant\u00f3 en el Brindis por el D\u00eda del Periodista.<\/p>\n<p>\u00abYo habl\u00e9 con Alberto Fern\u00e1ndez y le plante\u00e9 el tema. Me dijo que \u00e9l est\u00e1 dispuesto a reunirse con Ziliotto, para acordar de qu\u00e9 manera nos van a pagar\u00bb, agreg\u00f3 el primer mandatario.<\/p>\n<p>Por otra parte ratific\u00f3 el apoyo del PJ a la f\u00f3rmula Fern\u00e1ndez \u2013 Fern\u00e1ndez y se\u00f1al\u00f3 que no tiene dudas que Alberto Fern\u00e1ndez ser\u00e1 el pr\u00f3ximo presidente, para se\u00f1alar que \u00abMassa terminar\u00e1 en el PJ. Es informaci\u00f3n\u00bb, aclar\u00f3.<\/p>\n<p>Confirm\u00f3 que no terminar\u00e1 el Hospital ni el Megaestadio en su mandato. \u00abEl Megaestadio va a tener el techo colocado, pero faltar\u00e1 la parte interior y exterior y el Hospital comenzar\u00e1 a recuperarse\u00bb.<\/p>\n<p>Tambi\u00e9n critic\u00f3 la difusi\u00f3n de una supuesta lista con personas investigadas por lavados de activos y opin\u00f3 que la lista sali\u00f3 de la municipalidad. \u00abFue una operaci\u00f3n pol\u00edtica de muy mal gusto. Est\u00e1 claro de d\u00f3nde sali\u00f3. Al gobierno provincial tambi\u00e9n le lleg\u00f3 el requerimiento, pero ustedes no tuvieron fotocopias. Esto sali\u00f3 de la\u00a0 municipalidad de Santa Rosa.\u00bb<\/p>\n<div class=\"oasis-despues-del-contenido\" id=\"oasis-804792062\"><img loading=\"lazy\" decoding=\"async\" src=\"https:\/\/oasisfm935.com.ar\/site\/wp-content\/uploads\/2020\/08\/47806202-8741-49f2-a5c9-d2f930e5baa1.jpg\" alt=\"\"  srcset=\"https:\/\/oasisfm935.com.ar\/site\/wp-content\/uploads\/2020\/08\/47806202-8741-49f2-a5c9-d2f930e5baa1.jpg 1080w, https:\/\/oasisfm935.com.ar\/site\/wp-content\/uploads\/2020\/08\/47806202-8741-49f2-a5c9-d2f930e5baa1-300x300.jpg 300w, https:\/\/oasisfm935.com.ar\/site\/wp-content\/uploads\/2020\/08\/47806202-8741-49f2-a5c9-d2f930e5baa1-1024x1024.jpg 1024w, https:\/\/oasisfm935.com.ar\/site\/wp-content\/uploads\/2020\/08\/47806202-8741-49f2-a5c9-d2f930e5baa1-150x150.jpg 150w, https:\/\/oasisfm935.com.ar\/site\/wp-content\/uploads\/2020\/08\/47806202-8741-49f2-a5c9-d2f930e5baa1-768x768.jpg 768w\" sizes=\"(max-width: 1080px) 100vw, 1080px\" class=\"no-lazyload\" width=\"1080\" height=\"1080\"  style=\"display: inline-block;\" \/><\/div>","protected":false},"excerpt":{"rendered":"<p>El mandatario pampeano adelant\u00f3 que el PJ pampeano apoyar\u00e1 la f\u00f3rmula Fern\u00e1ndez-Fern\u00e1ndez y dijo que Massa \u00abva a terminar adentro del PJ\u00bb.<\/p>\n","protected":false},"author":4,"featured_media":2055,"comment_status":"closed","ping_status":"open","sticky":false,"template":"","format":"standard","meta":{"colormag_page_layout":"default_layout","footnotes":""},"categories":[2],"tags":[],"class_list":["post-2054","post","type-post","status-publish","format-standard","has-post-thumbnail","hentry","category-noticias"],"_links":{"self":[{"href":"https:\/\/oasisfm935.com.ar\/site\/wp-json\/wp\/v2\/posts\/2054","targetHints":{"allow":["GET"]}}],"collection":[{"href":"https:\/\/oasisfm935.com.ar\/site\/wp-json\/wp\/v2\/posts"}],"about":[{"href":"https:\/\/oasisfm935.com.ar\/site\/wp-json\/wp\/v2\/types\/post"}],"author":[{"embeddable":true,"href":"https:\/\/oasisfm935.com.ar\/site\/wp-json\/wp\/v2\/users\/4"}],"replies":[{"embeddable":true,"href":"https:\/\/oasisfm935.com.ar\/site\/wp-json\/wp\/v2\/comments?post=2054"}],"version-history":[{"count":1,"href":"https:\/\/oasisfm935.com.ar\/site\/wp-json\/wp\/v2\/posts\/2054\/revisions"}],"predecessor-version":[{"id":2056,"href":"https:\/\/oasisfm935.com.ar\/site\/wp-json\/wp\/v2\/posts\/2054\/revisions\/2056"}],"wp:featuredmedia":[{"embeddable":true,"href":"https:\/\/oasisfm935.com.ar\/site\/wp-json\/wp\/v2\/media\/2055"}],"wp:attachment":[{"href":"https:\/\/oasisfm935.com.ar\/site\/wp-json\/wp\/v2\/media?parent=2054"}],"wp:term":[{"taxonomy":"category","embeddable":true,"href":"https:\/\/oasisfm935.com.ar\/site\/wp-json\/wp\/v2\/categories?post=2054"},{"taxonomy":"post_tag","embeddable":true,"href":"https:\/\/oasisfm935.com.ar\/site\/wp-json\/wp\/v2\/tags?post=2054"}],"curies":[{"name":"wp","href":"https:\/\/api.w.org\/{rel}","templated":true}]}}