{"id":2062,"date":"2019-06-10T09:18:52","date_gmt":"2019-06-10T12:18:52","guid":{"rendered":"http:\/\/oasisfm935.com\/site\/?p=2062"},"modified":"2019-06-10T09:19:24","modified_gmt":"2019-06-10T12:19:24","slug":"ing-luiggi-dos-peleas-en-la-madrugada-del-domingo-terminan-con-lesionados","status":"publish","type":"post","link":"https:\/\/oasisfm935.com.ar\/site\/ing-luiggi-dos-peleas-en-la-madrugada-del-domingo-terminan-con-lesionados\/","title":{"rendered":"Ing. Luiggi: dos peleas en la madrugada del domingo terminan con lesionados"},"content":{"rendered":"<div class=\"itemIntroText\">\n<p>Hubo un auto da\u00f1ado, lesionados y herido de arma blanca. Las peleas se registraron luego de la salida de la disco en la madrugada de este domingo.<\/p>\n<\/div>\n<div class=\"itemFullText\">\n<p>El jefe de la Comisar\u00eda Departamental de Ingeniero Luiggi, comisario Leandro Ernst inform\u00f3 a Zonal Noticias,: \u201c<strong>tuvimos dos peleas posteriormente a la finalizaci\u00f3n del boliche. Una con un auto da\u00f1ado y una persona con lesiones leves\u201d.<\/strong><\/p>\n<blockquote><p>\u201cEn este caso, se inici\u00f3 una causa judicial con intervenci\u00f3n de la Fiscal\u00eda del Delito contra las personas a cargo de la Dra. Mar\u00eda Oporto de General Pico\u201d, explic\u00f3 el comisario Ernst.<\/p><\/blockquote>\n<p>&nbsp;<\/p>\n<blockquote><p>\u201cLa otra pelea se produjo tambi\u00e9n cerca de la 7 de la ma\u00f1ana sobre Pasaje Bravo en el sector Este de la localidad entre cuatro personas. Una de ellas termin\u00f3 con dos cortes de arma blanca en su pierna izquierda\u201d, manifest\u00f3 el Jefe policial de Luiggi.<\/p><\/blockquote>\n<p>\u201cAl respecto, se hicieron varias diligencias donde se logr\u00f3 r\u00e1pidamente detener a dos personas imputadas y est\u00e1n a disposici\u00f3n de la misma Fiscal\u00eda de Pico\u201d, cont\u00f3 el comisario.<\/p>\n<p><strong>El damnificado fue atendido por personal de salud y se encuentra en observaci\u00f3n.<\/strong><\/p>\n<blockquote><p>Seg\u00fan las informaciones a las que pudimos acceder, esta persona ser\u00eda un joven oriundo de La Maruja.<\/p><\/blockquote>\n<p>El expediente est\u00e1 caratulado como\u00a0<strong><em>lesiones con arma blanca<\/em><\/strong>.<\/p>\n<\/div>\n<p>Zonal Noticias<\/p>\n<div class=\"oasis-despues-del-contenido\" id=\"oasis-2019497239\"><img loading=\"lazy\" decoding=\"async\" src=\"https:\/\/oasisfm935.com.ar\/site\/wp-content\/uploads\/2020\/08\/47806202-8741-49f2-a5c9-d2f930e5baa1.jpg\" alt=\"\"  srcset=\"https:\/\/oasisfm935.com.ar\/site\/wp-content\/uploads\/2020\/08\/47806202-8741-49f2-a5c9-d2f930e5baa1.jpg 1080w, https:\/\/oasisfm935.com.ar\/site\/wp-content\/uploads\/2020\/08\/47806202-8741-49f2-a5c9-d2f930e5baa1-300x300.jpg 300w, https:\/\/oasisfm935.com.ar\/site\/wp-content\/uploads\/2020\/08\/47806202-8741-49f2-a5c9-d2f930e5baa1-1024x1024.jpg 1024w, https:\/\/oasisfm935.com.ar\/site\/wp-content\/uploads\/2020\/08\/47806202-8741-49f2-a5c9-d2f930e5baa1-150x150.jpg 150w, https:\/\/oasisfm935.com.ar\/site\/wp-content\/uploads\/2020\/08\/47806202-8741-49f2-a5c9-d2f930e5baa1-768x768.jpg 768w\" sizes=\"(max-width: 1080px) 100vw, 1080px\" class=\"no-lazyload\" width=\"1080\" height=\"1080\"  style=\"display: inline-block;\" \/><\/div>","protected":false},"excerpt":{"rendered":"<p>Hubo un auto da\u00f1ado, lesionados y herido de arma blanca. Las peleas se registraron luego de la salida de la disco en<\/p>\n","protected":false},"author":4,"featured_media":1889,"comment_status":"closed","ping_status":"open","sticky":false,"template":"","format":"standard","meta":{"colormag_page_layout":"default_layout","footnotes":""},"categories":[2],"tags":[],"class_list":["post-2062","post","type-post","status-publish","format-standard","has-post-thumbnail","hentry","category-noticias"],"_links":{"self":[{"href":"https:\/\/oasisfm935.com.ar\/site\/wp-json\/wp\/v2\/posts\/2062","targetHints":{"allow":["GET"]}}],"collection":[{"href":"https:\/\/oasisfm935.com.ar\/site\/wp-json\/wp\/v2\/posts"}],"about":[{"href":"https:\/\/oasisfm935.com.ar\/site\/wp-json\/wp\/v2\/types\/post"}],"author":[{"embeddable":true,"href":"https:\/\/oasisfm935.com.ar\/site\/wp-json\/wp\/v2\/users\/4"}],"replies":[{"embeddable":true,"href":"https:\/\/oasisfm935.com.ar\/site\/wp-json\/wp\/v2\/comments?post=2062"}],"version-history":[{"count":1,"href":"https:\/\/oasisfm935.com.ar\/site\/wp-json\/wp\/v2\/posts\/2062\/revisions"}],"predecessor-version":[{"id":2063,"href":"https:\/\/oasisfm935.com.ar\/site\/wp-json\/wp\/v2\/posts\/2062\/revisions\/2063"}],"wp:featuredmedia":[{"embeddable":true,"href":"https:\/\/oasisfm935.com.ar\/site\/wp-json\/wp\/v2\/media\/1889"}],"wp:attachment":[{"href":"https:\/\/oasisfm935.com.ar\/site\/wp-json\/wp\/v2\/media?parent=2062"}],"wp:term":[{"taxonomy":"category","embeddable":true,"href":"https:\/\/oasisfm935.com.ar\/site\/wp-json\/wp\/v2\/categories?post=2062"},{"taxonomy":"post_tag","embeddable":true,"href":"https:\/\/oasisfm935.com.ar\/site\/wp-json\/wp\/v2\/tags?post=2062"}],"curies":[{"name":"wp","href":"https:\/\/api.w.org\/{rel}","templated":true}]}}