{"id":2085,"date":"2019-06-14T21:27:43","date_gmt":"2019-06-15T00:27:43","guid":{"rendered":"http:\/\/oasisfm935.com\/site\/?p=2085"},"modified":"2019-06-14T21:27:43","modified_gmt":"2019-06-15T00:27:43","slug":"comenzo-letras-campantes-en-luiggi-queremos-multiplicar-los-festivales-aseguro-maggio","status":"publish","type":"post","link":"https:\/\/oasisfm935.com.ar\/site\/comenzo-letras-campantes-en-luiggi-queremos-multiplicar-los-festivales-aseguro-maggio\/","title":{"rendered":"Comenz\u00f3 \u201cLetras Campantes\u201d en Luiggi: \u201cqueremos multiplicar los festivales\u201d, asegur\u00f3 Maggio"},"content":{"rendered":"<p>&nbsp;<\/p>\n<div class=\"itemIntroText\">\n<p><strong>Con la presencia de la secretaria de Cultura Adriana Maggio, dio inicio en Ingeniero Luiggi el 1\u00ba Festival de Literatura para adolescentes \u201cLetras Campantes\u201d.<\/strong><\/p>\n<\/div>\n<div class=\"itemFullText\">\n<p>En el acto de apertura estuvo presente la subsecretaria de Descentralizaci\u00f3n Patricia Lav\u00edn, concejales, docentes y alumnos de colegios de la localidad y la zona, adem\u00e1s de\u00a0 referentes de la cultura.<\/p>\n<p><img loading=\"lazy\" decoding=\"async\" src=\"https:\/\/scontent.faep6-1.fna.fbcdn.net\/v\/t1.0-9\/64303676_664673020627642_7067560082195611648_n.jpg?_nc_cat=101&amp;_nc_eui2=AeF-z8vWQlD7KRZcQJL4fV-YdItQWAZ9VysU2W7_FjhwZh6C8lG29Y44SJk0RAyHLRXU4V8mnkYV7DAgYjlOItr_PGEHTHIwAbgtJbOOnwh7kA&amp;_nc_ht=scontent.faep6-1.fna&amp;oh=a2546943a78ccc5ee5949b9d4bd43d73&amp;oe=5D95327A\" alt=\"La imagen puede contener: 3 personas, personas sentadas, calzado e interior\" width=\"746\" height=\"373\" \/><\/p>\n<p>&nbsp;<\/p>\n<blockquote><p>\u00abHace unos meses comenzamos a conversar la posibilidad de multiplicar los festivales de disciplinas art\u00edsticas con adolescentes\u00bb, destac\u00f3 Adriana Maggio.<\/p>\n<p>Destac\u00f3 \u00abhace tres a\u00f1os que realizamos un Festival de Teatro en Cuchillo Co, porque ve\u00edamos que los chicos que participaban de ese festival mejoraban cada vez, ser iban convirtiendo \u00a0en muy buenos actores, adem\u00e1s de poder desarrollar una tarea colectiva cada vez m\u00e1s interesante\u201d.<\/p><\/blockquote>\n<p><img loading=\"lazy\" decoding=\"async\" src=\"https:\/\/scontent.faep6-1.fna.fbcdn.net\/v\/t1.0-9\/64412063_664672900627654_5192370643433160704_n.jpg?_nc_cat=109&amp;_nc_eui2=AeE4cx8HhLpwp-SkB6DFpnImJsJw_5vbbPZx4JtYWa3v1rc3QAVVNWBzmGwSVTUssovT2wNPD7Tiqfd_aChJPnZ0fyEQpzQCW2t-I0YzfGr3VA&amp;_nc_ht=scontent.faep6-1.fna&amp;oh=13ab98bdba66eb9337b108cd42a978bc&amp;oe=5D9980AD\" alt=\"La imagen puede contener: 1 persona, sentado e interior\" width=\"730\" height=\"365\" \/><\/p>\n<p><strong>\u201cSumado a los Juegos Culturales Evita, pensamos en hacer festivales para adolescentes: un Festival de Letras en Ingeniero Luiggi , uno de Artes Visuales en Alpachiri, y seguir con el de Teatro en Cuchillo Co\u201d<\/strong>, destac\u00f3 la secretaria de Cultura.<\/p>\n<p><img loading=\"lazy\" decoding=\"async\" src=\"https:\/\/scontent.faep6-1.fna.fbcdn.net\/v\/t1.0-9\/64393820_664673203960957_8907469177825001472_n.jpg?_nc_cat=109&amp;_nc_eui2=AeEmL7S6KlnhPnvKug2255L4Z98MfQto-R8JlqInQfNxD4AMw--p3pLvUI2YknxSk5aqnPSGwVLo4xr3wPwAqu5X3go2CkDD3GtgrXKw37nSTQ&amp;_nc_ht=scontent.faep6-1.fna&amp;oh=df1bb2a849625e50ce7a37784d314778&amp;oe=5D79708E\" alt=\"La imagen puede contener: 2 personas, personas sentadas, calzado e interior\" width=\"682\" height=\"341\" \/><\/p>\n<blockquote><p>\u201cLes agradecemos a los docentes y a los chicos de las escuelas de la zona, tambi\u00e9n invitamos a la gente de la biblioteca de Ingeniero que se sum\u00f3 con algunos libros, porque la biblioteca es un espacio que adem\u00e1s de ayudarnos en la tarea, deber ser un lugar donde encontremos libros de \u00a0aventura, de poes\u00eda, historietas, asique aprovech\u00e9mosla\u201d.<\/p><\/blockquote>\n<p><strong>\u201cMe acompa\u00f1an los docentes que estar\u00e1n a cargo de los talleres, escritores, gente del equipo de Cultura y tenemos una invitada especial que llega del exterior para compartir con los estudiantes\u201d,<\/strong>\u00a0anticip\u00f3 Maggio, antes del comienzo de las variadas propuestas.<\/p>\n<p><img loading=\"lazy\" decoding=\"async\" src=\"https:\/\/scontent.faep6-1.fna.fbcdn.net\/v\/t1.0-9\/62550323_664673453960932_7398990927332638720_n.jpg?_nc_cat=106&amp;_nc_eui2=AeFp2gOcombUDrPPiBWkuRirz_bX2nt3oVZheXouRHNZCB3omU3wF5sNt_uAlE0lIUrl0XK4HuMR5bA40GUzGSZ2l1BB3DFWOn7ON2WJrPlKjA&amp;_nc_ht=scontent.faep6-1.fna&amp;oh=fb2cbffc9cc273584bbbc4258e3fa3ca&amp;oe=5D8094CC\" alt=\"La imagen puede contener: 6 personas, personas sonriendo, personas de pie y calzado\" width=\"694\" height=\"347\" \/><\/p>\n<hr \/>\n<p><strong>Viernes y s\u00e1bado<\/strong><\/p>\n<p>El festival comenza\u00f3 a las 15:30 horas, con una actividad de integraci\u00f3n para todos y todas las adolescentes.<\/p>\n<blockquote><p>Entre las actividades propuestas, Marcela Zuazo, \u00c1gueda Franco, Marisa Cascallares y Lisa Segovia integrar\u00e1n una mesa de escritoras pampeanas, que hablar\u00e1 sobre el Grupo Desguace y Pertenencia.<\/p><\/blockquote>\n<p>La actividad estar\u00e1 abierta para todo p\u00fablico.Durante los dos d\u00edas, Alberto di Francisco brindar\u00e1 un taller de cuento en el que realizar\u00e1 una introducci\u00f3n a la estructura y caracter\u00edsticas del cuento, formas del cuento; c\u00f3mo hacer el cuento (pre-textos) y actividades l\u00fadicas, donde cada participante, con una palabra dada al azar, deber\u00e1 crear un pretexto para culpar a otro de algo que no hizo. Un ejercicio que ahonda en las posibilidades del lenguaje.<\/p>\n<blockquote><p>Adriana Maggio brindar\u00e1 un Taller de Poes\u00eda denominado \u201cTrece formas de mirar&#8230;\u201d (poes\u00eda y otras ficciones). Mar\u00eda Carbonetti realizar\u00e1 un taller de lecto-escritura creativa: El cuerpo escrito. Escrito en el cuerpo \u00bfQu\u00e9 historias, qu\u00e9 poemas me leo en el cuerpo? \u00bfQu\u00e9 relatos, qu\u00e9 poemas viven en m\u00ed? Cerebro &#8211; lenguaje y conexi\u00f3n con la experiencia corporal y las sensaciones. Lecturas de textos de adolescentes refugiados. De la lectura al movimiento, del movimiento a la escritura.<\/p><\/blockquote>\n<p>Mart\u00edn Varela brindar\u00e1 un Taller de Improvisaci\u00f3n en el que abordar\u00e1 el ritmo de las palabras. \u00bfC\u00f3mo musicalizar poemas, bagualas y vidalas? Y Daniela Rodi, un taller de \u201cDerivas y Escritura\u201d: tener una experiencia, desarrollar la capacidad de ver en el vac\u00edo los lugares y, por tanto, saber nombrarlos. Una especie de escritura autom\u00e1tica en el espacio real. Viajar, salir, atravesar o vagar \u00bfc\u00f3mo se llega a la poes\u00eda? Experiencias educativas de la Casa Museo Olga Orozco.<\/p>\n<blockquote><p>Todas las actividades del festival \u201cLetras Campantes\u201d se desarrollar\u00e1n en la Escuela N\u00ba 250 \u201cDelia de Parodi\u201d en Ingeniero Luiggi.<\/p><\/blockquote>\n<p><strong>\u00a0\u00a0 \u00a0COBERTURA FM OASIS- REDACCION ZONAL NOTICIAS<\/strong><\/p>\n<\/div>\n<div class=\"oasis-despues-del-contenido\" id=\"oasis-75135129\"><img loading=\"lazy\" decoding=\"async\" src=\"https:\/\/oasisfm935.com.ar\/site\/wp-content\/uploads\/2020\/08\/47806202-8741-49f2-a5c9-d2f930e5baa1.jpg\" alt=\"\"  srcset=\"https:\/\/oasisfm935.com.ar\/site\/wp-content\/uploads\/2020\/08\/47806202-8741-49f2-a5c9-d2f930e5baa1.jpg 1080w, https:\/\/oasisfm935.com.ar\/site\/wp-content\/uploads\/2020\/08\/47806202-8741-49f2-a5c9-d2f930e5baa1-300x300.jpg 300w, https:\/\/oasisfm935.com.ar\/site\/wp-content\/uploads\/2020\/08\/47806202-8741-49f2-a5c9-d2f930e5baa1-1024x1024.jpg 1024w, https:\/\/oasisfm935.com.ar\/site\/wp-content\/uploads\/2020\/08\/47806202-8741-49f2-a5c9-d2f930e5baa1-150x150.jpg 150w, https:\/\/oasisfm935.com.ar\/site\/wp-content\/uploads\/2020\/08\/47806202-8741-49f2-a5c9-d2f930e5baa1-768x768.jpg 768w\" sizes=\"(max-width: 1080px) 100vw, 1080px\" class=\"no-lazyload\" width=\"1080\" height=\"1080\"  style=\"display: inline-block;\" \/><\/div>","protected":false},"excerpt":{"rendered":"<p>&nbsp; Con la presencia de la secretaria de Cultura Adriana Maggio, dio inicio en Ingeniero Luiggi el 1\u00ba Festival de Literatura para<\/p>\n","protected":false},"author":4,"featured_media":2086,"comment_status":"closed","ping_status":"open","sticky":false,"template":"","format":"standard","meta":{"colormag_page_layout":"default_layout","footnotes":""},"categories":[2],"tags":[],"class_list":["post-2085","post","type-post","status-publish","format-standard","has-post-thumbnail","hentry","category-noticias"],"_links":{"self":[{"href":"https:\/\/oasisfm935.com.ar\/site\/wp-json\/wp\/v2\/posts\/2085","targetHints":{"allow":["GET"]}}],"collection":[{"href":"https:\/\/oasisfm935.com.ar\/site\/wp-json\/wp\/v2\/posts"}],"about":[{"href":"https:\/\/oasisfm935.com.ar\/site\/wp-json\/wp\/v2\/types\/post"}],"author":[{"embeddable":true,"href":"https:\/\/oasisfm935.com.ar\/site\/wp-json\/wp\/v2\/users\/4"}],"replies":[{"embeddable":true,"href":"https:\/\/oasisfm935.com.ar\/site\/wp-json\/wp\/v2\/comments?post=2085"}],"version-history":[{"count":1,"href":"https:\/\/oasisfm935.com.ar\/site\/wp-json\/wp\/v2\/posts\/2085\/revisions"}],"predecessor-version":[{"id":2087,"href":"https:\/\/oasisfm935.com.ar\/site\/wp-json\/wp\/v2\/posts\/2085\/revisions\/2087"}],"wp:featuredmedia":[{"embeddable":true,"href":"https:\/\/oasisfm935.com.ar\/site\/wp-json\/wp\/v2\/media\/2086"}],"wp:attachment":[{"href":"https:\/\/oasisfm935.com.ar\/site\/wp-json\/wp\/v2\/media?parent=2085"}],"wp:term":[{"taxonomy":"category","embeddable":true,"href":"https:\/\/oasisfm935.com.ar\/site\/wp-json\/wp\/v2\/categories?post=2085"},{"taxonomy":"post_tag","embeddable":true,"href":"https:\/\/oasisfm935.com.ar\/site\/wp-json\/wp\/v2\/tags?post=2085"}],"curies":[{"name":"wp","href":"https:\/\/api.w.org\/{rel}","templated":true}]}}