{"id":2099,"date":"2019-06-16T10:54:50","date_gmt":"2019-06-16T13:54:50","guid":{"rendered":"http:\/\/oasisfm935.com\/site\/?p=2099"},"modified":"2019-06-16T10:54:50","modified_gmt":"2019-06-16T13:54:50","slug":"un-historico-apagon-dejo-sin-luz-a-la-pampa-y-todo-el-resto-del-pais","status":"publish","type":"post","link":"https:\/\/oasisfm935.com.ar\/site\/un-historico-apagon-dejo-sin-luz-a-la-pampa-y-todo-el-resto-del-pais\/","title":{"rendered":"Un hist\u00f3rico apag\u00f3n dej\u00f3 sin luz a La Pampa y todo el resto del pa\u00eds"},"content":{"rendered":"<p>&nbsp;<\/p>\n<p>Un gigantesco apag\u00f3n se registra desde las 7.07 horas de este domingo en todo el pa\u00eds, incluyendo La Pampa, a ra\u00edz de una \u00abfalla masiva\u00bb en el sistema de interconexi\u00f3n el\u00e9ctrico. Tambi\u00e9n afecta al vecino Uruguay, el sur de Brasil, Chile y Paraguay.<\/p>\n<p>La Secretar\u00eda de Gobierno de Energ\u00eda de la Naci\u00f3n inform\u00f3 que a las 7.07 horas se produjo \u00abel colapso\u00bb del Sistema Argentino de Interconexi\u00f3n (SADI), lo que produjo el\u00a0 corte masivo de energ\u00eda el\u00e9ctrica que afecta a todo el pa\u00eds y tambi\u00e9n al Uruguay. Las causas se est\u00e1n investigando y a\u00fan no est\u00e1n determinadas.<\/p>\n<p>Adem\u00e1s de La Pampa, hay cortes en Buenos Aires, Santa Fe, Jujuy, San Luis, Formosa, La Rioja, Chubut, C\u00f3rdoba y Mendoza.<\/p>\n<p>La situaci\u00f3n afecta al servicio de trenes, como tambi\u00e9n al de alumbrado p\u00fablico y sem\u00e1foros. Sin embargo las redes de telefon\u00eda m\u00f3vil contin\u00faan funcionando.<\/p>\n<p>Adem\u00e1s dificulta la realizaci\u00f3n de las elecciones provinciales en\u00a0San Luis, Santa Fe, Formosa y Tierra del Fuego, que deben celebrarse este domingo.<\/p>\n<p>Tambi\u00e9n se registran cortes en Uruguay, Paraguay y el sur de Brasil<\/p>\n<div class=\"oasis-despues-del-contenido\" id=\"oasis-4281482634\"><img loading=\"lazy\" decoding=\"async\" src=\"https:\/\/oasisfm935.com.ar\/site\/wp-content\/uploads\/2020\/08\/47806202-8741-49f2-a5c9-d2f930e5baa1.jpg\" alt=\"\"  srcset=\"https:\/\/oasisfm935.com.ar\/site\/wp-content\/uploads\/2020\/08\/47806202-8741-49f2-a5c9-d2f930e5baa1.jpg 1080w, https:\/\/oasisfm935.com.ar\/site\/wp-content\/uploads\/2020\/08\/47806202-8741-49f2-a5c9-d2f930e5baa1-300x300.jpg 300w, https:\/\/oasisfm935.com.ar\/site\/wp-content\/uploads\/2020\/08\/47806202-8741-49f2-a5c9-d2f930e5baa1-1024x1024.jpg 1024w, https:\/\/oasisfm935.com.ar\/site\/wp-content\/uploads\/2020\/08\/47806202-8741-49f2-a5c9-d2f930e5baa1-150x150.jpg 150w, https:\/\/oasisfm935.com.ar\/site\/wp-content\/uploads\/2020\/08\/47806202-8741-49f2-a5c9-d2f930e5baa1-768x768.jpg 768w\" sizes=\"(max-width: 1080px) 100vw, 1080px\" class=\"no-lazyload\" width=\"1080\" height=\"1080\"  style=\"display: inline-block;\" \/><\/div>","protected":false},"excerpt":{"rendered":"<p>&nbsp; Un gigantesco apag\u00f3n se registra desde las 7.07 horas de este domingo en todo el pa\u00eds, incluyendo La Pampa, a ra\u00edz<\/p>\n","protected":false},"author":4,"featured_media":2100,"comment_status":"closed","ping_status":"open","sticky":false,"template":"","format":"standard","meta":{"colormag_page_layout":"default_layout","footnotes":""},"categories":[2],"tags":[],"class_list":["post-2099","post","type-post","status-publish","format-standard","has-post-thumbnail","hentry","category-noticias"],"_links":{"self":[{"href":"https:\/\/oasisfm935.com.ar\/site\/wp-json\/wp\/v2\/posts\/2099","targetHints":{"allow":["GET"]}}],"collection":[{"href":"https:\/\/oasisfm935.com.ar\/site\/wp-json\/wp\/v2\/posts"}],"about":[{"href":"https:\/\/oasisfm935.com.ar\/site\/wp-json\/wp\/v2\/types\/post"}],"author":[{"embeddable":true,"href":"https:\/\/oasisfm935.com.ar\/site\/wp-json\/wp\/v2\/users\/4"}],"replies":[{"embeddable":true,"href":"https:\/\/oasisfm935.com.ar\/site\/wp-json\/wp\/v2\/comments?post=2099"}],"version-history":[{"count":1,"href":"https:\/\/oasisfm935.com.ar\/site\/wp-json\/wp\/v2\/posts\/2099\/revisions"}],"predecessor-version":[{"id":2101,"href":"https:\/\/oasisfm935.com.ar\/site\/wp-json\/wp\/v2\/posts\/2099\/revisions\/2101"}],"wp:featuredmedia":[{"embeddable":true,"href":"https:\/\/oasisfm935.com.ar\/site\/wp-json\/wp\/v2\/media\/2100"}],"wp:attachment":[{"href":"https:\/\/oasisfm935.com.ar\/site\/wp-json\/wp\/v2\/media?parent=2099"}],"wp:term":[{"taxonomy":"category","embeddable":true,"href":"https:\/\/oasisfm935.com.ar\/site\/wp-json\/wp\/v2\/categories?post=2099"},{"taxonomy":"post_tag","embeddable":true,"href":"https:\/\/oasisfm935.com.ar\/site\/wp-json\/wp\/v2\/tags?post=2099"}],"curies":[{"name":"wp","href":"https:\/\/api.w.org\/{rel}","templated":true}]}}