{"id":2102,"date":"2019-06-16T19:06:16","date_gmt":"2019-06-16T22:06:16","guid":{"rendered":"http:\/\/oasisfm935.com\/site\/?p=2102"},"modified":"2019-06-16T19:06:16","modified_gmt":"2019-06-16T22:06:16","slug":"volvio-la-luz-a-la-pampa-el-apagon-duro-11-horas-y-media","status":"publish","type":"post","link":"https:\/\/oasisfm935.com.ar\/site\/volvio-la-luz-a-la-pampa-el-apagon-duro-11-horas-y-media\/","title":{"rendered":"Volvi\u00f3 la luz a La Pampa: el apag\u00f3n dur\u00f3 11 horas y media"},"content":{"rendered":"<p>&nbsp;<\/p>\n<div class=\"container container-single penci_sidebar right-sidebar penci-enable-lightbox\">\n<div id=\"main\">\n<div class=\"theiaStickySidebar\">\n<article id=\"post-52336\" class=\"post-52336 post type-post status-publish format-standard has-post-thumbnail hentry category-portada category-sociedad tag-apagon\">\n<div class=\"post-entry blockquote-style-1\">\n<div class=\"inner-post-entry\">\n<p><strong>11 horas y 28 minutos<\/strong>. Eso dur\u00f3 el\u00a0<strong>hist\u00f3rico apag\u00f3n<\/strong>\u00a0en la provincia de La Pampa, que afect\u00f3 a todo el pa\u00eds. El corte\u00a0<strong>se inici\u00f3 a las 7.07 horas<\/strong>, por una falla en el sistema interconectado nacional, y<strong>\u00a0el servicio regres\u00f3 a la provincia reci\u00e9n a las 18.35 horas<\/strong>.<\/p>\n<p>Fue un apag\u00f3n hist\u00f3rico y gigante.<strong>Afect\u00f3 todas las provincias, a excepci\u00f3n de Tierra del Fuego<\/strong>: esta provincia no es parte del Sistema Argentino de Interconexi\u00f3n (Sadi).<\/p>\n<p><strong>Proceso lento<\/strong><\/p>\n<p>El proceso de energizaci\u00f3n se inici\u00f3 dos horas despu\u00e9s desde los puntos m\u00e1s fuertes del sistema: las centrales hidroel\u00e9ctricas Yacyret\u00e1, Choc\u00f3n y Salto Grande.<\/p>\n<p>En la zona de Cuyo y el Noroeste fueron las primeras zonas donde, pasado el mediod\u00eda, comenzaron a tener electricidad. Ya sobre las 15, en Buenos Aires.<\/p>\n<p>Reci\u00e9n pasadas las 18 comenz\u00f3 a restablecerse el servicio en La Pampa. En algunos sectores de Santa Rosa, el servicio regres\u00f3 a las 18.35. Algunos barrios demoraron m\u00e1s.<\/p>\n<div class=\"g g-1\">\n<p><strong>L\u00ednea de Transener<\/strong><\/p>\n<p>El secretario de Energ\u00eda de la Naci\u00f3n, Gustavo Lopetegui, dio una conferencia de prensa a las 15 horas. Dijo que el apag\u00f3n fue un evento \u00abextraordinario\u00bb y que se desconoc\u00edan por qu\u00e9 se hab\u00eda producido.<\/p>\n<p>\u00abA las 7.07 se produjo una falla en el sistema de transporte del Litoral, fallas que se producen con asiduidad y no son anormales o extraodinarias. Lo que es anormal es la cadena de acontecimientos que llev\u00f3 a la desconexi\u00f3n total\u00bb, atin\u00f3 a decir Lopetegui.<\/p>\n<p><strong>El fallo se dio en el corredor el\u00e9ctrico que va desde la Central de Yacyret\u00e1 hacia Buenos Aires<\/strong>, en una de las tres l\u00edneas de alta tensi\u00f3n que opera Transener. \u00abEn una de las l\u00edneas hubo una falla, no sabemos el motivo pero muy probablemente sea por la humedad que gener\u00f3 alguna falla en el sistema de protecci\u00f3n, como perdida de aislaci\u00f3n, y eso arrastr\u00f3 a otra l\u00ednea y a toda la central\u00bb, explic\u00f3 Juan Alberto Luchilo, subsecretario del Mercado El\u00e9ctrico.<\/p>\n<\/div>\n<\/div>\n<\/div>\n<\/article>\n<\/div>\n<\/div>\n<\/div>\n<div class=\"oasis-despues-del-contenido\" id=\"oasis-1081264597\"><img loading=\"lazy\" decoding=\"async\" src=\"https:\/\/oasisfm935.com.ar\/site\/wp-content\/uploads\/2020\/08\/47806202-8741-49f2-a5c9-d2f930e5baa1.jpg\" alt=\"\"  srcset=\"https:\/\/oasisfm935.com.ar\/site\/wp-content\/uploads\/2020\/08\/47806202-8741-49f2-a5c9-d2f930e5baa1.jpg 1080w, https:\/\/oasisfm935.com.ar\/site\/wp-content\/uploads\/2020\/08\/47806202-8741-49f2-a5c9-d2f930e5baa1-300x300.jpg 300w, https:\/\/oasisfm935.com.ar\/site\/wp-content\/uploads\/2020\/08\/47806202-8741-49f2-a5c9-d2f930e5baa1-1024x1024.jpg 1024w, https:\/\/oasisfm935.com.ar\/site\/wp-content\/uploads\/2020\/08\/47806202-8741-49f2-a5c9-d2f930e5baa1-150x150.jpg 150w, https:\/\/oasisfm935.com.ar\/site\/wp-content\/uploads\/2020\/08\/47806202-8741-49f2-a5c9-d2f930e5baa1-768x768.jpg 768w\" sizes=\"(max-width: 1080px) 100vw, 1080px\" class=\"no-lazyload\" width=\"1080\" height=\"1080\"  style=\"display: inline-block;\" \/><\/div>","protected":false},"excerpt":{"rendered":"<p>&nbsp; 11 horas y 28 minutos. Eso dur\u00f3 el\u00a0hist\u00f3rico apag\u00f3n\u00a0en la provincia de La Pampa, que afect\u00f3 a todo el pa\u00eds. El<\/p>\n","protected":false},"author":4,"featured_media":2103,"comment_status":"closed","ping_status":"open","sticky":false,"template":"","format":"standard","meta":{"colormag_page_layout":"default_layout","footnotes":""},"categories":[2],"tags":[],"class_list":["post-2102","post","type-post","status-publish","format-standard","has-post-thumbnail","hentry","category-noticias"],"_links":{"self":[{"href":"https:\/\/oasisfm935.com.ar\/site\/wp-json\/wp\/v2\/posts\/2102","targetHints":{"allow":["GET"]}}],"collection":[{"href":"https:\/\/oasisfm935.com.ar\/site\/wp-json\/wp\/v2\/posts"}],"about":[{"href":"https:\/\/oasisfm935.com.ar\/site\/wp-json\/wp\/v2\/types\/post"}],"author":[{"embeddable":true,"href":"https:\/\/oasisfm935.com.ar\/site\/wp-json\/wp\/v2\/users\/4"}],"replies":[{"embeddable":true,"href":"https:\/\/oasisfm935.com.ar\/site\/wp-json\/wp\/v2\/comments?post=2102"}],"version-history":[{"count":1,"href":"https:\/\/oasisfm935.com.ar\/site\/wp-json\/wp\/v2\/posts\/2102\/revisions"}],"predecessor-version":[{"id":2104,"href":"https:\/\/oasisfm935.com.ar\/site\/wp-json\/wp\/v2\/posts\/2102\/revisions\/2104"}],"wp:featuredmedia":[{"embeddable":true,"href":"https:\/\/oasisfm935.com.ar\/site\/wp-json\/wp\/v2\/media\/2103"}],"wp:attachment":[{"href":"https:\/\/oasisfm935.com.ar\/site\/wp-json\/wp\/v2\/media?parent=2102"}],"wp:term":[{"taxonomy":"category","embeddable":true,"href":"https:\/\/oasisfm935.com.ar\/site\/wp-json\/wp\/v2\/categories?post=2102"},{"taxonomy":"post_tag","embeddable":true,"href":"https:\/\/oasisfm935.com.ar\/site\/wp-json\/wp\/v2\/tags?post=2102"}],"curies":[{"name":"wp","href":"https:\/\/api.w.org\/{rel}","templated":true}]}}