{"id":2106,"date":"2019-06-16T20:28:51","date_gmt":"2019-06-16T23:28:51","guid":{"rendered":"http:\/\/oasisfm935.com\/site\/?p=2106"},"modified":"2019-06-16T20:28:51","modified_gmt":"2019-06-16T23:28:51","slug":"macri-estamos-trabajando-para-que-todos-puedan-tener-energia-lo-antes-posible","status":"publish","type":"post","link":"https:\/\/oasisfm935.com.ar\/site\/macri-estamos-trabajando-para-que-todos-puedan-tener-energia-lo-antes-posible\/","title":{"rendered":"MACRI: \u00abESTAMOS TRABAJANDO PARA QUE TODOS PUEDAN TENER ENERG\u00cdA LO ANTES POSIBLE\u00bb"},"content":{"rendered":"<p>&nbsp;<\/p>\n<div class=\"container container-single container-single-magazine penci_sidebar right-sidebar\">\n<div id=\"main\">\n<div class=\"theiaStickySidebar\">\n<article id=\"post-177740\" class=\"post-177740 post type-post status-publish format-standard has-post-thumbnail hentry category-pais\">\n<div class=\"post-entry blockquote-style-1\">\n<div class=\"inner-post-entry\">\n<p>El presidente de la Naci\u00f3n llev\u00f3 tranquilidad a trav\u00e9s de la red social Twitter con un mensaje a todo el pa\u00eds.<\/p>\n<p>\u00abEsta ma\u00f1ana se produjo un corte de energ\u00eda el\u00e9ctrica en todo el pa\u00eds debido a una falla en el sistema de transporte del litoral, cuyas causas a\u00fan no podemos precisar.<\/p>\n<p>Estamos trabajando para que todos puedan tener energ\u00eda lo antes posible.En este momento la situaci\u00f3n del 50% de los usuarios se encuentra normalizada.<\/p>\n<p>Esta ma\u00f1ana se produjo un corte de energ\u00eda el\u00e9ctrica en todo el pa\u00eds debido a una falla en el sistema de transporte del litoral, cuyas causas a\u00fan no podemos precisar. Estamos trabajando para que todos puedan tener energ\u00eda lo antes posible.<\/p>\n<p>En este momento la situaci\u00f3n del 50% de los usuarios se encuentra normalizada. Con el correr de las horas se restablecer\u00e1 el servicio para todos los usuarios.<\/p>\n<div id=\"jp-relatedposts\" class=\"jp-relatedposts\"><\/div>\n<\/div>\n<\/div>\n<\/article>\n<\/div>\n<\/div>\n<\/div>\n<div class=\"oasis-despues-del-contenido\" id=\"oasis-1685084095\"><img loading=\"lazy\" decoding=\"async\" src=\"https:\/\/oasisfm935.com.ar\/site\/wp-content\/uploads\/2020\/08\/47806202-8741-49f2-a5c9-d2f930e5baa1.jpg\" alt=\"\"  srcset=\"https:\/\/oasisfm935.com.ar\/site\/wp-content\/uploads\/2020\/08\/47806202-8741-49f2-a5c9-d2f930e5baa1.jpg 1080w, https:\/\/oasisfm935.com.ar\/site\/wp-content\/uploads\/2020\/08\/47806202-8741-49f2-a5c9-d2f930e5baa1-300x300.jpg 300w, https:\/\/oasisfm935.com.ar\/site\/wp-content\/uploads\/2020\/08\/47806202-8741-49f2-a5c9-d2f930e5baa1-1024x1024.jpg 1024w, https:\/\/oasisfm935.com.ar\/site\/wp-content\/uploads\/2020\/08\/47806202-8741-49f2-a5c9-d2f930e5baa1-150x150.jpg 150w, https:\/\/oasisfm935.com.ar\/site\/wp-content\/uploads\/2020\/08\/47806202-8741-49f2-a5c9-d2f930e5baa1-768x768.jpg 768w\" sizes=\"(max-width: 1080px) 100vw, 1080px\" class=\"no-lazyload\" width=\"1080\" height=\"1080\"  style=\"display: inline-block;\" \/><\/div>","protected":false},"excerpt":{"rendered":"<p>&nbsp; El presidente de la Naci\u00f3n llev\u00f3 tranquilidad a trav\u00e9s de la red social Twitter con un mensaje a todo el pa\u00eds.<\/p>\n","protected":false},"author":4,"featured_media":2107,"comment_status":"closed","ping_status":"open","sticky":false,"template":"","format":"standard","meta":{"colormag_page_layout":"default_layout","footnotes":""},"categories":[2],"tags":[],"class_list":["post-2106","post","type-post","status-publish","format-standard","has-post-thumbnail","hentry","category-noticias"],"_links":{"self":[{"href":"https:\/\/oasisfm935.com.ar\/site\/wp-json\/wp\/v2\/posts\/2106","targetHints":{"allow":["GET"]}}],"collection":[{"href":"https:\/\/oasisfm935.com.ar\/site\/wp-json\/wp\/v2\/posts"}],"about":[{"href":"https:\/\/oasisfm935.com.ar\/site\/wp-json\/wp\/v2\/types\/post"}],"author":[{"embeddable":true,"href":"https:\/\/oasisfm935.com.ar\/site\/wp-json\/wp\/v2\/users\/4"}],"replies":[{"embeddable":true,"href":"https:\/\/oasisfm935.com.ar\/site\/wp-json\/wp\/v2\/comments?post=2106"}],"version-history":[{"count":1,"href":"https:\/\/oasisfm935.com.ar\/site\/wp-json\/wp\/v2\/posts\/2106\/revisions"}],"predecessor-version":[{"id":2108,"href":"https:\/\/oasisfm935.com.ar\/site\/wp-json\/wp\/v2\/posts\/2106\/revisions\/2108"}],"wp:featuredmedia":[{"embeddable":true,"href":"https:\/\/oasisfm935.com.ar\/site\/wp-json\/wp\/v2\/media\/2107"}],"wp:attachment":[{"href":"https:\/\/oasisfm935.com.ar\/site\/wp-json\/wp\/v2\/media?parent=2106"}],"wp:term":[{"taxonomy":"category","embeddable":true,"href":"https:\/\/oasisfm935.com.ar\/site\/wp-json\/wp\/v2\/categories?post=2106"},{"taxonomy":"post_tag","embeddable":true,"href":"https:\/\/oasisfm935.com.ar\/site\/wp-json\/wp\/v2\/tags?post=2106"}],"curies":[{"name":"wp","href":"https:\/\/api.w.org\/{rel}","templated":true}]}}