{"id":2118,"date":"2019-06-18T19:30:18","date_gmt":"2019-06-18T22:30:18","guid":{"rendered":"http:\/\/oasisfm935.com\/site\/?p=2118"},"modified":"2019-06-18T19:30:18","modified_gmt":"2019-06-18T22:30:18","slug":"empatel-con-la-que-se-dara-tv-internet-y-celular-sera-una-empresa-sui-generis","status":"publish","type":"post","link":"https:\/\/oasisfm935.com.ar\/site\/empatel-con-la-que-se-dara-tv-internet-y-celular-sera-una-empresa-sui-generis\/","title":{"rendered":"Empatel, con la que se dar\u00e1 TV, internet y celular, \u00abser\u00e1 una empresa sui generis\u00bb"},"content":{"rendered":"<p>Los diputados comenzaron a analizar la creaci\u00f3n de<strong>\u00a0la empresa de telecomunicaciones Empatel<\/strong>, con la que\u00a0<strong>el Estado provincial, las cooperativas y privados<\/strong>\u00a0prestar\u00e1n los\u00a0servicios de Tv por cable, telefon\u00eda, internet y telefon\u00eda m\u00f3vil.\u00a0<strong>\u00abSer\u00e1 una empresa sui generis en el pa\u00eds (es decir, \u2018\u00fanica en su tipo\u2019)\u00bb<\/strong>, dijeron funcionarios del Gobierno que explicaron c\u00f3mo funcionar\u00e1 durante la reuni\u00f3n de hoy de la Comisi\u00f3n Asuntos Agrarios, Turismo, Industrias, Obras y Servicios P\u00fablicos de Diputados.<\/p>\n<p>Participaron del encuentro, para dar detalles de la iniciativa, el asesor letrado de Gobierno,\u00a0<strong>Alejandro Gigena<\/strong>; el subsecretario de Cooperativas y Mutuales,\u00a0\u00a0<strong>Claudio Gordillo<\/strong>; el gerente de comunicaciones de\u00a0Aguas del Colorado,\u00a0<strong>Ricardo Furch<\/strong>; y otros funcionarios de esas \u00e1reas.<\/p>\n<p>\u201cPara nosotros es una herramienta m\u00e1s de desarrollo\u201d, manifest\u00f3 Gordillo.\u00a0<strong>\u00abSer\u00e1 una empresa sui generis en el pa\u00eds, que asegurar\u00e1 que cada pampeano tenga conectividad\u201d<\/strong>, agreg\u00f3.<\/p>\n<p>Gigena, en tanto, dijo que vendr\u00e1 a romper con los oligopolios. \u00abHoy tanto Enacom, como Aanargas y Enre est\u00e1n cooptadas por las empresas monop\u00f3licas y es por eso que debemos incorporarnos al negocio como Estado para prestar un mejor servicio a todos los pampeanos\u201d, dijo.<\/p>\n<p>El asesor letrado tambi\u00e9n dijo \u2013en respuesta a la demanda de rentabilidad que, seg\u00fan el diputado Ricardo Consiglio, debe tener la empresa-\u00a0 que \u201cel objetivo inmediato\u00bb es que el Estado provincial con pol\u00edticas proactivas llegue a todos lados para \u00abachicar la brecha digital\u201d de los pampeanos.\u00a0<strong>\u00abEmpatel -dijo- ser\u00e1 una empresa convergente, prestadora de los servicios de Tv por cable, telefon\u00eda, internet y telefon\u00eda m\u00f3vil\u201d.<\/strong><\/p>\n<p>\u00abEl costo de la inversi\u00f3n puede ser o no paulatino\u201d, dijo, a su turno, Furch. \u00abLo interesante es que esa inversi\u00f3n partir\u00e1 de la base de que no tiene que hacerse todo de cero, sino que Aguas del Colorado ya existe con el tendido de fibra \u00f3ptica de 1800 kil\u00f3metros\u201d.\u00a0 Gigena aclar\u00f3 que \u201cAguas del Colorado ya cuenta con licencias pero no para operar telefon\u00eda m\u00f3vil, si la obtuviera antes de que Empatel est\u00e9 creada, se la transferir\u00e1, y si no, Empatel seguir\u00e1 las gestiones ya iniciadas para obtener tanto la licencia como la frecuencia, para poder hacerlo\u201d.<\/p>\n<p>Otras definiciones de Gigena fueron las siguientes:<\/p>\n<p>-\u201cCon los 1800 kil\u00f3metros de fibra \u00f3ptica se llega al 90% de la totalidad del territorio provincial\u00bb.<\/p>\n<p>-\u201cHoy hay s\u00f3lo tres operadores de telefon\u00eda m\u00f3vil que s\u00f3lo invierten donde hay rentabilidad, por lo que hay localidades en La Pampa donde no hay telefon\u00eda celular. Por lo tanto es obligaci\u00f3n del Estado resolver esa cuesti\u00f3n y lo har\u00e1 junto a las cooperativas y los particulares\u00bb.<\/p>\n<p>-\u201cSe ha dispuesto que el 51% de las acciones, clase A, est\u00e9n en manos del Estado provincial; que el 10% de las acciones clase B, sean de Aguas del Colorado; y que las acciones clase C y D, est\u00e9n en un 35% en manos de las cooperativas y un 4% de las empresas privadas\u00bb.<\/p>\n<p>Esto es una decisi\u00f3n pol\u00edtica del Estado provincial, para el que las cooperativas tienen un rol fundamental y estrat\u00e9gico\u00bb.<\/p>\n<p>.\u201cEl directorio estar\u00e1 conformado por 5 directores, tres de ellos en representaci\u00f3n del Estado provincial, teniendo en cuenta la posesi\u00f3n de las acciones clase A; y los dos restantes ser\u00e1n representantes de los poseedores de las acciones B, C y D. De igual forma estar\u00e1n representados todos los asociados en los organismos de control\u00bb.<\/p>\n<p>-\u201cNo est\u00e1 previsto en el proyecto original, pero no creemos que vaya a haber ninguna dificultad para que la primera minor\u00eda tenga su representante entre los tres directores que responder\u00e1n al Estado\u00bb.<\/p>\n<p>-\u201cEn los 365 d\u00edas posteriores a la aprobaci\u00f3n de su creaci\u00f3n, el Estado provincial deber\u00e1 elaborar y aprobar el estatuto de la Empresa. Tambi\u00e9n instruir a los directores que lo representan en el Banco de La Pampa para que se instrumente una l\u00ednea de cr\u00e9ditos blandos dirigidos a las cooperativas para que inviertan en la Empresa y propiciar un plan para la concreci\u00f3n de las obras necesarias para su funcionamiento\u00bb.<\/p>\n<p>\u00abAl Enacom les hemos solicitado frecuencias y licencias para el funcionamiento de Empatel. Las mismas deber\u00edan ser parte de las frecuencias que el gobierno nacional asegur\u00f3 se distribuir\u00eda a los operadores nacionales en un 20% de la totalidad de las frecuencias de la disuelta ARSAT. Lamentablemente cuando nos dirigimos a ENACOM nos advirtieron que no hab\u00edan. Ni siquiera le\u00eddo el expediente. Tambi\u00e9n que somos el primer estado provincial en generar una propuesta como la que presentamos. Nos dijeron que esperan poder resolver la cuesti\u00f3n del otorgamiento de esas frecuencias de ARSAT antes de la finalizaci\u00f3n de su gesti\u00f3n.\u00a0 De todos modos si no se nos contempla para acceder a una de ellas, estamos dispuestos a iniciar instancias legales para obtenerla\u00bb.<\/p>\n<p>-\u201cEl jefe de gabinete nos ofreci\u00f3 ser operadores virtuales, pero no es lo que queremos, porque ser operador virtual es poco m\u00e1s que un intermediario sin poder de decisi\u00f3n, que siempre lo tendr\u00e1n las tres operadoras privadas existentes.\u00a0 Queremos ser operadores regionales con frecuencia y licencia.<\/p>\n<p>-\u201cLa relaci\u00f3n con las cooperativas ser\u00e1 de complementaci\u00f3n, donde el servicio de telefon\u00eda m\u00f3vil s\u00f3lo lo prestar\u00e1 Empatel\u00bb.<\/p>\n<p>-\u201cLo bueno es que las cooperativas ya han comenzado lo que se denomina \u201c\u00faltima milla\u201d para que la conectividad se acerque ya a lo ideal. Hoy por hoy tenemos el 71% de la poblaci\u00f3n con conectividad.\u00a0 En eso somos uno de los m\u00e1s desarrollados del pa\u00eds, es cierto que nos falta velocidad\u201d.<\/p>\n<div class=\"oasis-despues-del-contenido\" id=\"oasis-708275717\"><img loading=\"lazy\" decoding=\"async\" src=\"https:\/\/oasisfm935.com.ar\/site\/wp-content\/uploads\/2020\/08\/47806202-8741-49f2-a5c9-d2f930e5baa1.jpg\" alt=\"\"  srcset=\"https:\/\/oasisfm935.com.ar\/site\/wp-content\/uploads\/2020\/08\/47806202-8741-49f2-a5c9-d2f930e5baa1.jpg 1080w, https:\/\/oasisfm935.com.ar\/site\/wp-content\/uploads\/2020\/08\/47806202-8741-49f2-a5c9-d2f930e5baa1-300x300.jpg 300w, https:\/\/oasisfm935.com.ar\/site\/wp-content\/uploads\/2020\/08\/47806202-8741-49f2-a5c9-d2f930e5baa1-1024x1024.jpg 1024w, https:\/\/oasisfm935.com.ar\/site\/wp-content\/uploads\/2020\/08\/47806202-8741-49f2-a5c9-d2f930e5baa1-150x150.jpg 150w, https:\/\/oasisfm935.com.ar\/site\/wp-content\/uploads\/2020\/08\/47806202-8741-49f2-a5c9-d2f930e5baa1-768x768.jpg 768w\" sizes=\"(max-width: 1080px) 100vw, 1080px\" class=\"no-lazyload\" width=\"1080\" height=\"1080\"  style=\"display: inline-block;\" \/><\/div>","protected":false},"excerpt":{"rendered":"<p>Los diputados comenzaron a analizar la creaci\u00f3n de\u00a0la empresa de telecomunicaciones Empatel, con la que\u00a0el Estado provincial, las cooperativas y privados\u00a0prestar\u00e1n los\u00a0servicios<\/p>\n","protected":false},"author":4,"featured_media":2119,"comment_status":"closed","ping_status":"open","sticky":false,"template":"","format":"standard","meta":{"colormag_page_layout":"default_layout","footnotes":""},"categories":[2],"tags":[],"class_list":["post-2118","post","type-post","status-publish","format-standard","has-post-thumbnail","hentry","category-noticias"],"_links":{"self":[{"href":"https:\/\/oasisfm935.com.ar\/site\/wp-json\/wp\/v2\/posts\/2118","targetHints":{"allow":["GET"]}}],"collection":[{"href":"https:\/\/oasisfm935.com.ar\/site\/wp-json\/wp\/v2\/posts"}],"about":[{"href":"https:\/\/oasisfm935.com.ar\/site\/wp-json\/wp\/v2\/types\/post"}],"author":[{"embeddable":true,"href":"https:\/\/oasisfm935.com.ar\/site\/wp-json\/wp\/v2\/users\/4"}],"replies":[{"embeddable":true,"href":"https:\/\/oasisfm935.com.ar\/site\/wp-json\/wp\/v2\/comments?post=2118"}],"version-history":[{"count":1,"href":"https:\/\/oasisfm935.com.ar\/site\/wp-json\/wp\/v2\/posts\/2118\/revisions"}],"predecessor-version":[{"id":2120,"href":"https:\/\/oasisfm935.com.ar\/site\/wp-json\/wp\/v2\/posts\/2118\/revisions\/2120"}],"wp:featuredmedia":[{"embeddable":true,"href":"https:\/\/oasisfm935.com.ar\/site\/wp-json\/wp\/v2\/media\/2119"}],"wp:attachment":[{"href":"https:\/\/oasisfm935.com.ar\/site\/wp-json\/wp\/v2\/media?parent=2118"}],"wp:term":[{"taxonomy":"category","embeddable":true,"href":"https:\/\/oasisfm935.com.ar\/site\/wp-json\/wp\/v2\/categories?post=2118"},{"taxonomy":"post_tag","embeddable":true,"href":"https:\/\/oasisfm935.com.ar\/site\/wp-json\/wp\/v2\/tags?post=2118"}],"curies":[{"name":"wp","href":"https:\/\/api.w.org\/{rel}","templated":true}]}}