{"id":2121,"date":"2019-06-19T11:22:08","date_gmt":"2019-06-19T14:22:08","guid":{"rendered":"http:\/\/oasisfm935.com\/site\/?p=2121"},"modified":"2019-06-19T11:22:08","modified_gmt":"2019-06-19T14:22:08","slug":"escuela-76-de-luiggi-padres-agradecieron-por-el-viaje-a-rosario","status":"publish","type":"post","link":"https:\/\/oasisfm935.com.ar\/site\/escuela-76-de-luiggi-padres-agradecieron-por-el-viaje-a-rosario\/","title":{"rendered":"Escuela 76 de Luiggi: Padres agradecieron por el viaje a Rosario"},"content":{"rendered":"<div class=\"itemIntroText\">\n<p><strong>Los alumnos de cuarto grado de la Escuela 76 \u00a0y padres que viajaron el s\u00e1bado a Rosario para acompa\u00f1ar a sus hijos en la promesa de lealtad en el Monumento a la Bandera, agradecieron por esta linda experiencia.<\/strong><\/p>\n<\/div>\n<div class=\"itemFullText\">\n<p>El grupo de padres se contact\u00f3 con nuestro medio para contar sobre el viaje de sus hijos que asisten al cuarto grado, quienes tuvieron el privilegio de estar en el Monumento a la Bandera en la ciudad de Rosario el pasado s\u00e1bado.<\/p>\n<blockquote><p><strong>\u201cLos chicos, vivieron una experiencia inolvidable. Fue hermoso. Los chicos est\u00e1n felices\u201d,<\/strong>explicaron.<strong><br \/>\n<\/strong><\/p>\n<p>\u201cPor ello queremos agradecerles a todas las docentes que los acompa\u00f1aron y a la comunidad educativa y dem\u00e1s gente que ayud\u00f3 para que este sue\u00f1o se concretara\u201d dijeron los padres a Zonal Noticias luego de publicado su viaje.<\/p>\n<p>\u201cLos chicos vivieron una experiencia \u00fanica e inolvidable, junto a m\u00e1s de 2500 ni\u00f1os de todo el pa\u00eds\u00bb, explicaron las docentes a este portal.<\/p><\/blockquote>\n<p>La vicedirectora, que tambi\u00e9n acompa\u00f1o a la delegaci\u00f3n luiggense, Maria Cristina Mercado, dijo a\u00a0<strong>Zonal Noticias<\/strong>\u00a0que \u201c<strong>se gestion\u00f3 ante el gobierno municipal y provincial un aporte para subvencionar parte del viaje, otra parte se hicieron cargo los padres. Agradecemos a todos por posibilitar esta experiencia\u201d.<\/strong><\/p>\n<blockquote><p>\u201cLas docentes fueron las que gestionaron, promovieron y organizaron el viaje a trav\u00e9s de un proyecto. Fue as\u00ed que luego de inscribieran al colegio, quedamos seleccionados con otras escuelas del pa\u00eds para realizar la promesa a la bandera en el monumento de Rosario\u201d explic\u00f3 Mercado.<\/p><\/blockquote>\n<p><strong>Las docentes del proyecto que viajaron fueron: Mar\u00eda Trinidad Olivero, Florencia Vicente,\u00a0 Gisela Arbelaiz, Mar\u00eda Celeste \u00c1lvarez,\u00a0 Sonia Gandini, Luciana Seia y Emilse Mart\u00edn.<\/strong><\/p>\n<blockquote><p>Tambi\u00e9n explicaron que en principio se iba a realizar el acto ante un imponente escenario montado especialmente en las escalinatas del gran monumento de la Bandera, debi\u00f3 ser trasladado al estadio de b\u00e1squet techado de la ciudad ante el mal clima. All\u00ed tuvieron el acto formal y espect\u00e1culos musicales.<\/p>\n<p><strong>Luego los chicos pudieron recorrer las instalaciones del monumento.<\/strong><\/p>\n<p><a href=\"http:\/\/oasisfm935.com\/site\/wp-content\/uploads\/2019\/06\/64330942_3059751480709178_4933466853734350848_n.jpg\"><img loading=\"lazy\" decoding=\"async\" class=\"alignnone size-full wp-image-2122\" src=\"http:\/\/oasisfm935.com\/site\/wp-content\/uploads\/2019\/06\/64330942_3059751480709178_4933466853734350848_n.jpg\" alt=\"\" width=\"640\" height=\"960\" srcset=\"https:\/\/oasisfm935.com.ar\/site\/wp-content\/uploads\/2019\/06\/64330942_3059751480709178_4933466853734350848_n.jpg 640w, https:\/\/oasisfm935.com.ar\/site\/wp-content\/uploads\/2019\/06\/64330942_3059751480709178_4933466853734350848_n-200x300.jpg 200w\" sizes=\"auto, (max-width: 640px) 100vw, 640px\" \/><\/a><\/p>\n<p>&nbsp;<\/p>\n<p><a href=\"http:\/\/oasisfm935.com\/site\/wp-content\/uploads\/2019\/06\/64321884_2725583874121925_2764767089494327296_n.jpg\"><img loading=\"lazy\" decoding=\"async\" class=\"alignnone size-full wp-image-2123\" src=\"http:\/\/oasisfm935.com\/site\/wp-content\/uploads\/2019\/06\/64321884_2725583874121925_2764767089494327296_n.jpg\" alt=\"\" width=\"539\" height=\"960\" srcset=\"https:\/\/oasisfm935.com.ar\/site\/wp-content\/uploads\/2019\/06\/64321884_2725583874121925_2764767089494327296_n.jpg 539w, https:\/\/oasisfm935.com.ar\/site\/wp-content\/uploads\/2019\/06\/64321884_2725583874121925_2764767089494327296_n-168x300.jpg 168w\" sizes=\"auto, (max-width: 539px) 100vw, 539px\" \/><\/a><\/p><\/blockquote>\n<p>Fuente zonal noticias<\/p>\n<\/div>\n<div class=\"oasis-despues-del-contenido\" id=\"oasis-647197333\"><img loading=\"lazy\" decoding=\"async\" src=\"https:\/\/oasisfm935.com.ar\/site\/wp-content\/uploads\/2020\/08\/47806202-8741-49f2-a5c9-d2f930e5baa1.jpg\" alt=\"\"  srcset=\"https:\/\/oasisfm935.com.ar\/site\/wp-content\/uploads\/2020\/08\/47806202-8741-49f2-a5c9-d2f930e5baa1.jpg 1080w, https:\/\/oasisfm935.com.ar\/site\/wp-content\/uploads\/2020\/08\/47806202-8741-49f2-a5c9-d2f930e5baa1-300x300.jpg 300w, https:\/\/oasisfm935.com.ar\/site\/wp-content\/uploads\/2020\/08\/47806202-8741-49f2-a5c9-d2f930e5baa1-1024x1024.jpg 1024w, https:\/\/oasisfm935.com.ar\/site\/wp-content\/uploads\/2020\/08\/47806202-8741-49f2-a5c9-d2f930e5baa1-150x150.jpg 150w, https:\/\/oasisfm935.com.ar\/site\/wp-content\/uploads\/2020\/08\/47806202-8741-49f2-a5c9-d2f930e5baa1-768x768.jpg 768w\" sizes=\"(max-width: 1080px) 100vw, 1080px\" class=\"no-lazyload\" width=\"1080\" height=\"1080\"  style=\"display: inline-block;\" \/><\/div>","protected":false},"excerpt":{"rendered":"<p>Los alumnos de cuarto grado de la Escuela 76 \u00a0y padres que viajaron el s\u00e1bado a Rosario para acompa\u00f1ar a sus hijos<\/p>\n","protected":false},"author":4,"featured_media":2127,"comment_status":"closed","ping_status":"open","sticky":false,"template":"","format":"standard","meta":{"colormag_page_layout":"default_layout","footnotes":""},"categories":[2],"tags":[],"class_list":["post-2121","post","type-post","status-publish","format-standard","has-post-thumbnail","hentry","category-noticias"],"_links":{"self":[{"href":"https:\/\/oasisfm935.com.ar\/site\/wp-json\/wp\/v2\/posts\/2121","targetHints":{"allow":["GET"]}}],"collection":[{"href":"https:\/\/oasisfm935.com.ar\/site\/wp-json\/wp\/v2\/posts"}],"about":[{"href":"https:\/\/oasisfm935.com.ar\/site\/wp-json\/wp\/v2\/types\/post"}],"author":[{"embeddable":true,"href":"https:\/\/oasisfm935.com.ar\/site\/wp-json\/wp\/v2\/users\/4"}],"replies":[{"embeddable":true,"href":"https:\/\/oasisfm935.com.ar\/site\/wp-json\/wp\/v2\/comments?post=2121"}],"version-history":[{"count":1,"href":"https:\/\/oasisfm935.com.ar\/site\/wp-json\/wp\/v2\/posts\/2121\/revisions"}],"predecessor-version":[{"id":2128,"href":"https:\/\/oasisfm935.com.ar\/site\/wp-json\/wp\/v2\/posts\/2121\/revisions\/2128"}],"wp:featuredmedia":[{"embeddable":true,"href":"https:\/\/oasisfm935.com.ar\/site\/wp-json\/wp\/v2\/media\/2127"}],"wp:attachment":[{"href":"https:\/\/oasisfm935.com.ar\/site\/wp-json\/wp\/v2\/media?parent=2121"}],"wp:term":[{"taxonomy":"category","embeddable":true,"href":"https:\/\/oasisfm935.com.ar\/site\/wp-json\/wp\/v2\/categories?post=2121"},{"taxonomy":"post_tag","embeddable":true,"href":"https:\/\/oasisfm935.com.ar\/site\/wp-json\/wp\/v2\/tags?post=2121"}],"curies":[{"name":"wp","href":"https:\/\/api.w.org\/{rel}","templated":true}]}}