{"id":2129,"date":"2019-06-19T14:17:39","date_gmt":"2019-06-19T17:17:39","guid":{"rendered":"http:\/\/oasisfm935.com\/site\/?p=2129"},"modified":"2019-06-19T14:46:58","modified_gmt":"2019-06-19T17:46:58","slug":"trasladaba-droga-hacia-ingeniero-luiggi-y-santa-rosa-y-lo-detuvieron-en-realico","status":"publish","type":"post","link":"https:\/\/oasisfm935.com.ar\/site\/trasladaba-droga-hacia-ingeniero-luiggi-y-santa-rosa-y-lo-detuvieron-en-realico\/","title":{"rendered":"Trasladaba droga hacia Ingeniero Luiggi y Santa Rosa y lo detuvieron en Realic\u00f3"},"content":{"rendered":"<p><strong>El \u00c1rea de Coordinaci\u00f3n de Lucha Contra el Narcotr\u00e1fico de la Polic\u00eda de La Pampa detuvo \u2013el s\u00e1bado a la noche- a un hombre que trasladaba coca\u00edna desde la ciudad de C\u00f3rdoba hacia Ingeniero Luiggi y Santa Rosa. \u00a0Esta persona estaba sospechada de poseer alg\u00fan tipo de vinculaci\u00f3n en la causa \u00abNavidad sin Pino\u00bb que se conoci\u00f3 en diciembre de 2018, cuando en el procedimiento se secuestraron 115 kilos de marihuana, y sus actores est\u00e1n procesados y con prisi\u00f3n preventiva.<\/strong><\/p>\n<p>El hombre involucrado en el tr\u00e1fico de drogas es oriundo de Ingeniero Luiggi, aunque actualmente reside en Patio Olmos de C\u00f3rdoba y tra\u00eda estupefacientes hacia Santa Rosa e Ingeniero Luiggi.<br \/>\nLa investigaci\u00f3n indicar\u00eda que la pareja del hombre, que se dedica al negocio inmobiliario en C\u00f3rdoba, tambi\u00e9n participa en el \u00abnegocio\u00bb de la droga como as\u00ed\u00a0tambi\u00e9n el padre, un adulto mayor, que vive en Ingeniero Luiggi.<br \/>\nLos investigadores ten\u00edan indicios que este hombre viajaba a La Pampa con droga en su poder, y as\u00ed se confirm\u00f3 cuando fue interceptado en el Puesto Caminero de Realic\u00f3.<\/p>\n<p><a href=\"http:\/\/oasisfm935.com\/site\/wp-content\/uploads\/2019\/06\/droga_auto_secuestro_19junio2019.jpg\"><img loading=\"lazy\" decoding=\"async\" class=\"alignnone size-full wp-image-2130\" src=\"http:\/\/oasisfm935.com\/site\/wp-content\/uploads\/2019\/06\/droga_auto_secuestro_19junio2019.jpg\" alt=\"\" width=\"700\" height=\"440\" srcset=\"https:\/\/oasisfm935.com.ar\/site\/wp-content\/uploads\/2019\/06\/droga_auto_secuestro_19junio2019.jpg 700w, https:\/\/oasisfm935.com.ar\/site\/wp-content\/uploads\/2019\/06\/droga_auto_secuestro_19junio2019-300x189.jpg 300w\" sizes=\"auto, (max-width: 700px) 100vw, 700px\" \/><\/a><\/p>\n<p>Los efectivos de la polic\u00eda pampeana ya contaban con la orden de requisa, que permiti\u00f3 secuestrar 77 gramos de coca\u00edna; un arma calibre 22; 39 mil d\u00f3lares y 11 mil pesos.<br \/>\nEl auto permanece secuestrado en Realic\u00f3 y el hombre de 45 a\u00f1os contin\u00faa detenido para ser indagado por el Juez Federal de Santa Rosa.<\/p>\n<p><a href=\"http:\/\/oasisfm935.com\/site\/wp-content\/uploads\/2019\/06\/cocoaina-2.jpg\"><img loading=\"lazy\" decoding=\"async\" class=\"alignnone size-full wp-image-2133\" src=\"http:\/\/oasisfm935.com\/site\/wp-content\/uploads\/2019\/06\/cocoaina-2.jpg\" alt=\"\" width=\"700\" height=\"511\" srcset=\"https:\/\/oasisfm935.com.ar\/site\/wp-content\/uploads\/2019\/06\/cocoaina-2.jpg 700w, https:\/\/oasisfm935.com.ar\/site\/wp-content\/uploads\/2019\/06\/cocoaina-2-300x219.jpg 300w\" sizes=\"auto, (max-width: 700px) 100vw, 700px\" \/><\/a><a href=\"http:\/\/oasisfm935.com\/site\/wp-content\/uploads\/2019\/06\/cocoaina-3.jpg\"><img loading=\"lazy\" decoding=\"async\" class=\"alignnone size-full wp-image-2135\" src=\"http:\/\/oasisfm935.com\/site\/wp-content\/uploads\/2019\/06\/cocoaina-3.jpg\" alt=\"\" width=\"700\" height=\"448\" srcset=\"https:\/\/oasisfm935.com.ar\/site\/wp-content\/uploads\/2019\/06\/cocoaina-3.jpg 700w, https:\/\/oasisfm935.com.ar\/site\/wp-content\/uploads\/2019\/06\/cocoaina-3-300x192.jpg 300w\" sizes=\"auto, (max-width: 700px) 100vw, 700px\" \/><\/a><\/p>\n<p>fuente Radio Don<\/p>\n<div class=\"oasis-despues-del-contenido\" id=\"oasis-2232845987\"><img loading=\"lazy\" decoding=\"async\" src=\"https:\/\/oasisfm935.com.ar\/site\/wp-content\/uploads\/2020\/08\/47806202-8741-49f2-a5c9-d2f930e5baa1.jpg\" alt=\"\"  srcset=\"https:\/\/oasisfm935.com.ar\/site\/wp-content\/uploads\/2020\/08\/47806202-8741-49f2-a5c9-d2f930e5baa1.jpg 1080w, https:\/\/oasisfm935.com.ar\/site\/wp-content\/uploads\/2020\/08\/47806202-8741-49f2-a5c9-d2f930e5baa1-300x300.jpg 300w, https:\/\/oasisfm935.com.ar\/site\/wp-content\/uploads\/2020\/08\/47806202-8741-49f2-a5c9-d2f930e5baa1-1024x1024.jpg 1024w, https:\/\/oasisfm935.com.ar\/site\/wp-content\/uploads\/2020\/08\/47806202-8741-49f2-a5c9-d2f930e5baa1-150x150.jpg 150w, https:\/\/oasisfm935.com.ar\/site\/wp-content\/uploads\/2020\/08\/47806202-8741-49f2-a5c9-d2f930e5baa1-768x768.jpg 768w\" sizes=\"(max-width: 1080px) 100vw, 1080px\" class=\"no-lazyload\" width=\"1080\" height=\"1080\"  style=\"display: inline-block;\" \/><\/div>","protected":false},"excerpt":{"rendered":"<p>El \u00c1rea de Coordinaci\u00f3n de Lucha Contra el Narcotr\u00e1fico de la Polic\u00eda de La Pampa detuvo \u2013el s\u00e1bado a la noche- a<\/p>\n","protected":false},"author":4,"featured_media":2131,"comment_status":"closed","ping_status":"open","sticky":false,"template":"","format":"standard","meta":{"colormag_page_layout":"default_layout","footnotes":""},"categories":[2],"tags":[],"class_list":["post-2129","post","type-post","status-publish","format-standard","has-post-thumbnail","hentry","category-noticias"],"_links":{"self":[{"href":"https:\/\/oasisfm935.com.ar\/site\/wp-json\/wp\/v2\/posts\/2129","targetHints":{"allow":["GET"]}}],"collection":[{"href":"https:\/\/oasisfm935.com.ar\/site\/wp-json\/wp\/v2\/posts"}],"about":[{"href":"https:\/\/oasisfm935.com.ar\/site\/wp-json\/wp\/v2\/types\/post"}],"author":[{"embeddable":true,"href":"https:\/\/oasisfm935.com.ar\/site\/wp-json\/wp\/v2\/users\/4"}],"replies":[{"embeddable":true,"href":"https:\/\/oasisfm935.com.ar\/site\/wp-json\/wp\/v2\/comments?post=2129"}],"version-history":[{"count":3,"href":"https:\/\/oasisfm935.com.ar\/site\/wp-json\/wp\/v2\/posts\/2129\/revisions"}],"predecessor-version":[{"id":2136,"href":"https:\/\/oasisfm935.com.ar\/site\/wp-json\/wp\/v2\/posts\/2129\/revisions\/2136"}],"wp:featuredmedia":[{"embeddable":true,"href":"https:\/\/oasisfm935.com.ar\/site\/wp-json\/wp\/v2\/media\/2131"}],"wp:attachment":[{"href":"https:\/\/oasisfm935.com.ar\/site\/wp-json\/wp\/v2\/media?parent=2129"}],"wp:term":[{"taxonomy":"category","embeddable":true,"href":"https:\/\/oasisfm935.com.ar\/site\/wp-json\/wp\/v2\/categories?post=2129"},{"taxonomy":"post_tag","embeddable":true,"href":"https:\/\/oasisfm935.com.ar\/site\/wp-json\/wp\/v2\/tags?post=2129"}],"curies":[{"name":"wp","href":"https:\/\/api.w.org\/{rel}","templated":true}]}}