{"id":2138,"date":"2019-06-21T13:55:31","date_gmt":"2019-06-21T16:55:31","guid":{"rendered":"http:\/\/oasisfm935.com\/site\/?p=2138"},"modified":"2019-06-21T13:55:31","modified_gmt":"2019-06-21T16:55:31","slug":"encuentro-de-arqueros-de-luiggi-salio-el-nuevo-campeon","status":"publish","type":"post","link":"https:\/\/oasisfm935.com.ar\/site\/encuentro-de-arqueros-de-luiggi-salio-el-nuevo-campeon\/","title":{"rendered":"Encuentro de arqueros: de Luiggi sali\u00f3 el nuevo campe\u00f3n"},"content":{"rendered":"<p>Pedro Mu\u00f1oz y Rolando Gebruers, de esa localidad, disputaron el t\u00edtulo de la primera \u201cBatalla de Arqueros\u201d que se realiz\u00f3 en La Pampa.<\/p>\n<p>\u201c\u00a1 Muy buena!, \u00a1muy buena!\u201d, le dice Pedro Mu\u00f1oz a su rival, Kevin Arosteguichar, despu\u00e9s de una atajada espectacular. La primera edici\u00f3n de la \u201cGuerra\u201d de arqueros, m\u00e1s que una batalla fue un encuentro entre pares.<\/p>\n<p>La raza de los arqueros, esos que tienen m\u00e1s desazones que alegr\u00edas, se reuni\u00f3 ayer en el predio de c\u00e9sped sint\u00e9tico de La Barranca en lo que fue la primera jornada de este tipo para esos jugadores que se desempe\u00f1an en un puesto donde pr\u00e1cticamente no hay que cometer errores y, en caso de que eso suceda, se paga demasiado caro.<\/p>\n<p><a href=\"http:\/\/oasisfm935.com\/site\/wp-content\/uploads\/2019\/06\/encuentro-de-arqueros-la-barranca-2.jpg\"><img loading=\"lazy\" decoding=\"async\" class=\"alignnone size-full wp-image-2139\" src=\"http:\/\/oasisfm935.com\/site\/wp-content\/uploads\/2019\/06\/encuentro-de-arqueros-la-barranca-2.jpg\" alt=\"\" width=\"700\" height=\"397\" srcset=\"https:\/\/oasisfm935.com.ar\/site\/wp-content\/uploads\/2019\/06\/encuentro-de-arqueros-la-barranca-2.jpg 700w, https:\/\/oasisfm935.com.ar\/site\/wp-content\/uploads\/2019\/06\/encuentro-de-arqueros-la-barranca-2-300x170.jpg 300w\" sizes=\"auto, (max-width: 700px) 100vw, 700px\" \/><\/a><\/p>\n<p>\u201cEsto hay que organizarlo m\u00e1s seguido. En las vacaciones hay que volver a hacerlo\u201d, dice Pregno mientras controla el tiempo de los rivales que se est\u00e1n batiendo a duelo.<\/p>\n<p>M\u00e1s all\u00e1, otros dos arqueros dialogan, comparten su presente en sus respectivos clubes y brindan detalles de cada una de las ligas en donde participan. En medio de esa charla, sale el recuerdo de \u201cDuilio Ayala\u201d y todos lo elogian aunque no est\u00e9 presente. \u201cYo fui compa\u00f1ero en V\u00e9rtiz\u201d, dice Gebruers, \u201cera una bestia\u201d.<\/p>\n<p>Y as\u00ed, entre charla y charla, entre mate y mate, entre recuerdos de colegas, de atajadas y de partidos, pas\u00f3 una jornada donde prevalecieron las \u201cgrandes voladas\u201d a los gritos de goles.<\/p>\n<p>El encuentro de arqueros que organiz\u00f3 Ra\u00fal Alomo fue todo un \u00e9xito. Distintas categor\u00edas coparon el c\u00e9sped sint\u00e9tico de La Barranca en una jornada que fue casi un entrenamiento intensivo para los m\u00e1s de 50 encargados de cuidar los palos que se acercaron al predio.<\/p>\n<p><a href=\"http:\/\/oasisfm935.com\/site\/wp-content\/uploads\/2019\/06\/encuentro-de-arqueros-la-barranca-3.jpg\"><img loading=\"lazy\" decoding=\"async\" class=\"alignnone size-full wp-image-2140\" src=\"http:\/\/oasisfm935.com\/site\/wp-content\/uploads\/2019\/06\/encuentro-de-arqueros-la-barranca-3.jpg\" alt=\"\" width=\"700\" height=\"424\" srcset=\"https:\/\/oasisfm935.com.ar\/site\/wp-content\/uploads\/2019\/06\/encuentro-de-arqueros-la-barranca-3.jpg 700w, https:\/\/oasisfm935.com.ar\/site\/wp-content\/uploads\/2019\/06\/encuentro-de-arqueros-la-barranca-3-300x182.jpg 300w\" sizes=\"auto, (max-width: 700px) 100vw, 700px\" \/><\/a><\/p>\n<p>Juan Torres (Alpachiri), Pedro Mu\u00f1oz (Matienzo de Luiggi), Rolando Gebruers (en Pehuaj\u00f3), Kevin Arosteguichar (Anguilense), Pedro Pregno (El Elyon), Luciano Roo (entrenador de arqueros de All Boys), Jes\u00fas Lucero (entrenador de arqueros en Los Totitos), fueron apenas algunos de los estuvieron presentes en la categor\u00eda Libres.<\/p>\n<p>\u201cMe tocaron los m\u00e1s f\u00e1ciles\u201d, dice entre risas Luciano Roo que en primera rueda perdi\u00f3 ante Ra\u00fal Alomo, luego salte\u00f3 una etapa por sorteo y m\u00e1s tarde se encontr\u00f3 con Rolando Gebruers.<\/p>\n<p>Alomo, el organizador de la jornada, ya particip\u00f3 de este tipo de encuentros en varias ocasiones en Buenos Aires y por ello tiene experiencia: remata de sobrepique, se adelanta unos metros, usa las manos para lanzar y darle un respiro a las piernas, maneja los tiempos de un duelo que, si bien dura 120 segundos cada tiempo, es extenuante.<\/p>\n<p>\u201cEste le pega muy bien\u201d, dicen desde el palco, en la zona del buffet, mientras remata Juan Torres en una de las semifinales ante Alomo. Son dos arqueros muy completos, ambos tienen buena pegada y son buenos para atajar en los remates a \u201cquemarropa\u201d. Ambos, adem\u00e1s, son grandes atajadores de penales: Torres lleva cuatro en la Zona Sur de la Liga Cultural, mientras que Alomo ataj\u00f3 tres para Agrario de Parera. El duelo, finalmente, qued\u00f3 para Ra\u00fal Alomo por 6-3 y se meti\u00f3 en la final.<\/p>\n<p>La \u201cGuerra de Arqueros\u201d es un duelo de arco a arco, mano a mano, a una distancia de 20 metros aproximadamente donde se intentan marcar goles en dos tiempos de dos minutos cada uno.<\/p>\n<p><strong>T\u00edtulo vacante<\/strong><\/p>\n<p>En la categor\u00eda libres el t\u00edtulo se decidi\u00f3 entre coterr\u00e1neos y se acord\u00f3 mediante una charla porque llegaron Pedro Mu\u00f1oz por la Rueda de Ganadores y Rolando Gebruers, que se qued\u00f3 con la Rueda de Perdedores. El empate favorec\u00eda a Mu\u00f1oz, que derrotaba 1-0 al arquero que atajaba en Mac Allister y en V\u00e9rtiz, entre otros, y ahora lo hace en Pehuaj\u00f3, pero el duelo se suspendi\u00f3 por un golpe que sufri\u00f3 Mu\u00f1oz y los premios los terminaron arreglando en el auto, camino a Ingeniero Luiggi. Uno se quedaba con los guantes y el otro con la camiseta.<\/p>\n<p>En la categor\u00eda Juveniles el triunfador tambi\u00e9n fue del norte, ya que Manuel Muhs, de Parera, se impuso sobre Francisco Betanzo de La Barranca.<\/p>\n<p>Finalmente en Infantiles, el ganador fue Valentino Perlog, de General Pico, que derrot\u00f3 a Ian Riquelme de La Barranca.<\/p>\n<p><strong>Resultados en Libres<\/strong><\/p>\n<p>Primera Rueda: Arosteguichar 2-2 Gebruers (gan\u00f3 2-1 en los penales el actual arquero de Anguilense); Mu\u00f1oz 2-1 Pfeiffer; Alomo 4-4 Roo (2-0 en los penales, Alomo); Barrabasqui 3-2 Pregno; Torres 7-1 Lucero y Moralez 5-1 Calo. Libre: M\u00e1nquez.<\/p>\n<p>Rueda de Ganadores: Mu\u00f1oz 3-3 M\u00e1nquez (2-1 Mu\u00f1oz en los penales); Torres 5-5 Morales (2-1 Torres en penales); Alomo 3-1 Barrabasqui; Mu\u00f1oz 4-1 Arosteguichar. Semifinales: Alomo le gan\u00f3 a Torres y Mu\u00f1oz derrot\u00f3 a Alomo.<a href=\"http:\/\/oasisfm935.com\/site\/wp-content\/uploads\/2019\/06\/encuentro-de-arqueros-la-barranca-2-1.jpg\"><img loading=\"lazy\" decoding=\"async\" class=\"alignnone size-full wp-image-2141\" src=\"http:\/\/oasisfm935.com\/site\/wp-content\/uploads\/2019\/06\/encuentro-de-arqueros-la-barranca-2-1.jpg\" alt=\"\" width=\"700\" height=\"397\" srcset=\"https:\/\/oasisfm935.com.ar\/site\/wp-content\/uploads\/2019\/06\/encuentro-de-arqueros-la-barranca-2-1.jpg 700w, https:\/\/oasisfm935.com.ar\/site\/wp-content\/uploads\/2019\/06\/encuentro-de-arqueros-la-barranca-2-1-300x170.jpg 300w\" sizes=\"auto, (max-width: 700px) 100vw, 700px\" \/><\/a><\/p>\n<p>Rueda de Perdedores: Gebruers 4-0 Pfeiffer; Pregno 3-1 Lucero; M\u00e1nquez 1-1 Calo (3-2 M\u00e1nquez en los penales); Gebruers 4-1 Roo; M\u00e1nquez 7-4 Pregno. Final: Gebruers le gan\u00f3 a M\u00e1nquez.<\/p>\n<p>Final del torneo: ganaba 1-0 Mu\u00f1oz sobre Gebruers cuando se golpe\u00f3 y se suspendi\u00f3.<\/p>\n<p>La jornada continu\u00f3 luego con una cl\u00ednica que brind\u00f3 Daniel Canuh\u00e9, que actualmente entrena arqueros en las Divisiones Formativas de Lan\u00fas.<\/p>\n<p>&nbsp;<\/p>\n<p>diario de la pampa<\/p>\n<div class=\"oasis-despues-del-contenido\" id=\"oasis-231354051\"><img loading=\"lazy\" decoding=\"async\" src=\"https:\/\/oasisfm935.com.ar\/site\/wp-content\/uploads\/2020\/08\/47806202-8741-49f2-a5c9-d2f930e5baa1.jpg\" alt=\"\"  srcset=\"https:\/\/oasisfm935.com.ar\/site\/wp-content\/uploads\/2020\/08\/47806202-8741-49f2-a5c9-d2f930e5baa1.jpg 1080w, https:\/\/oasisfm935.com.ar\/site\/wp-content\/uploads\/2020\/08\/47806202-8741-49f2-a5c9-d2f930e5baa1-300x300.jpg 300w, https:\/\/oasisfm935.com.ar\/site\/wp-content\/uploads\/2020\/08\/47806202-8741-49f2-a5c9-d2f930e5baa1-1024x1024.jpg 1024w, https:\/\/oasisfm935.com.ar\/site\/wp-content\/uploads\/2020\/08\/47806202-8741-49f2-a5c9-d2f930e5baa1-150x150.jpg 150w, https:\/\/oasisfm935.com.ar\/site\/wp-content\/uploads\/2020\/08\/47806202-8741-49f2-a5c9-d2f930e5baa1-768x768.jpg 768w\" sizes=\"(max-width: 1080px) 100vw, 1080px\" class=\"no-lazyload\" width=\"1080\" height=\"1080\"  style=\"display: inline-block;\" \/><\/div>","protected":false},"excerpt":{"rendered":"<p>Pedro Mu\u00f1oz y Rolando Gebruers, de esa localidad, disputaron el t\u00edtulo de la primera \u201cBatalla de Arqueros\u201d que se realiz\u00f3 en La<\/p>\n","protected":false},"author":4,"featured_media":2140,"comment_status":"closed","ping_status":"open","sticky":false,"template":"","format":"standard","meta":{"colormag_page_layout":"default_layout","footnotes":""},"categories":[2],"tags":[],"class_list":["post-2138","post","type-post","status-publish","format-standard","has-post-thumbnail","hentry","category-noticias"],"_links":{"self":[{"href":"https:\/\/oasisfm935.com.ar\/site\/wp-json\/wp\/v2\/posts\/2138","targetHints":{"allow":["GET"]}}],"collection":[{"href":"https:\/\/oasisfm935.com.ar\/site\/wp-json\/wp\/v2\/posts"}],"about":[{"href":"https:\/\/oasisfm935.com.ar\/site\/wp-json\/wp\/v2\/types\/post"}],"author":[{"embeddable":true,"href":"https:\/\/oasisfm935.com.ar\/site\/wp-json\/wp\/v2\/users\/4"}],"replies":[{"embeddable":true,"href":"https:\/\/oasisfm935.com.ar\/site\/wp-json\/wp\/v2\/comments?post=2138"}],"version-history":[{"count":1,"href":"https:\/\/oasisfm935.com.ar\/site\/wp-json\/wp\/v2\/posts\/2138\/revisions"}],"predecessor-version":[{"id":2142,"href":"https:\/\/oasisfm935.com.ar\/site\/wp-json\/wp\/v2\/posts\/2138\/revisions\/2142"}],"wp:featuredmedia":[{"embeddable":true,"href":"https:\/\/oasisfm935.com.ar\/site\/wp-json\/wp\/v2\/media\/2140"}],"wp:attachment":[{"href":"https:\/\/oasisfm935.com.ar\/site\/wp-json\/wp\/v2\/media?parent=2138"}],"wp:term":[{"taxonomy":"category","embeddable":true,"href":"https:\/\/oasisfm935.com.ar\/site\/wp-json\/wp\/v2\/categories?post=2138"},{"taxonomy":"post_tag","embeddable":true,"href":"https:\/\/oasisfm935.com.ar\/site\/wp-json\/wp\/v2\/tags?post=2138"}],"curies":[{"name":"wp","href":"https:\/\/api.w.org\/{rel}","templated":true}]}}