{"id":2147,"date":"2019-06-24T09:36:04","date_gmt":"2019-06-24T12:36:04","guid":{"rendered":"http:\/\/oasisfm935.com\/site\/?p=2147"},"modified":"2019-06-24T09:36:04","modified_gmt":"2019-06-24T12:36:04","slug":"confirmado-el-aumento-del-gas-se-pagara-despues-de-las-elecciones","status":"publish","type":"post","link":"https:\/\/oasisfm935.com.ar\/site\/confirmado-el-aumento-del-gas-se-pagara-despues-de-las-elecciones\/","title":{"rendered":"Confirmado: el aumento del gas se pagar\u00e1 despu\u00e9s de las elecciones"},"content":{"rendered":"<p>Para el diferimiento de la suba de tarifas se aumentar\u00e1n los subsidios.\u00a0<strong>Las empresas prestadoras del servicio cobrar\u00e1n una tasa de inter\u00e9s<\/strong>.<\/p>\n<p>La administraci\u00f3n nacional de Mauricio Macri oficializ\u00f3 este lunes que el incremento del 22% de la tarifa del gas se pagar\u00e1 despu\u00e9s de las elecciones, durante el verano y en cinco cuotas.<\/p>\n<p>As\u00ed lo dispuso la Resoluci\u00f3n 336\/2019 de la secretar\u00eda de Energ\u00eda, dependiente del ministerio de Hacienda, publicada este lunes en el Bolet\u00edn Oficial con la firma de Gustavo Sebasti\u00e1n Lopetegui.<\/p>\n<p>El incremento del gas deber\u00e1 ser pagados a partir de diciembre, es decir, siete d\u00edas despu\u00e9s de un eventual balotaje presidencial (24 de noviembre) .<\/p>\n<p>En el art\u00edculo primero la medida dispone establecer con car\u00e1cter excepcional un diferimiento de pago del 22% en las facturas emitidas a partir del 1\u00ba de julio de 2019 y hasta el 31 de octubre de 2019.<\/p>\n<p>Esta medida no alcanzar\u00e1 a los usuarios con consumo cero (0) en el referido per\u00edodo de facturaci\u00f3n.<\/p>\n<p>El Gobierno se\u00f1al\u00f3 que esta postergaci\u00f3n de pago es \u201cen beneficio de los usuarios residenciales de gas natural y de propano indilu\u00eddo por redes\u201d.<\/p>\n<p>Seg\u00fan consider\u00f3 la administraci\u00f3n nacional, las caracter\u00edsticas propias de los consumos residenciales asociados a factores de temperatura (calefacci\u00f3n de los hogares) hacen inevitable que la mayor demanda se produzca en el aludido periodo invernal, con el consiguiente incremento en los niveles promedio de los montos facturados a esos usuarios.<\/p>\n<p>Bajo esas circunstancias, la secretar\u00eda de Energ\u00eda evalu\u00f3 la posibilidad de otorgar \u201cuna mayor homogeneidad\u201d en las erogaciones de los usuarios de tipo residencial, que amortig\u00fcen el impacto en las econom\u00edas familiares de los mayores consumos invernales.<\/p>\n<p>En el art\u00edculo segundo la Resoluci\u00f3n establece que los diferimientos indicados ser\u00e1n pagados a partir de las facturas regulares emitidas desde el 1\u00ba de diciembre de 2019 y por cinco per\u00edodos mensuales, iguales y consecutivos.<\/p>\n<p>El ministerio de Hacienda dispuso que el costo financiero del diferimiento, computado entre las fechas de vencimiento de pago original de las facturas y las de vencimiento de las facturas en las que se incluya cada cuota de recupero, ser\u00e1 asumido por el Estado Nacional en car\u00e1cter de subsidio.<\/p>\n<p>El subsidio se abonar\u00e1 mediante el pago de intereses a distribuidoras, subdistribuidoras, transportistas y productores, \u201cconforme a la metodolog\u00eda que oportunamente se determine y con los controles previos correspondientes\u201d.<\/p>\n<p>Se reconocer\u00e1, no obstante, la tasa para plazos fijos por montos de veinte millones de pesos ($ 20.000.000) o superiores a plazos de treinta (30) o treinta y cinco (35) d\u00edas, denominada TM20, publicada por el Banco de la Naci\u00f3n Argentina.<\/p>\n<p>Esa tasa con la que se afrontar\u00e1 el diferimiento del incremento de las tarifas se ubica en la actualidad en el 52,75% anual, seg\u00fan inform\u00f3 el Banco Central en su \u00faltimo resumen de variables financieras.<\/p>\n<p>Los usuarios podr\u00e1n optar por no acogerse a este beneficio, manifestando esa circunstancia ante la prestadora del servicio, en cuyo caso \u00e9sta deber\u00e1 refacturar el total del monto adeudado.<\/p>\n<p>Podr\u00e1n hacerlo quienes tienen capacidad de pago en la actualidad y no quieren abonar luego las facturas del verano junto al extra que significar\u00e1 las cuotas por los per\u00edodos no cobrados de este invierno.<\/p>\n<p>El Gobierno comunic\u00f3 al ENARGAS, para que adopte las medidas necesarias a fin de que las licenciatarias del servicio de distribuci\u00f3n de gas por redes y las subdistribuidoras del servicio ejecuten el diferimiento.<\/p>\n<div class=\"oasis-despues-del-contenido\" id=\"oasis-3854942304\"><img loading=\"lazy\" decoding=\"async\" src=\"https:\/\/oasisfm935.com.ar\/site\/wp-content\/uploads\/2020\/08\/47806202-8741-49f2-a5c9-d2f930e5baa1.jpg\" alt=\"\"  srcset=\"https:\/\/oasisfm935.com.ar\/site\/wp-content\/uploads\/2020\/08\/47806202-8741-49f2-a5c9-d2f930e5baa1.jpg 1080w, https:\/\/oasisfm935.com.ar\/site\/wp-content\/uploads\/2020\/08\/47806202-8741-49f2-a5c9-d2f930e5baa1-300x300.jpg 300w, https:\/\/oasisfm935.com.ar\/site\/wp-content\/uploads\/2020\/08\/47806202-8741-49f2-a5c9-d2f930e5baa1-1024x1024.jpg 1024w, https:\/\/oasisfm935.com.ar\/site\/wp-content\/uploads\/2020\/08\/47806202-8741-49f2-a5c9-d2f930e5baa1-150x150.jpg 150w, https:\/\/oasisfm935.com.ar\/site\/wp-content\/uploads\/2020\/08\/47806202-8741-49f2-a5c9-d2f930e5baa1-768x768.jpg 768w\" sizes=\"(max-width: 1080px) 100vw, 1080px\" class=\"no-lazyload\" width=\"1080\" height=\"1080\"  style=\"display: inline-block;\" \/><\/div>","protected":false},"excerpt":{"rendered":"<p>Para el diferimiento de la suba de tarifas se aumentar\u00e1n los subsidios.\u00a0Las empresas prestadoras del servicio cobrar\u00e1n una tasa de inter\u00e9s. La<\/p>\n","protected":false},"author":4,"featured_media":2148,"comment_status":"closed","ping_status":"open","sticky":false,"template":"","format":"standard","meta":{"colormag_page_layout":"default_layout","footnotes":""},"categories":[2],"tags":[],"class_list":["post-2147","post","type-post","status-publish","format-standard","has-post-thumbnail","hentry","category-noticias"],"_links":{"self":[{"href":"https:\/\/oasisfm935.com.ar\/site\/wp-json\/wp\/v2\/posts\/2147","targetHints":{"allow":["GET"]}}],"collection":[{"href":"https:\/\/oasisfm935.com.ar\/site\/wp-json\/wp\/v2\/posts"}],"about":[{"href":"https:\/\/oasisfm935.com.ar\/site\/wp-json\/wp\/v2\/types\/post"}],"author":[{"embeddable":true,"href":"https:\/\/oasisfm935.com.ar\/site\/wp-json\/wp\/v2\/users\/4"}],"replies":[{"embeddable":true,"href":"https:\/\/oasisfm935.com.ar\/site\/wp-json\/wp\/v2\/comments?post=2147"}],"version-history":[{"count":1,"href":"https:\/\/oasisfm935.com.ar\/site\/wp-json\/wp\/v2\/posts\/2147\/revisions"}],"predecessor-version":[{"id":2149,"href":"https:\/\/oasisfm935.com.ar\/site\/wp-json\/wp\/v2\/posts\/2147\/revisions\/2149"}],"wp:featuredmedia":[{"embeddable":true,"href":"https:\/\/oasisfm935.com.ar\/site\/wp-json\/wp\/v2\/media\/2148"}],"wp:attachment":[{"href":"https:\/\/oasisfm935.com.ar\/site\/wp-json\/wp\/v2\/media?parent=2147"}],"wp:term":[{"taxonomy":"category","embeddable":true,"href":"https:\/\/oasisfm935.com.ar\/site\/wp-json\/wp\/v2\/categories?post=2147"},{"taxonomy":"post_tag","embeddable":true,"href":"https:\/\/oasisfm935.com.ar\/site\/wp-json\/wp\/v2\/tags?post=2147"}],"curies":[{"name":"wp","href":"https:\/\/api.w.org\/{rel}","templated":true}]}}