{"id":2151,"date":"2019-06-25T21:02:47","date_gmt":"2019-06-26T00:02:47","guid":{"rendered":"http:\/\/oasisfm935.com\/site\/?p=2151"},"modified":"2019-06-25T21:02:47","modified_gmt":"2019-06-26T00:02:47","slug":"aumenta-el-sueldo-de-las-empleadas-domesticas","status":"publish","type":"post","link":"https:\/\/oasisfm935.com.ar\/site\/aumenta-el-sueldo-de-las-empleadas-domesticas\/","title":{"rendered":"Aumenta el sueldo de las empleadas dom\u00e9sticas"},"content":{"rendered":"<p><strong>El sueldo de las empleadas dom\u00e9sticas aumentar\u00e1 a partir del 1 de junio, monto que se ver\u00e1 reflejado en el mes de julio cuando cobren su salario.<\/strong><\/p>\n<p>Daniel Moreno, dirigente del Sindicato de Trabajadores de Casas Particulares en di\u00e1logo con LA ARENA inform\u00f3 que se trata de un 30% de aumento a pagarse en tres cuotas. De este modo, se ver\u00e1 distribuido de la siguiente forma: una\u00a0<strong>primera cuota\u00a0<\/strong>de un 10% desde el 1 de junio, el cual impacta en el medio aguinaldo; una<strong>\u00a0segunda cuota\u00a0<\/strong>de un 10% desde el 1 de agosto y por \u00faltimo; una\u00a0<strong>tercera cuota<\/strong>\u00a0de un 10% desde el 1 de noviembre.<\/p>\n<p>Asimismo, Moreno destac\u00f3 que se acord\u00f3 la cl\u00e1usula de revisi\u00f3n en el mes de febrero del a\u00f1o 2020. Por otra parte se solicit\u00f3 y acept\u00f3 un adicional remunerativo por antig\u00fcedad, el cual est\u00e1 sujeto a un dictamen t\u00e9cnico de la Asesor\u00eda Legal de la Naci\u00f3n para antes del 15 de julio de 2019.<\/p>\n<p><strong>Adicional por zona desfavorable<\/strong><\/p>\n<p>Es importante aclarar que a la readecuaci\u00f3n remunerativa, precedentemente indicada, se le aplicar\u00e1 un adicional por zona desfavorable. Dicho monto favorece a La Pampa y es el equivalente al 25% sobre los salarios m\u00ednimos establecidos.<\/p>\n<p>Adem\u00e1s, beneficia a cada una de las categor\u00edas respecto del personal que preste tareas en las provincias de R\u00edo Negro, Chubut, Neuqu\u00e9n, Santa Cruz, Tierra del Fuego, Ant\u00e1rtida e Islas del Atl\u00e1ntico Sur y Partido de Carmen de Patagones.<\/p>\n<div class=\"oasis-despues-del-contenido\" id=\"oasis-1912976213\"><img loading=\"lazy\" decoding=\"async\" src=\"https:\/\/oasisfm935.com.ar\/site\/wp-content\/uploads\/2020\/08\/47806202-8741-49f2-a5c9-d2f930e5baa1.jpg\" alt=\"\"  srcset=\"https:\/\/oasisfm935.com.ar\/site\/wp-content\/uploads\/2020\/08\/47806202-8741-49f2-a5c9-d2f930e5baa1.jpg 1080w, https:\/\/oasisfm935.com.ar\/site\/wp-content\/uploads\/2020\/08\/47806202-8741-49f2-a5c9-d2f930e5baa1-300x300.jpg 300w, https:\/\/oasisfm935.com.ar\/site\/wp-content\/uploads\/2020\/08\/47806202-8741-49f2-a5c9-d2f930e5baa1-1024x1024.jpg 1024w, https:\/\/oasisfm935.com.ar\/site\/wp-content\/uploads\/2020\/08\/47806202-8741-49f2-a5c9-d2f930e5baa1-150x150.jpg 150w, https:\/\/oasisfm935.com.ar\/site\/wp-content\/uploads\/2020\/08\/47806202-8741-49f2-a5c9-d2f930e5baa1-768x768.jpg 768w\" sizes=\"(max-width: 1080px) 100vw, 1080px\" class=\"no-lazyload\" width=\"1080\" height=\"1080\"  style=\"display: inline-block;\" \/><\/div>","protected":false},"excerpt":{"rendered":"<p>El sueldo de las empleadas dom\u00e9sticas aumentar\u00e1 a partir del 1 de junio, monto que se ver\u00e1 reflejado en el mes de<\/p>\n","protected":false},"author":4,"featured_media":2152,"comment_status":"closed","ping_status":"open","sticky":false,"template":"","format":"standard","meta":{"colormag_page_layout":"default_layout","footnotes":""},"categories":[2],"tags":[],"class_list":["post-2151","post","type-post","status-publish","format-standard","has-post-thumbnail","hentry","category-noticias"],"_links":{"self":[{"href":"https:\/\/oasisfm935.com.ar\/site\/wp-json\/wp\/v2\/posts\/2151","targetHints":{"allow":["GET"]}}],"collection":[{"href":"https:\/\/oasisfm935.com.ar\/site\/wp-json\/wp\/v2\/posts"}],"about":[{"href":"https:\/\/oasisfm935.com.ar\/site\/wp-json\/wp\/v2\/types\/post"}],"author":[{"embeddable":true,"href":"https:\/\/oasisfm935.com.ar\/site\/wp-json\/wp\/v2\/users\/4"}],"replies":[{"embeddable":true,"href":"https:\/\/oasisfm935.com.ar\/site\/wp-json\/wp\/v2\/comments?post=2151"}],"version-history":[{"count":1,"href":"https:\/\/oasisfm935.com.ar\/site\/wp-json\/wp\/v2\/posts\/2151\/revisions"}],"predecessor-version":[{"id":2153,"href":"https:\/\/oasisfm935.com.ar\/site\/wp-json\/wp\/v2\/posts\/2151\/revisions\/2153"}],"wp:featuredmedia":[{"embeddable":true,"href":"https:\/\/oasisfm935.com.ar\/site\/wp-json\/wp\/v2\/media\/2152"}],"wp:attachment":[{"href":"https:\/\/oasisfm935.com.ar\/site\/wp-json\/wp\/v2\/media?parent=2151"}],"wp:term":[{"taxonomy":"category","embeddable":true,"href":"https:\/\/oasisfm935.com.ar\/site\/wp-json\/wp\/v2\/categories?post=2151"},{"taxonomy":"post_tag","embeddable":true,"href":"https:\/\/oasisfm935.com.ar\/site\/wp-json\/wp\/v2\/tags?post=2151"}],"curies":[{"name":"wp","href":"https:\/\/api.w.org\/{rel}","templated":true}]}}