{"id":2154,"date":"2019-06-26T09:04:43","date_gmt":"2019-06-26T12:04:43","guid":{"rendered":"http:\/\/oasisfm935.com\/site\/?p=2154"},"modified":"2019-06-26T09:05:47","modified_gmt":"2019-06-26T12:05:47","slug":"se-incendio-un-carreton-con-rollos-al-norte-de-luiggi","status":"publish","type":"post","link":"https:\/\/oasisfm935.com.ar\/site\/se-incendio-un-carreton-con-rollos-al-norte-de-luiggi\/","title":{"rendered":"Se incendi\u00f3 un carret\u00f3n con rollos al norte de Luiggi"},"content":{"rendered":"<div class=\"itemIntroText\">\n<p>Gracias al arduo trabajo de los Bomberos voluntarios de Ing. Luiggi, pudieron contener el fuego que se expand\u00eda en el campo.<\/p>\n<\/div>\n<div class=\"itemFullText\">\n<blockquote><p>Zonal Noticias dialog\u00f3 con el subjefe del cuartel de Bomberos Antonio Jaime , quien detall\u00f3 que a las 16 horas aproximadamente recibimos un llamado indicando que un carret\u00f3n que llevaba rollos de pasto hab\u00eda tomado fuego en un camino vecinal, pero las llamas, producto del viento se hab\u00edan propagado en los cuadros laterales\u201d.<\/p><\/blockquote>\n<p>\u201cLos campos donde hab\u00eda fuego es el campo del se\u00f1or Luis Torres que conten\u00eda un lote de rastrojo y en el otro lote hab\u00eda fuego en un maizal\u201d, cont\u00f3 el subjefe.<\/p>\n<p><a href=\"http:\/\/oasisfm935.com\/site\/wp-content\/uploads\/2019\/06\/65546326_450951672368351_3386150257661313024_n.jpg\"><img loading=\"lazy\" decoding=\"async\" class=\"alignnone size-full wp-image-2157\" src=\"http:\/\/oasisfm935.com\/site\/wp-content\/uploads\/2019\/06\/65546326_450951672368351_3386150257661313024_n.jpg\" alt=\"\" width=\"520\" height=\"606\" srcset=\"https:\/\/oasisfm935.com.ar\/site\/wp-content\/uploads\/2019\/06\/65546326_450951672368351_3386150257661313024_n.jpg 520w, https:\/\/oasisfm935.com.ar\/site\/wp-content\/uploads\/2019\/06\/65546326_450951672368351_3386150257661313024_n-257x300.jpg 257w\" sizes=\"auto, (max-width: 520px) 100vw, 520px\" \/><\/a><\/p>\n<blockquote><p>\u201cTuvimos la ayuda de vecinos de los campos con un tractor que ayud\u00f3 a contener \u00a0las llamas junto a nosotros que debimos tirar mucha agua para poder sofocar el mismo\u201d detall\u00f3 el bombero.<\/p><\/blockquote>\n<p>\u201cAl lugar asistimos con dos camiones, uno de abastecimiento y un autobomba y siete bomberos estuvimos trabajando hasta pasadas las 19:30 horas, pero afortunadamente pudimos ver que el fuego quedo apagado junto a los encargados de los campos\u201d explic\u00f3 Jaime.<\/p>\n<p><strong>El carret\u00f3n, propiedad de una firma de Luiggi qued\u00f3 destruido por completo producto de las llamas.<\/strong><\/p>\n<p>Fuente : Zonal Noticias<\/p>\n<\/div>\n<div class=\"oasis-despues-del-contenido\" id=\"oasis-1630069514\"><img loading=\"lazy\" decoding=\"async\" src=\"https:\/\/oasisfm935.com.ar\/site\/wp-content\/uploads\/2020\/08\/47806202-8741-49f2-a5c9-d2f930e5baa1.jpg\" alt=\"\"  srcset=\"https:\/\/oasisfm935.com.ar\/site\/wp-content\/uploads\/2020\/08\/47806202-8741-49f2-a5c9-d2f930e5baa1.jpg 1080w, https:\/\/oasisfm935.com.ar\/site\/wp-content\/uploads\/2020\/08\/47806202-8741-49f2-a5c9-d2f930e5baa1-300x300.jpg 300w, https:\/\/oasisfm935.com.ar\/site\/wp-content\/uploads\/2020\/08\/47806202-8741-49f2-a5c9-d2f930e5baa1-1024x1024.jpg 1024w, https:\/\/oasisfm935.com.ar\/site\/wp-content\/uploads\/2020\/08\/47806202-8741-49f2-a5c9-d2f930e5baa1-150x150.jpg 150w, https:\/\/oasisfm935.com.ar\/site\/wp-content\/uploads\/2020\/08\/47806202-8741-49f2-a5c9-d2f930e5baa1-768x768.jpg 768w\" sizes=\"(max-width: 1080px) 100vw, 1080px\" class=\"no-lazyload\" width=\"1080\" height=\"1080\"  style=\"display: inline-block;\" \/><\/div>","protected":false},"excerpt":{"rendered":"<p>Gracias al arduo trabajo de los Bomberos voluntarios de Ing. Luiggi, pudieron contener el fuego que se expand\u00eda en el campo. Zonal<\/p>\n","protected":false},"author":4,"featured_media":2155,"comment_status":"closed","ping_status":"open","sticky":false,"template":"","format":"standard","meta":{"colormag_page_layout":"default_layout","footnotes":""},"categories":[2],"tags":[],"class_list":["post-2154","post","type-post","status-publish","format-standard","has-post-thumbnail","hentry","category-noticias"],"_links":{"self":[{"href":"https:\/\/oasisfm935.com.ar\/site\/wp-json\/wp\/v2\/posts\/2154","targetHints":{"allow":["GET"]}}],"collection":[{"href":"https:\/\/oasisfm935.com.ar\/site\/wp-json\/wp\/v2\/posts"}],"about":[{"href":"https:\/\/oasisfm935.com.ar\/site\/wp-json\/wp\/v2\/types\/post"}],"author":[{"embeddable":true,"href":"https:\/\/oasisfm935.com.ar\/site\/wp-json\/wp\/v2\/users\/4"}],"replies":[{"embeddable":true,"href":"https:\/\/oasisfm935.com.ar\/site\/wp-json\/wp\/v2\/comments?post=2154"}],"version-history":[{"count":1,"href":"https:\/\/oasisfm935.com.ar\/site\/wp-json\/wp\/v2\/posts\/2154\/revisions"}],"predecessor-version":[{"id":2158,"href":"https:\/\/oasisfm935.com.ar\/site\/wp-json\/wp\/v2\/posts\/2154\/revisions\/2158"}],"wp:featuredmedia":[{"embeddable":true,"href":"https:\/\/oasisfm935.com.ar\/site\/wp-json\/wp\/v2\/media\/2155"}],"wp:attachment":[{"href":"https:\/\/oasisfm935.com.ar\/site\/wp-json\/wp\/v2\/media?parent=2154"}],"wp:term":[{"taxonomy":"category","embeddable":true,"href":"https:\/\/oasisfm935.com.ar\/site\/wp-json\/wp\/v2\/categories?post=2154"},{"taxonomy":"post_tag","embeddable":true,"href":"https:\/\/oasisfm935.com.ar\/site\/wp-json\/wp\/v2\/tags?post=2154"}],"curies":[{"name":"wp","href":"https:\/\/api.w.org\/{rel}","templated":true}]}}