{"id":2159,"date":"2019-06-26T16:38:02","date_gmt":"2019-06-26T19:38:02","guid":{"rendered":"http:\/\/oasisfm935.com\/site\/?p=2159"},"modified":"2019-06-26T16:38:02","modified_gmt":"2019-06-26T19:38:02","slug":"monzo-saludo-a-ziliotto-por-el-triunfo-electoral","status":"publish","type":"post","link":"https:\/\/oasisfm935.com.ar\/site\/monzo-saludo-a-ziliotto-por-el-triunfo-electoral\/","title":{"rendered":"Monz\u00f3 salud\u00f3 a Ziliotto por el triunfo electoral"},"content":{"rendered":"<p>Fue un gui\u00f1o del presidente de la C\u00e1mara de Diputados, Emilio Monz\u00f3, quien no ir\u00e1 por la reelecci\u00f3n en Juntos por el Cambio.<\/p>\n<p><iframe loading=\"lazy\" title=\"Emilio Monz\u00f3 y unos saludos sugestivos\" width=\"800\" height=\"450\" src=\"https:\/\/www.youtube.com\/embed\/6CXYfubN86Y?feature=oembed\" frameborder=\"0\" allow=\"accelerometer; autoplay; encrypted-media; gyroscope; picture-in-picture\" allowfullscreen><\/iframe><\/p>\n<p>En plan de salida del oficialismo y tras quedar sin lugar para sus dirigentes en las listas de Juntos por el Cambio, el presidente de la C\u00e1mara baja, Emilio Monz\u00f3, sorprendi\u00f3 hoy a todos en el recinto al tomarse unos minutos para felicitar a los diputados peronistas que ganaron elecciones en sus provincias.<\/p>\n<p>En el inicio de la sesi\u00f3n, Monz\u00f3 felicit\u00f3 primero al pampeano Sergio Ziliotto, quien result\u00f3 electo gobernador de la provincia de La Pampa, y luego extendi\u00f3 el saludo a otros legisladores peronistas que fueron ungidos por el voto popular en cargos ejecutivos en otras provincias del pa\u00eds.<\/p>\n<p><strong>\u00abLa presidencia aprovecha para felicitar al nuevo gobernador elegido por la provincia de La Pampa, Sergio Ziliotto\u00bb<\/strong>, lanz\u00f3 Monz\u00f3.<\/p>\n<p>El gesto desat\u00f3 aplausos en todo el recinto, aunque fueron m\u00e1s sonoros en las bancadas peronistas del Frente para la Victoria, bloque Justicialista, Movimiento Evita y Frente Renovador.<br \/>\nZiliotto se par\u00f3 y desde su banca devolvi\u00f3 el reconocimiento levantando los dedos en \u00abV\u00bb, la cl\u00e1sica se\u00f1a del peronismo.<\/p>\n<p>En las bancadas de Cambiemos todos se miraban incr\u00e9dulos: algunos se sumaron al aplauso con tibieza, pero otros, como el macrista Fernando Iglesias, no pudo disimular su desagrado con lo que estaba pasando.<\/p>\n<p>La misma secuencia se repiti\u00f3 momentos despu\u00e9s cuando Monz\u00f3 felicit\u00f3 a la diputada Alejandra Rodenas, vicegobernadora electa por la provincia de Santa Fe, y m\u00e1s tarde al reconocer a Mar\u00eda Emilia Soria, intendenta electa de General Roca (R\u00edo Negro) y Mart\u00edn P\u00e9rez, jefe comunal electo de R\u00edo Grande (Tierra del Fuego).<\/p>\n<p>Este episodio protagonizado por Monz\u00f3 tuvo lugar inmediatamente despu\u00e9s de que jurara como nueva diputada nacional por Cambiemos Alejandra Caballero para completar el mandato de Anabella Hers Cabral, quien hab\u00eda renunciado a fines del a\u00f1o pasado para asumir en el Consejo de la Magistratura porte\u00f1o.<br \/>\nEl gesto del titular de la C\u00e1mara baja al PJ se produce luego de que el Gobierno haya desplazado en el cierre de listas a los dirigentes de su sector.<\/p>\n<div class=\"oasis-despues-del-contenido\" id=\"oasis-1089260673\"><img loading=\"lazy\" decoding=\"async\" src=\"https:\/\/oasisfm935.com.ar\/site\/wp-content\/uploads\/2020\/08\/47806202-8741-49f2-a5c9-d2f930e5baa1.jpg\" alt=\"\"  srcset=\"https:\/\/oasisfm935.com.ar\/site\/wp-content\/uploads\/2020\/08\/47806202-8741-49f2-a5c9-d2f930e5baa1.jpg 1080w, https:\/\/oasisfm935.com.ar\/site\/wp-content\/uploads\/2020\/08\/47806202-8741-49f2-a5c9-d2f930e5baa1-300x300.jpg 300w, https:\/\/oasisfm935.com.ar\/site\/wp-content\/uploads\/2020\/08\/47806202-8741-49f2-a5c9-d2f930e5baa1-1024x1024.jpg 1024w, https:\/\/oasisfm935.com.ar\/site\/wp-content\/uploads\/2020\/08\/47806202-8741-49f2-a5c9-d2f930e5baa1-150x150.jpg 150w, https:\/\/oasisfm935.com.ar\/site\/wp-content\/uploads\/2020\/08\/47806202-8741-49f2-a5c9-d2f930e5baa1-768x768.jpg 768w\" sizes=\"(max-width: 1080px) 100vw, 1080px\" class=\"no-lazyload\" width=\"1080\" height=\"1080\"  style=\"display: inline-block;\" \/><\/div>","protected":false},"excerpt":{"rendered":"<p>Fue un gui\u00f1o del presidente de la C\u00e1mara de Diputados, Emilio Monz\u00f3, quien no ir\u00e1 por la reelecci\u00f3n en Juntos por el<\/p>\n","protected":false},"author":4,"featured_media":2160,"comment_status":"closed","ping_status":"open","sticky":false,"template":"","format":"standard","meta":{"colormag_page_layout":"default_layout","footnotes":""},"categories":[2],"tags":[],"class_list":["post-2159","post","type-post","status-publish","format-standard","has-post-thumbnail","hentry","category-noticias"],"_links":{"self":[{"href":"https:\/\/oasisfm935.com.ar\/site\/wp-json\/wp\/v2\/posts\/2159","targetHints":{"allow":["GET"]}}],"collection":[{"href":"https:\/\/oasisfm935.com.ar\/site\/wp-json\/wp\/v2\/posts"}],"about":[{"href":"https:\/\/oasisfm935.com.ar\/site\/wp-json\/wp\/v2\/types\/post"}],"author":[{"embeddable":true,"href":"https:\/\/oasisfm935.com.ar\/site\/wp-json\/wp\/v2\/users\/4"}],"replies":[{"embeddable":true,"href":"https:\/\/oasisfm935.com.ar\/site\/wp-json\/wp\/v2\/comments?post=2159"}],"version-history":[{"count":1,"href":"https:\/\/oasisfm935.com.ar\/site\/wp-json\/wp\/v2\/posts\/2159\/revisions"}],"predecessor-version":[{"id":2161,"href":"https:\/\/oasisfm935.com.ar\/site\/wp-json\/wp\/v2\/posts\/2159\/revisions\/2161"}],"wp:featuredmedia":[{"embeddable":true,"href":"https:\/\/oasisfm935.com.ar\/site\/wp-json\/wp\/v2\/media\/2160"}],"wp:attachment":[{"href":"https:\/\/oasisfm935.com.ar\/site\/wp-json\/wp\/v2\/media?parent=2159"}],"wp:term":[{"taxonomy":"category","embeddable":true,"href":"https:\/\/oasisfm935.com.ar\/site\/wp-json\/wp\/v2\/categories?post=2159"},{"taxonomy":"post_tag","embeddable":true,"href":"https:\/\/oasisfm935.com.ar\/site\/wp-json\/wp\/v2\/tags?post=2159"}],"curies":[{"name":"wp","href":"https:\/\/api.w.org\/{rel}","templated":true}]}}