{"id":2162,"date":"2019-06-26T16:56:54","date_gmt":"2019-06-26T19:56:54","guid":{"rendered":"http:\/\/oasisfm935.com\/site\/?p=2162"},"modified":"2019-06-26T16:57:33","modified_gmt":"2019-06-26T19:57:33","slug":"un-luiggense-entre-los-ganadores-del-certamen-pampa-joven","status":"publish","type":"post","link":"https:\/\/oasisfm935.com.ar\/site\/un-luiggense-entre-los-ganadores-del-certamen-pampa-joven\/","title":{"rendered":"Un luiggense entre los ganadores del certamen Pampa Joven"},"content":{"rendered":"<div class=\"itemIntroText\">\n<p class=\"lead nota-detalle-bajada\"><strong>Los flamantes ganadores del concurso pampeano que convoc\u00f3 a j\u00f3venes de toda la Provincia son oriundos de General Pico, Ingeniero Luiggi, Victorica y Luan Toro.<\/strong><\/p>\n<\/div>\n<div class=\"itemFullText\">\n<blockquote>\n<p class=\"lead nota-detalle-bajada\">\u00a0El certamen se llev\u00f3 adelante el a\u00f1o pasado y la premiaci\u00f3n a quienes resultaron ganadores fue la grabaci\u00f3n de un CD, m\u00e1s 50 copias y una actuaci\u00f3n a cargo del Ministerio de Desarrollo Social.<\/p>\n<p class=\"lead nota-detalle-bajada\">En la sala de situaci\u00f3n del Ministerio y con la presencia de la ministra de Desarrollo Social, Fernanda Alonso, el subsecretario de Juventud, Pablo \u00a0Ferrero y del director de Juventud, Alexis Gigena, fueron entregados los CD a\u00a0<strong>Selena Gamboa de Luan Toro, a los chicos del grupo \u00a0\u201cJes\u00fas Paez y sus m\u00fasicos de Victorica\u201d, al grupo \u201cLocos los duendes de General Pico\u201d y Facundo Calder\u00f3n, de la localidad norte\u00f1a de Ingeniero Luiggi.<\/strong><\/p>\n<\/blockquote>\n<p class=\"lead nota-detalle-bajada\">El director de Juventud, Alexis Gigena, sintetiz\u00f3 que los ganadores fueron dos en solistas y dos en bandas. \u201c<strong>De nuestra parte est\u00e1 todo hecho, estamos muy contentos\u201d<\/strong>, concluy\u00f3.<\/p>\n<p><a href=\"http:\/\/oasisfm935.com\/site\/wp-content\/uploads\/2019\/06\/ganadores_pampa_joven_19_a.jpg\"><img loading=\"lazy\" decoding=\"async\" class=\"alignnone size-full wp-image-2163\" src=\"http:\/\/oasisfm935.com\/site\/wp-content\/uploads\/2019\/06\/ganadores_pampa_joven_19_a.jpg\" alt=\"\" width=\"1500\" height=\"1000\" srcset=\"https:\/\/oasisfm935.com.ar\/site\/wp-content\/uploads\/2019\/06\/ganadores_pampa_joven_19_a.jpg 1500w, https:\/\/oasisfm935.com.ar\/site\/wp-content\/uploads\/2019\/06\/ganadores_pampa_joven_19_a-300x200.jpg 300w, https:\/\/oasisfm935.com.ar\/site\/wp-content\/uploads\/2019\/06\/ganadores_pampa_joven_19_a-768x512.jpg 768w, https:\/\/oasisfm935.com.ar\/site\/wp-content\/uploads\/2019\/06\/ganadores_pampa_joven_19_a-1024x683.jpg 1024w\" sizes=\"auto, (max-width: 1500px) 100vw, 1500px\" \/><\/a><\/p>\n<blockquote>\n<p class=\"lead nota-detalle-bajada\">Los j\u00f3venes m\u00fasicos pampeanos coincidieron a la hora de resaltar el acompa\u00f1amiento del Gobierno de la provincia, en el lanzamiento de su primer material bibliogr\u00e1fico. \u201c<strong>Estoy muy feliz, muy contenta, es mi primer disco y pueden encontrar mel\u00f3dico y folclore\u201d,<\/strong>\u00a0expres\u00f3 Selena Gamboa.<\/p>\n<p class=\"lead nota-detalle-bajada\">Los chicos de \u201cLocos los duendes\u201d, una incipiente banda de rock piquense manifestaron, \u201cfue la primera experiencia en un estudio, es algo muy distinto a hacer presentaciones en vivo y componer. Quiero agradecer por esta oportunidad de grabar un disco\u00bb.<\/p>\n<\/blockquote>\n<p class=\"lead nota-detalle-bajada\">\u00abSomos ocho los integrantes de la banda y se nos hac\u00eda cuesta arriba grabar un disco por la cantidad de dinero. Este proyecto con la impresi\u00f3n y la parte digital, nos facilit\u00f3 todo; con el material la difusi\u00f3n ser\u00e1 m\u00e1s f\u00e1cil. Somos rock desagradecido, con una fusi\u00f3n de distintos ritmos\u201d, expresaron.<\/p>\n<p>ZONAL NOTICIAS<\/p>\n<\/div>\n<div class=\"oasis-despues-del-contenido\" id=\"oasis-3066049356\"><img loading=\"lazy\" decoding=\"async\" src=\"https:\/\/oasisfm935.com.ar\/site\/wp-content\/uploads\/2020\/08\/47806202-8741-49f2-a5c9-d2f930e5baa1.jpg\" alt=\"\"  srcset=\"https:\/\/oasisfm935.com.ar\/site\/wp-content\/uploads\/2020\/08\/47806202-8741-49f2-a5c9-d2f930e5baa1.jpg 1080w, https:\/\/oasisfm935.com.ar\/site\/wp-content\/uploads\/2020\/08\/47806202-8741-49f2-a5c9-d2f930e5baa1-300x300.jpg 300w, https:\/\/oasisfm935.com.ar\/site\/wp-content\/uploads\/2020\/08\/47806202-8741-49f2-a5c9-d2f930e5baa1-1024x1024.jpg 1024w, https:\/\/oasisfm935.com.ar\/site\/wp-content\/uploads\/2020\/08\/47806202-8741-49f2-a5c9-d2f930e5baa1-150x150.jpg 150w, https:\/\/oasisfm935.com.ar\/site\/wp-content\/uploads\/2020\/08\/47806202-8741-49f2-a5c9-d2f930e5baa1-768x768.jpg 768w\" sizes=\"(max-width: 1080px) 100vw, 1080px\" class=\"no-lazyload\" width=\"1080\" height=\"1080\"  style=\"display: inline-block;\" \/><\/div>","protected":false},"excerpt":{"rendered":"<p>Los flamantes ganadores del concurso pampeano que convoc\u00f3 a j\u00f3venes de toda la Provincia son oriundos de General Pico, Ingeniero Luiggi, Victorica<\/p>\n","protected":false},"author":4,"featured_media":2164,"comment_status":"closed","ping_status":"open","sticky":false,"template":"","format":"standard","meta":{"colormag_page_layout":"default_layout","footnotes":""},"categories":[2],"tags":[],"class_list":["post-2162","post","type-post","status-publish","format-standard","has-post-thumbnail","hentry","category-noticias"],"_links":{"self":[{"href":"https:\/\/oasisfm935.com.ar\/site\/wp-json\/wp\/v2\/posts\/2162","targetHints":{"allow":["GET"]}}],"collection":[{"href":"https:\/\/oasisfm935.com.ar\/site\/wp-json\/wp\/v2\/posts"}],"about":[{"href":"https:\/\/oasisfm935.com.ar\/site\/wp-json\/wp\/v2\/types\/post"}],"author":[{"embeddable":true,"href":"https:\/\/oasisfm935.com.ar\/site\/wp-json\/wp\/v2\/users\/4"}],"replies":[{"embeddable":true,"href":"https:\/\/oasisfm935.com.ar\/site\/wp-json\/wp\/v2\/comments?post=2162"}],"version-history":[{"count":2,"href":"https:\/\/oasisfm935.com.ar\/site\/wp-json\/wp\/v2\/posts\/2162\/revisions"}],"predecessor-version":[{"id":2166,"href":"https:\/\/oasisfm935.com.ar\/site\/wp-json\/wp\/v2\/posts\/2162\/revisions\/2166"}],"wp:featuredmedia":[{"embeddable":true,"href":"https:\/\/oasisfm935.com.ar\/site\/wp-json\/wp\/v2\/media\/2164"}],"wp:attachment":[{"href":"https:\/\/oasisfm935.com.ar\/site\/wp-json\/wp\/v2\/media?parent=2162"}],"wp:term":[{"taxonomy":"category","embeddable":true,"href":"https:\/\/oasisfm935.com.ar\/site\/wp-json\/wp\/v2\/categories?post=2162"},{"taxonomy":"post_tag","embeddable":true,"href":"https:\/\/oasisfm935.com.ar\/site\/wp-json\/wp\/v2\/tags?post=2162"}],"curies":[{"name":"wp","href":"https:\/\/api.w.org\/{rel}","templated":true}]}}