{"id":2168,"date":"2019-06-26T19:53:48","date_gmt":"2019-06-26T22:53:48","guid":{"rendered":"http:\/\/oasisfm935.com\/site\/?p=2168"},"modified":"2019-06-26T19:53:48","modified_gmt":"2019-06-26T22:53:48","slug":"verna-y-ziliotto-se-reunieron-con-cristina-y-alberto-fernandez","status":"publish","type":"post","link":"https:\/\/oasisfm935.com.ar\/site\/verna-y-ziliotto-se-reunieron-con-cristina-y-alberto-fernandez\/","title":{"rendered":"Verna y Ziliotto se reunieron con Cristina y Alberto Fern\u00e1ndez"},"content":{"rendered":"<p>El encuentro fue en el Instituto Patria donde analizaron \u00abla coyuntura pol\u00edtica argentina con vistas a las pr\u00f3ximas PASO nacionales, con la t\u00e1cita coincidencia de que Argentina y La Pampa no resisten cuatro a\u00f1os m\u00e1s de Mauricio Macri\u00bb.<\/p>\n<p>El gobernador de la Provincia, Carlos Verna, el flamante gobernador electo, Sergio Ziliotto, y los candidatos a diputados nacionales titulares del Frente de Todos, Hern\u00e1n P\u00e9rez Araujo y Carmina Besga, participaron este mi\u00e9rcoles a la tarde de una reuni\u00f3n de trabajo en el Instituto Patria, donde se encontraron con la f\u00f3rmula presidencial integrada por Alberto Fern\u00e1ndez y Cristina Fern\u00e1ndez de Kirchner.<\/p>\n<p>Se inform\u00f3 que el encuentro fue \u00abpara analizar la coyuntura pol\u00edtica argentina con vistas a las pr\u00f3ximas PASO nacionales, con la t\u00e1cita coincidencia de que Argentina y La Pampa no resisten cuatro a\u00f1os m\u00e1s de Mauricio Macri\u00bb.<\/p>\n<p>\u00abLo central de las conversaciones gir\u00f3 en torno de la coordinaci\u00f3n de futuras acciones con el Gobierno Provincial si a la f\u00f3rmula Fern\u00e1ndez-Fern\u00e1ndez le corresponde hacerse cargo del Ejecutivo Nacional este a\u00f1o, con temas espec\u00edficos y sensibles de inter\u00e9s para todos los pampeanos\u00bb, indicaron en un comunicado.<\/p>\n<div class=\"oasis-despues-del-contenido\" id=\"oasis-3157182819\"><img loading=\"lazy\" decoding=\"async\" src=\"https:\/\/oasisfm935.com.ar\/site\/wp-content\/uploads\/2020\/08\/47806202-8741-49f2-a5c9-d2f930e5baa1.jpg\" alt=\"\"  srcset=\"https:\/\/oasisfm935.com.ar\/site\/wp-content\/uploads\/2020\/08\/47806202-8741-49f2-a5c9-d2f930e5baa1.jpg 1080w, https:\/\/oasisfm935.com.ar\/site\/wp-content\/uploads\/2020\/08\/47806202-8741-49f2-a5c9-d2f930e5baa1-300x300.jpg 300w, https:\/\/oasisfm935.com.ar\/site\/wp-content\/uploads\/2020\/08\/47806202-8741-49f2-a5c9-d2f930e5baa1-1024x1024.jpg 1024w, https:\/\/oasisfm935.com.ar\/site\/wp-content\/uploads\/2020\/08\/47806202-8741-49f2-a5c9-d2f930e5baa1-150x150.jpg 150w, https:\/\/oasisfm935.com.ar\/site\/wp-content\/uploads\/2020\/08\/47806202-8741-49f2-a5c9-d2f930e5baa1-768x768.jpg 768w\" sizes=\"(max-width: 1080px) 100vw, 1080px\" class=\"no-lazyload\" width=\"1080\" height=\"1080\"  style=\"display: inline-block;\" \/><\/div>","protected":false},"excerpt":{"rendered":"<p>El encuentro fue en el Instituto Patria donde analizaron \u00abla coyuntura pol\u00edtica argentina con vistas a las pr\u00f3ximas PASO nacionales, con la<\/p>\n","protected":false},"author":4,"featured_media":2169,"comment_status":"closed","ping_status":"open","sticky":false,"template":"","format":"standard","meta":{"colormag_page_layout":"default_layout","footnotes":""},"categories":[2],"tags":[],"class_list":["post-2168","post","type-post","status-publish","format-standard","has-post-thumbnail","hentry","category-noticias"],"_links":{"self":[{"href":"https:\/\/oasisfm935.com.ar\/site\/wp-json\/wp\/v2\/posts\/2168","targetHints":{"allow":["GET"]}}],"collection":[{"href":"https:\/\/oasisfm935.com.ar\/site\/wp-json\/wp\/v2\/posts"}],"about":[{"href":"https:\/\/oasisfm935.com.ar\/site\/wp-json\/wp\/v2\/types\/post"}],"author":[{"embeddable":true,"href":"https:\/\/oasisfm935.com.ar\/site\/wp-json\/wp\/v2\/users\/4"}],"replies":[{"embeddable":true,"href":"https:\/\/oasisfm935.com.ar\/site\/wp-json\/wp\/v2\/comments?post=2168"}],"version-history":[{"count":1,"href":"https:\/\/oasisfm935.com.ar\/site\/wp-json\/wp\/v2\/posts\/2168\/revisions"}],"predecessor-version":[{"id":2170,"href":"https:\/\/oasisfm935.com.ar\/site\/wp-json\/wp\/v2\/posts\/2168\/revisions\/2170"}],"wp:featuredmedia":[{"embeddable":true,"href":"https:\/\/oasisfm935.com.ar\/site\/wp-json\/wp\/v2\/media\/2169"}],"wp:attachment":[{"href":"https:\/\/oasisfm935.com.ar\/site\/wp-json\/wp\/v2\/media?parent=2168"}],"wp:term":[{"taxonomy":"category","embeddable":true,"href":"https:\/\/oasisfm935.com.ar\/site\/wp-json\/wp\/v2\/categories?post=2168"},{"taxonomy":"post_tag","embeddable":true,"href":"https:\/\/oasisfm935.com.ar\/site\/wp-json\/wp\/v2\/tags?post=2168"}],"curies":[{"name":"wp","href":"https:\/\/api.w.org\/{rel}","templated":true}]}}