{"id":2172,"date":"2019-06-27T09:43:54","date_gmt":"2019-06-27T12:43:54","guid":{"rendered":"http:\/\/oasisfm935.com\/site\/?p=2172"},"modified":"2019-06-27T09:43:54","modified_gmt":"2019-06-27T12:43:54","slug":"por-que-se-celebra-este-27-de-junio-el-dia-nacional-del-boludo","status":"publish","type":"post","link":"https:\/\/oasisfm935.com.ar\/site\/por-que-se-celebra-este-27-de-junio-el-dia-nacional-del-boludo\/","title":{"rendered":"Por qu\u00e9 se celebra este 27 de junio el \u201cD\u00eda Nacional del Boludo\u201d"},"content":{"rendered":"<p>Quienes propusieron la original conmemoraci\u00f3n indican que es para homenajear a todos aquellos a los que por buscar hacer las cosas bien justamente les salen mal. Mir\u00e1 cu\u00e1l es el significado hist\u00f3rico.<\/p>\n<p>&nbsp;<\/p>\n<p>Este jueves 27 de junio se celebra el <a href=\"https:\/\/twitter.com\/hashtag\/DiaDelBoludo\" target=\"_blank\" rel=\"noopener noreferrer\">D\u00eda Nacional del Boludo<\/a>\u00a0y muchos se preguntan c\u00f3mo surgi\u00f3 la iniciativa y cu\u00e1l es su objetivo.<\/p>\n<p>En 2009 la iniciativa naci\u00f3 de una agencia digital para destacar los buenos valores de las personas que quieren hacer las cosas bien sin sacar ventajas.<\/p>\n<p>En la p\u00e1gina web\u00a0<a href=\"https:\/\/www.eldiadelboludo.com\/\" target=\"_blank\" rel=\"noopener noreferrer\">www.eldiadelboludo.com<\/a>\u00a0explican: \u00abEn primer lugar buscamos homenajear a todos nosotros los boludos, que por buscar hacer las cosas bien justamente nos salen mal. Por ser honestos, seguir las normas o buscar el bien com\u00fan terminamos siendo objeto de burla y desprecio por parte de compatriotas mucho m\u00e1s &#8216;vivos&#8217; y elocuentes\u00bb.<\/p>\n<p>Y agregan: \u00abEn segundo lugar, y no menos importante, buscamos instalar este gran d\u00eda como feriado nacional, y para eso, necesitamos tu ayuda, particip\u00e1, dejanos tu firma virtual en apoyo a esta noble causa, y nosotros nos encargaremos como buenos boludos de elevarla al Congreso de la Naci\u00f3n\u00bb.<\/p>\n<div class=\"oasis-despues-del-contenido\" id=\"oasis-262673749\"><img loading=\"lazy\" decoding=\"async\" src=\"https:\/\/oasisfm935.com.ar\/site\/wp-content\/uploads\/2020\/08\/47806202-8741-49f2-a5c9-d2f930e5baa1.jpg\" alt=\"\"  srcset=\"https:\/\/oasisfm935.com.ar\/site\/wp-content\/uploads\/2020\/08\/47806202-8741-49f2-a5c9-d2f930e5baa1.jpg 1080w, https:\/\/oasisfm935.com.ar\/site\/wp-content\/uploads\/2020\/08\/47806202-8741-49f2-a5c9-d2f930e5baa1-300x300.jpg 300w, https:\/\/oasisfm935.com.ar\/site\/wp-content\/uploads\/2020\/08\/47806202-8741-49f2-a5c9-d2f930e5baa1-1024x1024.jpg 1024w, https:\/\/oasisfm935.com.ar\/site\/wp-content\/uploads\/2020\/08\/47806202-8741-49f2-a5c9-d2f930e5baa1-150x150.jpg 150w, https:\/\/oasisfm935.com.ar\/site\/wp-content\/uploads\/2020\/08\/47806202-8741-49f2-a5c9-d2f930e5baa1-768x768.jpg 768w\" sizes=\"(max-width: 1080px) 100vw, 1080px\" class=\"no-lazyload\" width=\"1080\" height=\"1080\"  style=\"display: inline-block;\" \/><\/div>","protected":false},"excerpt":{"rendered":"<p>Quienes propusieron la original conmemoraci\u00f3n indican que es para homenajear a todos aquellos a los que por buscar hacer las cosas bien<\/p>\n","protected":false},"author":4,"featured_media":2173,"comment_status":"closed","ping_status":"open","sticky":false,"template":"","format":"standard","meta":{"colormag_page_layout":"default_layout","footnotes":""},"categories":[2],"tags":[],"class_list":["post-2172","post","type-post","status-publish","format-standard","has-post-thumbnail","hentry","category-noticias"],"_links":{"self":[{"href":"https:\/\/oasisfm935.com.ar\/site\/wp-json\/wp\/v2\/posts\/2172","targetHints":{"allow":["GET"]}}],"collection":[{"href":"https:\/\/oasisfm935.com.ar\/site\/wp-json\/wp\/v2\/posts"}],"about":[{"href":"https:\/\/oasisfm935.com.ar\/site\/wp-json\/wp\/v2\/types\/post"}],"author":[{"embeddable":true,"href":"https:\/\/oasisfm935.com.ar\/site\/wp-json\/wp\/v2\/users\/4"}],"replies":[{"embeddable":true,"href":"https:\/\/oasisfm935.com.ar\/site\/wp-json\/wp\/v2\/comments?post=2172"}],"version-history":[{"count":1,"href":"https:\/\/oasisfm935.com.ar\/site\/wp-json\/wp\/v2\/posts\/2172\/revisions"}],"predecessor-version":[{"id":2174,"href":"https:\/\/oasisfm935.com.ar\/site\/wp-json\/wp\/v2\/posts\/2172\/revisions\/2174"}],"wp:featuredmedia":[{"embeddable":true,"href":"https:\/\/oasisfm935.com.ar\/site\/wp-json\/wp\/v2\/media\/2173"}],"wp:attachment":[{"href":"https:\/\/oasisfm935.com.ar\/site\/wp-json\/wp\/v2\/media?parent=2172"}],"wp:term":[{"taxonomy":"category","embeddable":true,"href":"https:\/\/oasisfm935.com.ar\/site\/wp-json\/wp\/v2\/categories?post=2172"},{"taxonomy":"post_tag","embeddable":true,"href":"https:\/\/oasisfm935.com.ar\/site\/wp-json\/wp\/v2\/tags?post=2172"}],"curies":[{"name":"wp","href":"https:\/\/api.w.org\/{rel}","templated":true}]}}