{"id":2184,"date":"2019-06-28T13:31:18","date_gmt":"2019-06-28T16:31:18","guid":{"rendered":"http:\/\/oasisfm935.com\/site\/?p=2184"},"modified":"2019-06-28T13:32:50","modified_gmt":"2019-06-28T16:32:50","slug":"caleufu-confirman-que-fue-un-movimiento-sismico","status":"publish","type":"post","link":"https:\/\/oasisfm935.com.ar\/site\/caleufu-confirman-que-fue-un-movimiento-sismico\/","title":{"rendered":"Caleuf\u00fa: Confirman que fue un movimiento s\u00edsmico"},"content":{"rendered":"<p>El Instituto Nacional de Prevenci\u00f3n Sismica se\u00f1ala que el temblor tuvo una magnitud de 3,2\u00b0 y que se registr\u00f3 a las 07:36:24 de la ma\u00f1ana.<\/p>\n<p>En la ma\u00f1ana de hoy se manejaron varias hip\u00f3tesis, inclusive se habl\u00f3 de la ca\u00edda de un meteorito entre las localidades de Caleuf\u00fa e Ingeniero Luiggi, pero minutos despu\u00e9s del mediod\u00eda<\/p>\n<header>\n<div>el Instituto de Prevenci\u00f3n S\u00edsmica, confirm\u00f3 que se trat\u00f3 de un movimiento s\u00edsmico y que ocurri\u00f3 a las 7: 36 hs con una magnitud de 3,2 \u00b0.<\/div>\n<\/header>\n<div class=\"share_post\"><\/div>\n<p>&nbsp;<\/p>\n<table width=\"560\">\n<tbody>\n<tr>\n<td width=\"131\"><strong>Tiempo local:\u00a0<\/strong><\/td>\n<td width=\"405\">28\/06\/2019 a las 07:36:24<\/td>\n<td width=\"10\"><\/td>\n<\/tr>\n<tr>\n<td><strong>\u00a0Tiempo GMT:\u00a0<\/strong><\/td>\n<td>28\/06\/2019 a las 10:36:24<\/td>\n<td><\/td>\n<\/tr>\n<tr>\n<td><strong>\u00a0Epicentro:\u00a0<\/strong><\/td>\n<td>116 km al N de Santa Rosa; 307 km al SE de San Luis; 39 km al NO de Eduardo Castex\u00a0<strong>-35.589 (lat) -64.456 (long)<\/strong><\/td>\n<td><\/td>\n<\/tr>\n<tr>\n<td><strong>\u00a0Magnitud:\u00a0<\/strong><\/td>\n<td>3.2<\/td>\n<\/tr>\n<\/tbody>\n<\/table>\n<p><a href=\"http:\/\/oasisfm935.com\/site\/wp-content\/uploads\/2019\/06\/multimedia.normal.b3b4a84cfd21dc9a.7365736d6f6f6f735f6e6f726d616c2e6a7067-fit-667x374.jpg\"><img loading=\"lazy\" decoding=\"async\" class=\"alignnone size-full wp-image-2186\" src=\"http:\/\/oasisfm935.com\/site\/wp-content\/uploads\/2019\/06\/multimedia.normal.b3b4a84cfd21dc9a.7365736d6f6f6f735f6e6f726d616c2e6a7067-fit-667x374.jpg\" alt=\"\" width=\"667\" height=\"374\" srcset=\"https:\/\/oasisfm935.com.ar\/site\/wp-content\/uploads\/2019\/06\/multimedia.normal.b3b4a84cfd21dc9a.7365736d6f6f6f735f6e6f726d616c2e6a7067-fit-667x374.jpg 667w, https:\/\/oasisfm935.com.ar\/site\/wp-content\/uploads\/2019\/06\/multimedia.normal.b3b4a84cfd21dc9a.7365736d6f6f6f735f6e6f726d616c2e6a7067-fit-667x374-300x168.jpg 300w\" sizes=\"auto, (max-width: 667px) 100vw, 667px\" \/><\/a><\/p>\n<p>&nbsp;<\/p>\n<p>fuente Info Pico<\/p>\n<div class=\"oasis-despues-del-contenido\" id=\"oasis-265395172\"><img loading=\"lazy\" decoding=\"async\" src=\"https:\/\/oasisfm935.com.ar\/site\/wp-content\/uploads\/2020\/08\/47806202-8741-49f2-a5c9-d2f930e5baa1.jpg\" alt=\"\"  srcset=\"https:\/\/oasisfm935.com.ar\/site\/wp-content\/uploads\/2020\/08\/47806202-8741-49f2-a5c9-d2f930e5baa1.jpg 1080w, https:\/\/oasisfm935.com.ar\/site\/wp-content\/uploads\/2020\/08\/47806202-8741-49f2-a5c9-d2f930e5baa1-300x300.jpg 300w, https:\/\/oasisfm935.com.ar\/site\/wp-content\/uploads\/2020\/08\/47806202-8741-49f2-a5c9-d2f930e5baa1-1024x1024.jpg 1024w, https:\/\/oasisfm935.com.ar\/site\/wp-content\/uploads\/2020\/08\/47806202-8741-49f2-a5c9-d2f930e5baa1-150x150.jpg 150w, https:\/\/oasisfm935.com.ar\/site\/wp-content\/uploads\/2020\/08\/47806202-8741-49f2-a5c9-d2f930e5baa1-768x768.jpg 768w\" sizes=\"(max-width: 1080px) 100vw, 1080px\" class=\"no-lazyload\" width=\"1080\" height=\"1080\"  style=\"display: inline-block;\" \/><\/div>","protected":false},"excerpt":{"rendered":"<p>El Instituto Nacional de Prevenci\u00f3n Sismica se\u00f1ala que el temblor tuvo una magnitud de 3,2\u00b0 y que se registr\u00f3 a las 07:36:24<\/p>\n","protected":false},"author":4,"featured_media":2185,"comment_status":"closed","ping_status":"open","sticky":false,"template":"","format":"standard","meta":{"colormag_page_layout":"default_layout","footnotes":""},"categories":[2],"tags":[],"class_list":["post-2184","post","type-post","status-publish","format-standard","has-post-thumbnail","hentry","category-noticias"],"_links":{"self":[{"href":"https:\/\/oasisfm935.com.ar\/site\/wp-json\/wp\/v2\/posts\/2184","targetHints":{"allow":["GET"]}}],"collection":[{"href":"https:\/\/oasisfm935.com.ar\/site\/wp-json\/wp\/v2\/posts"}],"about":[{"href":"https:\/\/oasisfm935.com.ar\/site\/wp-json\/wp\/v2\/types\/post"}],"author":[{"embeddable":true,"href":"https:\/\/oasisfm935.com.ar\/site\/wp-json\/wp\/v2\/users\/4"}],"replies":[{"embeddable":true,"href":"https:\/\/oasisfm935.com.ar\/site\/wp-json\/wp\/v2\/comments?post=2184"}],"version-history":[{"count":2,"href":"https:\/\/oasisfm935.com.ar\/site\/wp-json\/wp\/v2\/posts\/2184\/revisions"}],"predecessor-version":[{"id":2188,"href":"https:\/\/oasisfm935.com.ar\/site\/wp-json\/wp\/v2\/posts\/2184\/revisions\/2188"}],"wp:featuredmedia":[{"embeddable":true,"href":"https:\/\/oasisfm935.com.ar\/site\/wp-json\/wp\/v2\/media\/2185"}],"wp:attachment":[{"href":"https:\/\/oasisfm935.com.ar\/site\/wp-json\/wp\/v2\/media?parent=2184"}],"wp:term":[{"taxonomy":"category","embeddable":true,"href":"https:\/\/oasisfm935.com.ar\/site\/wp-json\/wp\/v2\/categories?post=2184"},{"taxonomy":"post_tag","embeddable":true,"href":"https:\/\/oasisfm935.com.ar\/site\/wp-json\/wp\/v2\/tags?post=2184"}],"curies":[{"name":"wp","href":"https:\/\/api.w.org\/{rel}","templated":true}]}}