{"id":2198,"date":"2019-07-02T08:48:17","date_gmt":"2019-07-02T11:48:17","guid":{"rendered":"http:\/\/oasisfm935.com\/site\/?p=2198"},"modified":"2019-07-02T08:54:44","modified_gmt":"2019-07-02T11:54:44","slug":"ingeniero-luiggi-se-desarrollo-el-encuentro-del-cumelen-a-salon-lleno","status":"publish","type":"post","link":"https:\/\/oasisfm935.com.ar\/site\/ingeniero-luiggi-se-desarrollo-el-encuentro-del-cumelen-a-salon-lleno\/","title":{"rendered":"INGENIERO LUIGGI SE DESARROLLO EL ENCUENTRO DEL CUMELEN A SALON LLENO"},"content":{"rendered":"<p>En la ma\u00f1ana del domingo , a la hora 11:30, dio comienzo el encuentro del Cumelen, el cual se desarroll\u00f3 en el sal\u00f3n del Club Luiggi varios pueblos se hicieron presentes para pasar una jornada de domingo a puro baile y diversi\u00f3n.<\/p>\n<p><a href=\"http:\/\/oasisfm935.com\/site\/wp-content\/uploads\/2019\/07\/IMG-20190630-WA0019.jpg\"><img loading=\"lazy\" decoding=\"async\" class=\"alignnone size-full wp-image-2199\" src=\"http:\/\/oasisfm935.com\/site\/wp-content\/uploads\/2019\/07\/IMG-20190630-WA0019.jpg\" alt=\"\" width=\"1280\" height=\"853\" srcset=\"https:\/\/oasisfm935.com.ar\/site\/wp-content\/uploads\/2019\/07\/IMG-20190630-WA0019.jpg 1280w, https:\/\/oasisfm935.com.ar\/site\/wp-content\/uploads\/2019\/07\/IMG-20190630-WA0019-300x200.jpg 300w, https:\/\/oasisfm935.com.ar\/site\/wp-content\/uploads\/2019\/07\/IMG-20190630-WA0019-768x512.jpg 768w, https:\/\/oasisfm935.com.ar\/site\/wp-content\/uploads\/2019\/07\/IMG-20190630-WA0019-1024x682.jpg 1024w\" sizes=\"auto, (max-width: 1280px) 100vw, 1280px\" \/><\/a> <a href=\"http:\/\/oasisfm935.com\/site\/wp-content\/uploads\/2019\/07\/IMG-20190630-WA0021.jpg\"><img loading=\"lazy\" decoding=\"async\" class=\"alignnone size-full wp-image-2200\" src=\"http:\/\/oasisfm935.com\/site\/wp-content\/uploads\/2019\/07\/IMG-20190630-WA0021.jpg\" alt=\"\" width=\"1280\" height=\"853\" srcset=\"https:\/\/oasisfm935.com.ar\/site\/wp-content\/uploads\/2019\/07\/IMG-20190630-WA0021.jpg 1280w, https:\/\/oasisfm935.com.ar\/site\/wp-content\/uploads\/2019\/07\/IMG-20190630-WA0021-300x200.jpg 300w, https:\/\/oasisfm935.com.ar\/site\/wp-content\/uploads\/2019\/07\/IMG-20190630-WA0021-768x512.jpg 768w, https:\/\/oasisfm935.com.ar\/site\/wp-content\/uploads\/2019\/07\/IMG-20190630-WA0021-1024x682.jpg 1024w\" sizes=\"auto, (max-width: 1280px) 100vw, 1280px\" \/><\/a><\/p>\n<p>El referente local de ProVida, Facundo Gazola habl\u00f3 a los abuelos presentes diciendo \u201cque para nosotros es un orgullo recibirlos\u201d.<\/p>\n<p>Tambi\u00e9n agradeci\u00f3 al grupo de Cumel\u00e9n local por el trabajo realizado para que \u00abla fiesta saliera de esta manera\u00bb.<\/p>\n<p>Adem\u00e1s agradeci\u00f3 a las talleristas que trabajan en la estimulaci\u00f3n de los abuelos.<\/p>\n<p>Gazola destac\u00f3 el apoyo econ\u00f3mico de los referentes provinciales \u00a0para que funcione el Cumel\u00e9n en La Pampa.<\/p>\n<p><a href=\"http:\/\/oasisfm935.com\/site\/wp-content\/uploads\/2019\/07\/IMG-20190630-WA0028.jpg\"><img loading=\"lazy\" decoding=\"async\" class=\"alignnone size-full wp-image-2202\" src=\"http:\/\/oasisfm935.com\/site\/wp-content\/uploads\/2019\/07\/IMG-20190630-WA0028.jpg\" alt=\"\" width=\"1280\" height=\"853\" srcset=\"https:\/\/oasisfm935.com.ar\/site\/wp-content\/uploads\/2019\/07\/IMG-20190630-WA0028.jpg 1280w, https:\/\/oasisfm935.com.ar\/site\/wp-content\/uploads\/2019\/07\/IMG-20190630-WA0028-300x200.jpg 300w, https:\/\/oasisfm935.com.ar\/site\/wp-content\/uploads\/2019\/07\/IMG-20190630-WA0028-768x512.jpg 768w, https:\/\/oasisfm935.com.ar\/site\/wp-content\/uploads\/2019\/07\/IMG-20190630-WA0028-1024x682.jpg 1024w\" sizes=\"auto, (max-width: 1280px) 100vw, 1280px\" \/><\/a><\/p>\n<p>&nbsp;<\/p>\n<p>el Intendente\u00a0<strong>Oscar Zanoli<\/strong>, se mostr\u00f3 contento por el marco, salud\u00f3 a los abuelos presentes y agradeci\u00f3 al equipo del Pr\u00f3vida y Cumel\u00e9n, al Ministerio de Desarrollo Social y a las subsecretarias presentes \u00abpor el trabajo diario para con los abuelos\u00bb.<\/p>\n<p>Tambi\u00e9n agradeci\u00f3 a la Cooperadora y a los alumnos del Colegio H\u00e9roes de la Patria por el servicio de cantina. \u00abTrabajaron a destajo para atender a los presentes\u00bb.<\/p>\n<blockquote><p>\u201cOjal\u00e1 que se lleven de Luiggi un buen recuerdo de haberla pasado muy bien,\u201d se despidi\u00f3 Zanoli.<\/p>\n<p><a href=\"http:\/\/oasisfm935.com\/site\/wp-content\/uploads\/2019\/07\/IMG-20190630-WA0039.jpg\"><img loading=\"lazy\" decoding=\"async\" class=\"alignnone size-full wp-image-2203\" src=\"http:\/\/oasisfm935.com\/site\/wp-content\/uploads\/2019\/07\/IMG-20190630-WA0039.jpg\" alt=\"\" width=\"1280\" height=\"853\" srcset=\"https:\/\/oasisfm935.com.ar\/site\/wp-content\/uploads\/2019\/07\/IMG-20190630-WA0039.jpg 1280w, https:\/\/oasisfm935.com.ar\/site\/wp-content\/uploads\/2019\/07\/IMG-20190630-WA0039-300x200.jpg 300w, https:\/\/oasisfm935.com.ar\/site\/wp-content\/uploads\/2019\/07\/IMG-20190630-WA0039-768x512.jpg 768w, https:\/\/oasisfm935.com.ar\/site\/wp-content\/uploads\/2019\/07\/IMG-20190630-WA0039-1024x682.jpg 1024w\" sizes=\"auto, (max-width: 1280px) 100vw, 1280px\" \/><\/a><\/p>\n<p>El grupo de Cumel\u00e9n entreg\u00f3 presentes al intendente Oscar Zanoli, por el acompa\u00f1amiento en todos estos a\u00f1os a cargo del municipio. Tambi\u00e9n entregaron un presente a la intendente electa Patricia Lav\u00edn.<\/p>\n<p><a href=\"http:\/\/oasisfm935.com\/site\/wp-content\/uploads\/2019\/07\/IMG-20190630-WA0029.jpg\"><img loading=\"lazy\" decoding=\"async\" class=\"alignnone size-full wp-image-2204\" src=\"http:\/\/oasisfm935.com\/site\/wp-content\/uploads\/2019\/07\/IMG-20190630-WA0029.jpg\" alt=\"\" width=\"1280\" height=\"853\" srcset=\"https:\/\/oasisfm935.com.ar\/site\/wp-content\/uploads\/2019\/07\/IMG-20190630-WA0029.jpg 1280w, https:\/\/oasisfm935.com.ar\/site\/wp-content\/uploads\/2019\/07\/IMG-20190630-WA0029-300x200.jpg 300w, https:\/\/oasisfm935.com.ar\/site\/wp-content\/uploads\/2019\/07\/IMG-20190630-WA0029-768x512.jpg 768w, https:\/\/oasisfm935.com.ar\/site\/wp-content\/uploads\/2019\/07\/IMG-20190630-WA0029-1024x682.jpg 1024w\" sizes=\"auto, (max-width: 1280px) 100vw, 1280px\" \/><\/a> <a href=\"http:\/\/oasisfm935.com\/site\/wp-content\/uploads\/2019\/07\/IMG-20190630-WA0038.jpg\"><img loading=\"lazy\" decoding=\"async\" class=\"alignnone size-full wp-image-2205\" src=\"http:\/\/oasisfm935.com\/site\/wp-content\/uploads\/2019\/07\/IMG-20190630-WA0038.jpg\" alt=\"\" width=\"1280\" height=\"853\" srcset=\"https:\/\/oasisfm935.com.ar\/site\/wp-content\/uploads\/2019\/07\/IMG-20190630-WA0038.jpg 1280w, https:\/\/oasisfm935.com.ar\/site\/wp-content\/uploads\/2019\/07\/IMG-20190630-WA0038-300x200.jpg 300w, https:\/\/oasisfm935.com.ar\/site\/wp-content\/uploads\/2019\/07\/IMG-20190630-WA0038-768x512.jpg 768w, https:\/\/oasisfm935.com.ar\/site\/wp-content\/uploads\/2019\/07\/IMG-20190630-WA0038-1024x682.jpg 1024w\" sizes=\"auto, (max-width: 1280px) 100vw, 1280px\" \/><\/a><\/p>\n<p>M\u00e1s entrada la tarde, hubo bailes coreogr\u00e1ficos aludiendo a la diversidad cultural, interpretada por el grupo de abuelos que participan en los talleres de danzas del Cumel\u00e9n Luiggi, donde cautivaron la atenci\u00f3n del gran sal\u00f3n del Club Luiggi con telas de diversos colores que se zarandeaban y realizaban diferentes formas.<\/p>\n<p><a href=\"http:\/\/oasisfm935.com\/site\/wp-content\/uploads\/2019\/07\/IMG-20190630-WA0040.jpg\"><img loading=\"lazy\" decoding=\"async\" class=\"alignnone size-full wp-image-2206\" src=\"http:\/\/oasisfm935.com\/site\/wp-content\/uploads\/2019\/07\/IMG-20190630-WA0040.jpg\" alt=\"\" width=\"1280\" height=\"853\" srcset=\"https:\/\/oasisfm935.com.ar\/site\/wp-content\/uploads\/2019\/07\/IMG-20190630-WA0040.jpg 1280w, https:\/\/oasisfm935.com.ar\/site\/wp-content\/uploads\/2019\/07\/IMG-20190630-WA0040-300x200.jpg 300w, https:\/\/oasisfm935.com.ar\/site\/wp-content\/uploads\/2019\/07\/IMG-20190630-WA0040-768x512.jpg 768w, https:\/\/oasisfm935.com.ar\/site\/wp-content\/uploads\/2019\/07\/IMG-20190630-WA0040-1024x682.jpg 1024w\" sizes=\"auto, (max-width: 1280px) 100vw, 1280px\" \/><\/a><a href=\"http:\/\/oasisfm935.com\/site\/wp-content\/uploads\/2019\/07\/IMG-20190630-WA0020.jpg\"><img loading=\"lazy\" decoding=\"async\" class=\"alignnone size-full wp-image-2207\" src=\"http:\/\/oasisfm935.com\/site\/wp-content\/uploads\/2019\/07\/IMG-20190630-WA0020.jpg\" alt=\"\" width=\"1280\" height=\"853\" srcset=\"https:\/\/oasisfm935.com.ar\/site\/wp-content\/uploads\/2019\/07\/IMG-20190630-WA0020.jpg 1280w, https:\/\/oasisfm935.com.ar\/site\/wp-content\/uploads\/2019\/07\/IMG-20190630-WA0020-300x200.jpg 300w, https:\/\/oasisfm935.com.ar\/site\/wp-content\/uploads\/2019\/07\/IMG-20190630-WA0020-768x512.jpg 768w, https:\/\/oasisfm935.com.ar\/site\/wp-content\/uploads\/2019\/07\/IMG-20190630-WA0020-1024x682.jpg 1024w\" sizes=\"auto, (max-width: 1280px) 100vw, 1280px\" \/><\/a> <a href=\"http:\/\/oasisfm935.com\/site\/wp-content\/uploads\/2019\/07\/IMG-20190630-WA0024.jpg\"><img loading=\"lazy\" decoding=\"async\" class=\"alignnone size-full wp-image-2208\" src=\"http:\/\/oasisfm935.com\/site\/wp-content\/uploads\/2019\/07\/IMG-20190630-WA0024.jpg\" alt=\"\" width=\"1280\" height=\"853\" srcset=\"https:\/\/oasisfm935.com.ar\/site\/wp-content\/uploads\/2019\/07\/IMG-20190630-WA0024.jpg 1280w, https:\/\/oasisfm935.com.ar\/site\/wp-content\/uploads\/2019\/07\/IMG-20190630-WA0024-300x200.jpg 300w, https:\/\/oasisfm935.com.ar\/site\/wp-content\/uploads\/2019\/07\/IMG-20190630-WA0024-768x512.jpg 768w, https:\/\/oasisfm935.com.ar\/site\/wp-content\/uploads\/2019\/07\/IMG-20190630-WA0024-1024x682.jpg 1024w\" sizes=\"auto, (max-width: 1280px) 100vw, 1280px\" \/><\/a> <a href=\"http:\/\/oasisfm935.com\/site\/wp-content\/uploads\/2019\/07\/IMG-20190630-WA0030.jpg\"><img loading=\"lazy\" decoding=\"async\" class=\"alignnone size-full wp-image-2209\" src=\"http:\/\/oasisfm935.com\/site\/wp-content\/uploads\/2019\/07\/IMG-20190630-WA0030.jpg\" alt=\"\" width=\"1280\" height=\"853\" srcset=\"https:\/\/oasisfm935.com.ar\/site\/wp-content\/uploads\/2019\/07\/IMG-20190630-WA0030.jpg 1280w, https:\/\/oasisfm935.com.ar\/site\/wp-content\/uploads\/2019\/07\/IMG-20190630-WA0030-300x200.jpg 300w, https:\/\/oasisfm935.com.ar\/site\/wp-content\/uploads\/2019\/07\/IMG-20190630-WA0030-768x512.jpg 768w, https:\/\/oasisfm935.com.ar\/site\/wp-content\/uploads\/2019\/07\/IMG-20190630-WA0030-1024x682.jpg 1024w\" sizes=\"auto, (max-width: 1280px) 100vw, 1280px\" \/><\/a><\/p><\/blockquote>\n<p>La parte musical, estuvo amenizada por ,Marcos Freire\u00a0 que hizo\u00a0 un amplio repertorio recorriendo varios estilos musicales.<\/p>\n<p><a href=\"http:\/\/oasisfm935.com\/site\/wp-content\/uploads\/2019\/07\/IMG-20190630-WA0023.jpg\"><img loading=\"lazy\" decoding=\"async\" class=\"alignnone size-full wp-image-2210\" src=\"http:\/\/oasisfm935.com\/site\/wp-content\/uploads\/2019\/07\/IMG-20190630-WA0023.jpg\" alt=\"\" width=\"1280\" height=\"853\" srcset=\"https:\/\/oasisfm935.com.ar\/site\/wp-content\/uploads\/2019\/07\/IMG-20190630-WA0023.jpg 1280w, https:\/\/oasisfm935.com.ar\/site\/wp-content\/uploads\/2019\/07\/IMG-20190630-WA0023-300x200.jpg 300w, https:\/\/oasisfm935.com.ar\/site\/wp-content\/uploads\/2019\/07\/IMG-20190630-WA0023-768x512.jpg 768w, https:\/\/oasisfm935.com.ar\/site\/wp-content\/uploads\/2019\/07\/IMG-20190630-WA0023-1024x682.jpg 1024w\" sizes=\"auto, (max-width: 1280px) 100vw, 1280px\" \/><\/a> <a href=\"http:\/\/oasisfm935.com\/site\/wp-content\/uploads\/2019\/07\/IMG-20190630-WA0025.jpg\"><img loading=\"lazy\" decoding=\"async\" class=\"alignnone size-full wp-image-2211\" src=\"http:\/\/oasisfm935.com\/site\/wp-content\/uploads\/2019\/07\/IMG-20190630-WA0025.jpg\" alt=\"\" width=\"1280\" height=\"853\" srcset=\"https:\/\/oasisfm935.com.ar\/site\/wp-content\/uploads\/2019\/07\/IMG-20190630-WA0025.jpg 1280w, https:\/\/oasisfm935.com.ar\/site\/wp-content\/uploads\/2019\/07\/IMG-20190630-WA0025-300x200.jpg 300w, https:\/\/oasisfm935.com.ar\/site\/wp-content\/uploads\/2019\/07\/IMG-20190630-WA0025-768x512.jpg 768w, https:\/\/oasisfm935.com.ar\/site\/wp-content\/uploads\/2019\/07\/IMG-20190630-WA0025-1024x682.jpg 1024w\" sizes=\"auto, (max-width: 1280px) 100vw, 1280px\" \/><\/a> <a href=\"http:\/\/oasisfm935.com\/site\/wp-content\/uploads\/2019\/07\/IMG-20190630-WA0035.jpg\"><img loading=\"lazy\" decoding=\"async\" class=\"alignnone size-full wp-image-2212\" src=\"http:\/\/oasisfm935.com\/site\/wp-content\/uploads\/2019\/07\/IMG-20190630-WA0035.jpg\" alt=\"\" width=\"1280\" height=\"853\" srcset=\"https:\/\/oasisfm935.com.ar\/site\/wp-content\/uploads\/2019\/07\/IMG-20190630-WA0035.jpg 1280w, https:\/\/oasisfm935.com.ar\/site\/wp-content\/uploads\/2019\/07\/IMG-20190630-WA0035-300x200.jpg 300w, https:\/\/oasisfm935.com.ar\/site\/wp-content\/uploads\/2019\/07\/IMG-20190630-WA0035-768x512.jpg 768w, https:\/\/oasisfm935.com.ar\/site\/wp-content\/uploads\/2019\/07\/IMG-20190630-WA0035-1024x682.jpg 1024w\" sizes=\"auto, (max-width: 1280px) 100vw, 1280px\" \/><\/a> <a href=\"http:\/\/oasisfm935.com\/site\/wp-content\/uploads\/2019\/07\/IMG-20190630-WA0036.jpg\"><img loading=\"lazy\" decoding=\"async\" class=\"alignnone size-full wp-image-2213\" src=\"http:\/\/oasisfm935.com\/site\/wp-content\/uploads\/2019\/07\/IMG-20190630-WA0036.jpg\" alt=\"\" width=\"1280\" height=\"853\" srcset=\"https:\/\/oasisfm935.com.ar\/site\/wp-content\/uploads\/2019\/07\/IMG-20190630-WA0036.jpg 1280w, https:\/\/oasisfm935.com.ar\/site\/wp-content\/uploads\/2019\/07\/IMG-20190630-WA0036-300x200.jpg 300w, https:\/\/oasisfm935.com.ar\/site\/wp-content\/uploads\/2019\/07\/IMG-20190630-WA0036-768x512.jpg 768w, https:\/\/oasisfm935.com.ar\/site\/wp-content\/uploads\/2019\/07\/IMG-20190630-WA0036-1024x682.jpg 1024w\" sizes=\"auto, (max-width: 1280px) 100vw, 1280px\" \/><\/a> <a href=\"http:\/\/oasisfm935.com\/site\/wp-content\/uploads\/2019\/07\/IMG-20190630-WA0037.jpg\"><img loading=\"lazy\" decoding=\"async\" class=\"alignnone size-full wp-image-2214\" src=\"http:\/\/oasisfm935.com\/site\/wp-content\/uploads\/2019\/07\/IMG-20190630-WA0037.jpg\" alt=\"\" width=\"1280\" height=\"853\" srcset=\"https:\/\/oasisfm935.com.ar\/site\/wp-content\/uploads\/2019\/07\/IMG-20190630-WA0037.jpg 1280w, https:\/\/oasisfm935.com.ar\/site\/wp-content\/uploads\/2019\/07\/IMG-20190630-WA0037-300x200.jpg 300w, https:\/\/oasisfm935.com.ar\/site\/wp-content\/uploads\/2019\/07\/IMG-20190630-WA0037-768x512.jpg 768w, https:\/\/oasisfm935.com.ar\/site\/wp-content\/uploads\/2019\/07\/IMG-20190630-WA0037-1024x682.jpg 1024w\" sizes=\"auto, (max-width: 1280px) 100vw, 1280px\" \/><\/a><\/p>\n<p>Agradecemos a <a class=\"_64-f\" href=\"https:\/\/www.facebook.com\/vimfotografia\/\">VIM Fotograf\u00eda<\/a> por compartir sus Im\u00e1genes.<\/p>\n<div class=\"oasis-despues-del-contenido\" id=\"oasis-38076156\"><img loading=\"lazy\" decoding=\"async\" src=\"https:\/\/oasisfm935.com.ar\/site\/wp-content\/uploads\/2020\/08\/47806202-8741-49f2-a5c9-d2f930e5baa1.jpg\" alt=\"\"  srcset=\"https:\/\/oasisfm935.com.ar\/site\/wp-content\/uploads\/2020\/08\/47806202-8741-49f2-a5c9-d2f930e5baa1.jpg 1080w, https:\/\/oasisfm935.com.ar\/site\/wp-content\/uploads\/2020\/08\/47806202-8741-49f2-a5c9-d2f930e5baa1-300x300.jpg 300w, https:\/\/oasisfm935.com.ar\/site\/wp-content\/uploads\/2020\/08\/47806202-8741-49f2-a5c9-d2f930e5baa1-1024x1024.jpg 1024w, https:\/\/oasisfm935.com.ar\/site\/wp-content\/uploads\/2020\/08\/47806202-8741-49f2-a5c9-d2f930e5baa1-150x150.jpg 150w, https:\/\/oasisfm935.com.ar\/site\/wp-content\/uploads\/2020\/08\/47806202-8741-49f2-a5c9-d2f930e5baa1-768x768.jpg 768w\" sizes=\"(max-width: 1080px) 100vw, 1080px\" class=\"no-lazyload\" width=\"1080\" height=\"1080\"  style=\"display: inline-block;\" \/><\/div>","protected":false},"excerpt":{"rendered":"<p>En la ma\u00f1ana del domingo , a la hora 11:30, dio comienzo el encuentro del Cumelen, el cual se desarroll\u00f3 en el<\/p>\n","protected":false},"author":4,"featured_media":2219,"comment_status":"closed","ping_status":"open","sticky":false,"template":"","format":"standard","meta":{"colormag_page_layout":"default_layout","footnotes":""},"categories":[2],"tags":[],"class_list":["post-2198","post","type-post","status-publish","format-standard","has-post-thumbnail","hentry","category-noticias"],"_links":{"self":[{"href":"https:\/\/oasisfm935.com.ar\/site\/wp-json\/wp\/v2\/posts\/2198","targetHints":{"allow":["GET"]}}],"collection":[{"href":"https:\/\/oasisfm935.com.ar\/site\/wp-json\/wp\/v2\/posts"}],"about":[{"href":"https:\/\/oasisfm935.com.ar\/site\/wp-json\/wp\/v2\/types\/post"}],"author":[{"embeddable":true,"href":"https:\/\/oasisfm935.com.ar\/site\/wp-json\/wp\/v2\/users\/4"}],"replies":[{"embeddable":true,"href":"https:\/\/oasisfm935.com.ar\/site\/wp-json\/wp\/v2\/comments?post=2198"}],"version-history":[{"count":3,"href":"https:\/\/oasisfm935.com.ar\/site\/wp-json\/wp\/v2\/posts\/2198\/revisions"}],"predecessor-version":[{"id":2218,"href":"https:\/\/oasisfm935.com.ar\/site\/wp-json\/wp\/v2\/posts\/2198\/revisions\/2218"}],"wp:featuredmedia":[{"embeddable":true,"href":"https:\/\/oasisfm935.com.ar\/site\/wp-json\/wp\/v2\/media\/2219"}],"wp:attachment":[{"href":"https:\/\/oasisfm935.com.ar\/site\/wp-json\/wp\/v2\/media?parent=2198"}],"wp:term":[{"taxonomy":"category","embeddable":true,"href":"https:\/\/oasisfm935.com.ar\/site\/wp-json\/wp\/v2\/categories?post=2198"},{"taxonomy":"post_tag","embeddable":true,"href":"https:\/\/oasisfm935.com.ar\/site\/wp-json\/wp\/v2\/tags?post=2198"}],"curies":[{"name":"wp","href":"https:\/\/api.w.org\/{rel}","templated":true}]}}